{"id":1609,"date":"2012-03-13T10:02:40","date_gmt":"2012-03-13T09:02:40","guid":{"rendered":"http:\/\/www.ladislavjakl.cz\/?p=1609"},"modified":"2012-03-13T10:02:40","modified_gmt":"2012-03-13T09:02:40","slug":"jakl-v-europarlamentu-clovek-onemocni-zblbne-nebo-utece-tam-klaus-neskonci","status":"publish","type":"post","link":"https:\/\/www.ladislavjakl.cz\/?p=1609","title":{"rendered":"Jakl: V europarlamentu \u010dlov\u011bk onemocn\u00ed, zblbne nebo ute\u010de. Tam Klaus neskon\u010d\u00ed"},"content":{"rendered":"<p>P\u0159\u00edm\u00e1 volba prezidenta n\u00e1s v\u0161echny je\u0161t\u011b hodn\u011b p\u0159ekvap\u00ed. Mysl\u00ed si to  tajemn\u00edk prezidenta republiky Ladislav Jakl. V rozhovoru, kter\u00fd poskytl  sobotn\u00edmu Pr\u00e1vu, tak\u00e9 znovu vyvrac\u00ed, \u017ee by se snad V\u00e1clav Klaus po  opu\u0161t\u011bn\u00ed prezidentsk\u00e9ho \u00fa\u0159adu cht\u011bl anga\u017eovat v Evropsk\u00e9m parlamentu.<\/p>\n<p><!--more--><\/p>\n<p>\u201eUm\u00edm si to p\u0159edstavit jedin\u011b za p\u0159edpokladu, \u017ee by se z V\u00e1clava Klause  na star\u00e1 kolena stal masochista,\u201c konstatuje Jakl v rozhovoru a  dopl\u0148uje, \u017ee \u201e\u010dlov\u011bk, kter\u00fd vejde do t\u011bchto budov (do Evropsk\u00e9ho  parlamentu \u2013 pozn.red.), mus\u00ed dostat kop\u0159ivku jen z t\u00e9 atmosf\u00e9ry, kter\u00e1  tam panuje. Norm\u00e1ln\u00ed \u010dlov\u011bk tam mus\u00ed bu\u010f onemocn\u011bt, zblbnout nebo  ut\u00e9ct.\u201c Tuto nepodlo\u017eenou spekulaci v\u0161ak vyvr\u00e1til s\u00e1m prezident p\u0159i  p\u0159edstavov\u00e1n\u00ed sv\u00e9 knihy Rok dev\u00e1t\u00fd.<\/p>\n<p><strong>Soud s V\u011bcmi ve\u0159ejn\u00fdmi a medi\u00e1ln\u00ed divadlo<\/strong><\/p>\n<p>\u201eEvropsk\u00fd parlament m\u011b do t\u00e9to vte\u0159iny, do dne\u0161\u00edch deseti hodin a sedmi  minut, ne\u017e ta ot\u00e1zka zazn\u011bla, opravdu nenapadl, to \u0159\u00edk\u00e1m zcela  jednozna\u010dn\u011b,\u201c reagoval Klaus ve st\u0159edu v Masarykov\u011b knihovn\u011b Pra\u017esk\u00e9ho  hradu na dotaz jednoho z novin\u00e1\u0159\u016f.<\/p>\n<p>Ladislav Jakl v Pr\u00e1vu tak\u00e9 obhajuje prezident\u016fv koment\u00e1\u0159 k  prob\u00edhaj\u00edc\u00edmu soudu mezi p\u0159edsedou poslanc\u016f VV V\u00edtem B\u00e1rtou a ex\u010dleny  strany Jaroslavem \u0160k\u00e1rkou a Krist\u00fdnou Ko\u010d\u00ed. V\u00e1clav Klaus k tomu toti\u017e  pou\u017eil slova jako nap\u0159\u00edklad absurdn\u00ed reality show. V n\u011bkter\u00fdch m\u00e9di\u00edch  se pak za to na n\u011bho snesla kritika, \u017ee se vkl\u00e1d\u00e1 do soudn\u00edho jedn\u00e1n\u00ed.<\/p>\n<p>K tomu v\u0161ak Jakl uv\u00e1d\u00ed, \u017ee prezident t\u00edm nejsp\u00ed\u0161 myslel \u201emedi\u00e1ln\u00ed  divadlo\u201c, kter\u00e9 okolo soudn\u00edho sporu prob\u00edh\u00e1, i podle n\u011bho je to pr\u00fd  velk\u00fd jarmak. Redakce n\u011bkter\u00fdch m\u00e9di\u00ed na n\u011bho pr\u00fd p\u016fsob\u00ed tak, \u017ee tvorba  novin pro n\u011b nen\u00ed hlavn\u00ed \u010dinnost\u00ed. \u201eTou hlavn\u00ed je hr\u00e1t to s n\u011bk\u00fdm a hr\u00e1t  to proti n\u011bkomu. Z t\u011bch novin to p\u0159\u00edmo \u010di\u0161\u00ed a zrovna na p\u016fdorysu t\u00e9to  kauzy velmi n\u00e1zorn\u011b a zjevn\u011b,\u201c je p\u0159esv\u011bd\u010den prezident\u016fv tajemn\u00edk a  \u0159editel politick\u00e9ho odboru Hradu.<\/p>\n<p>Zda se V\u00e1clav Klaus bude d\u00e1le cht\u00edt \u00fa\u010dastnit d\u011bn\u00ed ve vysok\u00e9 politice  pat\u0159\u00ed podle Jaklov\u00fdch slov jen do sv\u011bta spekulac\u00ed. Naopak zcela jist\u00e9  podle n\u011bho je anga\u017em\u00e1 prezidenta v nyn\u00ed chystan\u00e9m Institutu V\u00e1clava  Klause, co\u017e ale nen\u00ed nijak p\u0159ekvapiv\u00e9, nebo\u0165 s\u00e1m Klaus to l\u00e9ta n\u011bco  podobn\u00e9ho nazna\u010doval.<\/p>\n<p><strong>Institut V\u00e1clava Klause pr\u00fd bude skute\u010dn\u011b fungovat. Ne jako Havlova knihovna<\/strong><\/p>\n<p>Do Institutu V\u00e1clava Klause, kter\u00fd nyn\u00ed proch\u00e1z\u00ed registrac\u00ed a dal\u0161\u00ed  p\u0159\u00edpravou, se po uplynut\u00ed prezidentsk\u00e9ho mand\u00e1tu sou\u010dasn\u00e9 hlavy st\u00e1tu  pot\u00e9 za\u010dlen\u00ed i sou\u010dasn\u00e9 Centrum pro ekonomiku a politiku (CEP), think  tank, kter\u00fd Klaus spolu s n\u011bkolika spolupracovn\u00edky zalo\u017eil v roce 1998.<\/p>\n<p>Na dotaz, \u010d\u00edm se bude tento institut li\u0161it od Knihovny V\u00e1clava Havla,  Jakl odpov\u00edd\u00e1 v Pr\u00e1vu jednodu\u0161e: \u201eT\u00edm, \u017ee se d\u00e1 o\u010dek\u00e1vat, \u017ee bude  skute\u010dn\u011b fungovat,\u201c nar\u00e1\u017e\u00ed tajemn\u00edk na dlouh\u00e9 roky p\u0159ipravovan\u00fd projekt  Havlovy prezidentsk\u00e9 knihovny. Podobn\u011b si na p\u0159edstaven\u00ed Roku dev\u00e1t\u00e9ho  r\u00fdpnul i s\u00e1m prezident Klaus.<\/p>\n<p>V\u0161ichni dle Jaklova m\u00edn\u011bn\u00ed budeme p\u0159ekvapeni z v\u00fdvoje v p\u0159\u00edm\u00e9  prezidentsk\u00e9 volb\u011b. Ten se toti\u017e domn\u00edv\u00e1, \u017ee se je\u0161t\u011b objev\u00ed dal\u0161\u00ed  kandid\u00e1ti, o kter\u00fdch bu\u010f v\u016fbec nev\u00edme nebo je zn\u00e1me, ale nenapad\u00e1 n\u00e1s,  \u017ee by mohli kandidovat. \u201eV\u0161ichni, kdo si mysl\u00ed, \u017ee p\u016fjde v\u0161echno tak,  jak se n\u00e1m te\u010f jev\u00ed z m\u00e9di\u00ed, jsou hodn\u011b naivn\u00ed,\u201c dod\u00e1v\u00e1 k tomu Ladislav  Jakl.<\/p>\n<p><a href=\"http:\/\/www.parlamentnilisty.cz\/zpravy\/Jakl-V-europarlamentu-clovek-onemocni-zblbne-nebo-utece-Tam-Klaus-neskonci-225503\" target=\"_blank\">Zdroj<\/a><\/p>\n","protected":false},"excerpt":{"rendered":"<p>P\u0159\u00edm\u00e1 volba prezidenta n\u00e1s v\u0161echny je\u0161t\u011b hodn\u011b p\u0159ekvap\u00ed. Mysl\u00ed si to tajemn\u00edk prezidenta republiky Ladislav Jakl. V rozhovoru, kter\u00fd poskytl sobotn\u00edmu Pr\u00e1vu, tak\u00e9 znovu vyvrac\u00ed, \u017ee by se snad V\u00e1clav Klaus po opu\u0161t\u011bn\u00ed prezidentsk\u00e9ho \u00fa\u0159adu cht\u011bl anga\u017eovat v Evropsk\u00e9m parlamentu.<\/p>\n","protected":false},"author":1,"featured_media":0,"comment_status":"open","ping_status":"open","sticky":false,"template":"","format":"standard","meta":{"ngg_post_thumbnail":0,"footnotes":""},"categories":[11],"tags":[],"class_list":["post-1609","post","type-post","status-publish","format-standard","hentry","category-ozvena"],"_links":{"self":[{"href":"https:\/\/www.ladislavjakl.cz\/index.php?rest_route=\/wp\/v2\/posts\/1609","targetHints":{"allow":["GET"]}}],"collection":[{"href":"https:\/\/www.ladislavjakl.cz\/index.php?rest_route=\/wp\/v2\/posts"}],"about":[{"href":"https:\/\/www.ladislavjakl.cz\/index.php?rest_route=\/wp\/v2\/types\/post"}],"author":[{"embeddable":true,"href":"https:\/\/www.ladislavjakl.cz\/index.php?rest_route=\/wp\/v2\/users\/1"}],"replies":[{"embeddable":true,"href":"https:\/\/www.ladislavjakl.cz\/index.php?rest_route=%2Fwp%2Fv2%2Fcomments&post=1609"}],"version-history":[{"count":1,"href":"https:\/\/www.ladislavjakl.cz\/index.php?rest_route=\/wp\/v2\/posts\/1609\/revisions"}],"predecessor-version":[{"id":1610,"href":"https:\/\/www.ladislavjakl.cz\/index.php?rest_route=\/wp\/v2\/posts\/1609\/revisions\/1610"}],"wp:attachment":[{"href":"https:\/\/www.ladislavjakl.cz\/index.php?rest_route=%2Fwp%2Fv2%2Fmedia&parent=1609"}],"wp:term":[{"taxonomy":"category","embeddable":true,"href":"https:\/\/www.ladislavjakl.cz\/index.php?rest_route=%2Fwp%2Fv2%2Fcategories&post=1609"},{"taxonomy":"post_tag","embeddable":true,"href":"https:\/\/www.ladislavjakl.cz\/index.php?rest_route=%2Fwp%2Fv2%2Ftags&post=1609"}],"curies":[{"name":"wp","href":"https:\/\/api.w.org\/{rel}","templated":true}]}}