{"id":1611,"date":"2012-03-13T10:04:53","date_gmt":"2012-03-13T09:04:53","guid":{"rendered":"http:\/\/www.ladislavjakl.cz\/?p=1611"},"modified":"2012-03-13T10:04:53","modified_gmt":"2012-03-13T09:04:53","slug":"klaus-do-eu-to-by-se-z-nej-stal-na-stara-kolena-masochista-rika-ladislav-jakl","status":"publish","type":"post","link":"https:\/\/www.ladislavjakl.cz\/?p=1611","title":{"rendered":"Klaus do EU? To by se z n\u011bj stal na star\u00e1 kolena masochista, \u0159\u00edk\u00e1 Ladislav Jakl"},"content":{"rendered":"<p>\u0158editel politick\u00e9ho odboru Kancel\u00e1\u0159e prezidenta republiky Ladislav Jakl v  rozhovoru pro Pr\u00e1vo komentoval nejr\u016fzn\u011bj\u0161\u00ed spekulace, co by mohl V\u00e1clav  Klaus po odchodu z funkce d\u011blat. \u0158ekl tak\u00e9, \u017ee s bl\u00ed\u017e\u00edc\u00ed se p\u0159\u00edmou  volbou prezidenta budou lid\u00e9 nejv\u00edce sklo\u0148ovat \u00fapln\u011b jin\u00e1 jm\u00e9na, ne\u017e o  jak\u00fdch se nyn\u00ed mluv\u00ed nej\u010dast\u011bji.<\/p>\n<p><!--more--><\/p>\n<h4>Pane tajemn\u00edku, politikou a m\u00e9dii nejv\u00edce h\u00fdbe soud se \u0161\u00e9fem poslanc\u016f VV V\u00edtem B\u00e1rtou a v\u00e9\u010dka\u0159sk\u00fdm odpadl\u00edkem Jaroslavem \u0160k\u00e1rkou. Prezident V\u00e1clav Klaus mluvil o absurdn\u00ed reality show, kter\u00e1 ni\u010d\u00ed politick\u00fd syst\u00e9m. Jak p\u0159\u00edpad vn\u00edm\u00e1te vy?<\/h4>\n<p>Kdy\u017e  prezident\u016fv v\u00fdrok zazn\u011bl, tak jsem u toho nebyl, ale nemysl\u00edm si, \u017ee by  t\u00edm myslel proces s\u00e1m. Ten asi prob\u00edh\u00e1, jak prob\u00edhat mus\u00ed za dan\u00fdch  okolnost\u00ed. Je dost mo\u017en\u00e9, \u017ee t\u00edm myslel medi\u00e1ln\u00ed divadlo. A to za velk\u00fd  jarmark pova\u017euji i j\u00e1. A roli mnoha m\u00e9di\u00ed v t\u00e9to kauze nepova\u017euji za  \u010destnou.<\/p>\n<h4>Pro\u010d?<\/h4>\n<p>N\u011bkter\u00e9 redakce na m\u011b p\u016fsob\u00ed i dojmem,  \u017ee d\u011blat noviny je pro n\u011b jen vedlej\u0161\u00ed \u010dinnost\u00ed a tou hlavn\u00ed je hr\u00e1t to s  n\u011bk\u00fdm a hr\u00e1t to proti n\u011bkomu. Z t\u011bch novin to p\u0159\u00edmo \u010di\u0161\u00ed a zrovna na  p\u016fdorysu t\u00e9to kauzy velmi n\u00e1zorn\u011b a zjevn\u011b.<\/p>\n<h4>Nek\u0159ivd\u00edte n\u00e1m novin\u00e1\u0159\u016fm? Je p\u0159ece logick\u00e9 o\u010dek\u00e1vat takov\u00fd z\u00e1jem, kdy\u017e jde o tuto politickou kauzu.<\/h4>\n<p>J\u00e1  z\u00e1jem nikomu nevy\u010d\u00edt\u00e1m. J\u00e1 vy\u010d\u00edt\u00e1m nekorektn\u00ed a zaujat\u00fd, a to do o\u010d\u00ed  bij\u00edc\u00ed zp\u016fsob informov\u00e1n\u00ed o t\u00e9to v\u011bci. Jinak sama o sob\u011b m\u011b n\u011bjak moc  nezaj\u00edm\u00e1 a nebav\u00ed.<\/p>\n<h4>Klaus m\u00e1 s B\u00e1rtou dobr\u00e9 vztahy. Dovedl byste  si p\u0159edstavit, \u017ee v p\u0159\u00edpad\u011b, \u017ee by B\u00e1rta byl odsouzen, by ho prezident  omilostnil? S\u00e1m jste ned\u00e1vno ud\u011blov\u00e1n\u00ed milost\u00ed h\u00e1jil slovy, \u017ee jde o  subjektivn\u00ed v\u011bc.<\/h4>\n<p>To je zvl\u00e1\u0161tn\u00ed, kolik novin\u00e1\u0159\u016f m\u011b zkou\u0161\u00ed z  m\u00e9 p\u0159edstavivosti. Ano, moje p\u0159edstavivost je velik\u00e1. Um\u00edm si p\u0159edstavit  r\u016fzn\u00e9 v\u011bci, ale nev\u00edm, jak je to pro v\u00e1s d\u016fle\u017eit\u00e9 \u2212 informace o m\u00e9  p\u0159edstavivosti.<\/p>\n<h4>Sp\u00ed\u0161e je d\u016fle\u017eit\u00e1 p\u0159edstava, zda by obecn\u011b prezident mohl v\u016fbec omilostnit jak\u00e9hokoli odsouzen\u00e9ho politika\u2026<\/h4>\n<p>Nev\u00edm. A spekulovat na to t\u00e9ma m\u011b nijak nemotivuje. Fakt ne.<\/p>\n<h4>A je to re\u00e1ln\u00e1, nebo naprosto absurdn\u00ed p\u0159edstava?<\/h4>\n<p>V\u016fbec nem\u00e1m motivaci d\u00e1vat t\u00e9 p\u0159edstav\u011b n\u011bjak\u00e1 hodnot\u00edc\u00ed znam\u00e9nka.<\/p>\n<h4>Mysl\u00edte, \u017ee Klaus v politice z\u016fstane? P\u0159\u00edpadn\u011b v jak\u00e9 form\u011b?<\/h4>\n<p>Asi  v\u00e1s to p\u0159ekvap\u00ed, ale na toto t\u00e9ma jsem na Hrad\u011b nikdy nesly\u0161el ani  jednu v\u011btu, zat\u00edmco m\u00e9dia tato my\u0161lenka nepochybn\u011b tr\u00e1p\u00ed a vede k r\u016fzn\u00fdm  divok\u00fdm spekulac\u00edm, kter\u00e9 va\u0159\u00ed z vody. Rok je hodn\u011b dlouh\u00e1 doba. Mysl\u00edm  si, \u017ee pro odp\u016frce V\u00e1clava Klause je to nejhor\u0161\u00ed, \u017ee za\u010d\u00ednaj\u00ed sv\u00e9  odpo\u010d\u00edt\u00e1v\u00e1n\u00ed, proto\u017ee se jim to je\u0161t\u011b hezky prodlou\u017e\u00ed a bude se jim to  zd\u00e1t nesnesiteln\u011b dlouho.<\/p>\n<h4>V roce 2014 budou volby do Evropsk\u00e9ho  parlamentu, prezident by mohl sv\u00fdmi n\u00e1zory oslovit \u0159adu lid\u00ed, mohla by  mu nahr\u00e1vat protiunijn\u00ed atmosf\u00e9ra. Je zcela nere\u00e1ln\u00e9. \u017ee by se Klaus  pokusil reformovat EU zevnit\u0159 jako europoslanec?<\/h4>\n<p>\u017d\u00e1dnou  takovou \u00favahu jsem ani od prezidenta, ani tady v okol\u00ed nikdy nesly\u0161el. A  za sebe k tomu dod\u00e1v\u00e1m, \u017ee si to um\u00edm p\u0159edstavit jedin\u011b za p\u0159edpokladu,  \u017ee by se z V\u00e1clava Klause na star\u00e1 kolena stal masochista. \u010clov\u011bk,  kter\u00fd vejde do t\u011bch budov, mus\u00ed dostat kop\u0159ivku jen z t\u00e9 atmosf\u00e9ry,  kter\u00e1 tam panuje. Norm\u00e1ln\u00ed \u010dlov\u011bk tam mus\u00ed bu\u010f onemocn\u011bt, zblbnout nebo  ut\u00e9ct.<\/p>\n<h4>Ale s t\u00edm, \u017ee Klaus z\u016fstane politicky aktivn\u00ed, po\u010d\u00edt\u00e1te.<\/h4>\n<p>Nev\u00edm,  jestli slovo politicky je \u00fapln\u011b spr\u00e1vn\u00e9. Obratem politicky aktivn\u00ed  ch\u00e1peme \u00fa\u010dast velmi \u00fazce, jako zapojen\u00ed se do politick\u00e9 sout\u011b\u017ee. Ur\u010dit\u011b  bych pou\u017e\u00edval obecn\u011bj\u0161\u00edho v\u00fdrazu spole\u010densky aktivn\u00ed. To jsem  p\u0159esv\u011bd\u010den, \u017ee ur\u010dit\u011b bude. Bude studovat, p\u0159em\u00fd\u0161let, publikovat,  ve\u0159ejn\u011b vystupovat, mluvit, podporovat my\u0161lenky, kter\u00e9 pova\u017euje za  spr\u00e1vn\u00e9, kritizovat, co si podle jeho p\u0159esv\u011bd\u010den\u00ed kritiku zaslou\u017e\u00ed.<\/p>\n<h4>Na konci \u00fanora prezident zalo\u017eil se sv\u00fdmi syny Institut V\u00e1clava Klause. Bude tedy spole\u010densk\u00e9 d\u011bn\u00ed glosovat z t\u00e9to pozice?<\/h4>\n<p>To,  \u017ee pan prezident hodl\u00e1 po skon\u010den\u00ed mand\u00e1tu mimo jin\u00e9 soust\u0159edit svou  pozornost na n\u011bjak\u00fd think tank, \u0159\u00edk\u00e1 mnoho let. V tom nen\u00ed \u017e\u00e1dn\u00fd obrat.  To, \u010demu vy \u0159\u00edk\u00e1te zalo\u017een\u00ed, je registrace, jeden z nutn\u00fdch pr\u00e1vn\u00edch  \u00fakon\u016f, kter\u00e9 je t\u0159eba ud\u011blat, aby to, co je dnes Centrem pro ekonomiku a  politiku (CEP), se po skon\u010den\u00ed prezidentsk\u00e9ho mand\u00e1tu transformovalo v  instituci, kter\u00e1 bude m\u00edt v\u011bt\u0161\u00ed v\u00e1hu, bude aktivn\u011bj\u0161\u00ed.<\/p>\n<p>Zat\u00edmco  dnes Centru pro ekonomiku a politiku v\u011bnuje pan prezident tak p\u011bt  procent sv\u00e9 energie a sv\u00e9ho \u201e\u00favazku\u201c, tak procento nepochybn\u011b stoupne,  kdy\u017e u\u017e nebude m\u00edt povinnosti prezidenta republiky.<\/p>\n<h4>Projekt  prezidentsk\u00e9 knihovny tu jeden je. Jak se bude Institut V\u00e1clava Klause  li\u0161it od Knihovny V\u00e1clava Havla krom\u011b ideologick\u00e9ho z\u00e1kladu?<\/h4>\n<p>T\u00edm, \u017ee se d\u00e1 o\u010dek\u00e1vat, \u017ee bude skute\u010dn\u011b fungovat.<\/p>\n<h4>M\u00e1te p\u0159edstavu, co budete d\u011blat po odchodu z Hradu? Je va\u0161e budoucnost tak\u00e9 spjata s Klausov\u00fdm institutem?<\/h4>\n<p>Souvis\u00ed  to velmi \u00fazce s m\u00fdm naturelem. J\u00e1 jsem si nikdy v \u017eivot\u011b svou kari\u00e9ru  nepl\u00e1noval, nebudoval, nikdy jsem o n\u00ed dop\u0159edu n\u011bjak konstruktivisticky  nep\u0159em\u00fd\u0161lel. Jenom jsem v\u017edycky v\u011bd\u011bl, \u017ee chci d\u011blat, \u010demu v\u011b\u0159\u00edm, co m\u00e1m  r\u00e1d, \u0159\u00edkat, co si mysl\u00edm a o \u010dem jsem p\u0159esv\u011bd\u010den. To ur\u010dit\u011b budu, a kam  m\u011b toto zavede d\u00e1l, v\u016fbec nev\u00edm. V tomto jsem docela fatalistou.<\/p>\n<p>V\u00e1clav  Klaus mi n\u011bjakou formu anga\u017em\u00e1 v t\u00e9to instituci nab\u00eddl, proto jsem tak\u00e9  uveden mezi zakladateli. J\u00e1 jsem to p\u0159ijal, ale jak velkou roli to v  m\u00e9m p\u0159\u00ed\u0161t\u00edm \u017eivot\u011b bude hr\u00e1t, jestli okrajovou, nebo hlavn\u00ed, to te\u010f  v\u016fbec je\u0161t\u011b nev\u00edm. Up\u0159\u00edmn\u011b \u0159e\u010deno chu\u0165 zkusit n\u011bco jin\u00e9ho docela m\u00e1m.<\/p>\n<blockquote><p><span><span>Budeme se divit o V\u00e1noc\u00edch, o jak\u00fdch jm\u00e9nech (coby kandid\u00e1tech na prezidenta) se bude bavit \u010desk\u00e1 spole\u010dnost nejv\u00edc.<\/span><\/span><\/p><\/blockquote>\n<h4>Co by to m\u011blo b\u00fdt? Cht\u011bl byste se vr\u00e1tit zase k hudb\u011b?<\/h4>\n<p>R\u00e1d bych m\u011bl na hudbu v\u00edc \u010dasu a mo\u017en\u00e1 budu va\u0159it pivo a mo\u017en\u00e1 n\u011bco \u00fapln\u011b jin\u00e9ho.<\/p>\n<h4>Poj\u010fme  k budoucnosti prezidentsk\u00e9ho \u00fa\u0159adu \u2013 mysl\u00edte si, \u017ee by V\u00e1clav Klaus m\u011bl  je\u0161t\u011b p\u0159ed sv\u00fdm odchodem z Hradu uk\u00e1zat na n\u011bjak\u00e9ho sv\u00e9ho n\u00e1stupce?<\/h4>\n<p>T\u011b\u017eko  \u0159\u00edct. Do n\u00e1s se te\u010f m\u00e9dia sna\u017e\u00ed p\u011bkn\u011b nabiflovat ur\u010dit\u00fd vybran\u00fd okruh  kandid\u00e1t\u016f. Vytv\u00e1\u0159ej\u00ed v n\u00e1s t\u00edm myln\u00e9 zd\u00e1n\u00ed, \u017ee to budou oni, kdo budou  hlavn\u00edmi favority prezidentsk\u00fdch voleb skoro za rok. Nebudou. Jsem si  naprosto jist, \u017ee to budou jm\u00e9na \u00fapln\u011b jin\u00e1.<\/p>\n<h4>Tedy ani jedno ze jmen, kter\u00e1 se objevila? Jan \u00adFi\u00adscher, Karel Schwarzenberg, Miroslava N\u011bmcov\u00e1, Milo\u0161 Zeman, Tomio Okamura\u2026<\/h4>\n<p>Mysl\u00edm  si, \u017ee mezi nejv\u011bt\u0161\u00edmi favority budou jm\u00e9na \u00fapln\u011b jin\u00e1 a \u017ee se ti,  kte\u0159\u00ed dostrkali p\u0159\u00edmou volbu prezidenta a\u017e k jej\u00ed, zd\u00e1 se opravdu  skute\u010dn\u00e9, realizaci, se je\u0161t\u011b hodn\u011b budou divit.<\/p>\n<h4>\u0158\u00edk\u00e1te, \u017ee ta jm\u00e9na nezn\u00e1te, ale p\u0159esto jste si jist\u00fd, \u017ee to budou jm\u00e9na jin\u00e1. Co v\u00e1m d\u00e1v\u00e1 tu jistotu?<\/h4>\n<p>Jistotu  mi d\u00e1v\u00e1 logika. Logika a bli\u017e\u0161\u00ed pohled na to, co p\u0159\u00edm\u00e1 volba um\u00ed a  ud\u011bl\u00e1 se spole\u010dnost\u00ed. Co ud\u011bl\u00e1 reklama, co ud\u011blaj\u00ed velk\u00e9 pen\u00edze, co  ud\u011blaj\u00ed siln\u00e9 vlivov\u00e9 a z\u00e1jmov\u00e9 skupiny. Mysl\u00edm si, \u017ee v\u0161ichni, kdo si  mysl\u00ed, \u017ee p\u016fjde v\u0161echno tak, jak se n\u00e1m te\u010f jev\u00ed z m\u00e9di\u00ed, jsou hodn\u011b  naivn\u00ed.<\/p>\n<h4>Co Milo\u0161 Zeman? Objevila se spekulace, \u017ee by prezident mohl podpo\u0159it pr\u00e1v\u011b Zemana.<\/h4>\n<p>M\u011b  opravdu tyto spekulace z vody nebav\u00ed. Nejsou op\u0159eny v\u016fbec o nic a  hlavn\u011b skute\u010dn\u011b \u0159\u00edk\u00e1m \u2212 budeme se divit o V\u00e1noc\u00edch, o jak\u00fdch jm\u00e9nech se  bude bavit \u010desk\u00e1 spole\u010dnost nejv\u00edc.<\/p>\n<p><strong>Cel\u00fd rozhovor s Ladislavem Jaklem si m\u016f\u017eete p\u0159e\u010d\u00edst v sobotn\u00edm Pr\u00e1vu <\/strong><\/p>\n<p>Zdroj<strong><br \/>\n<\/strong><\/p>\n","protected":false},"excerpt":{"rendered":"<p>\u0158editel politick\u00e9ho odboru Kancel\u00e1\u0159e prezidenta republiky Ladislav Jakl v rozhovoru pro Pr\u00e1vo komentoval nejr\u016fzn\u011bj\u0161\u00ed spekulace, co by mohl V\u00e1clav Klaus po odchodu z funkce d\u011blat. \u0158ekl tak\u00e9, \u017ee s bl\u00ed\u017e\u00edc\u00ed se p\u0159\u00edmou volbou prezidenta budou lid\u00e9 nejv\u00edce sklo\u0148ovat \u00fapln\u011b jin\u00e1 jm\u00e9na, ne\u017e o jak\u00fdch se nyn\u00ed mluv\u00ed nej\u010dast\u011bji.<\/p>\n","protected":false},"author":1,"featured_media":0,"comment_status":"open","ping_status":"open","sticky":false,"template":"","format":"standard","meta":{"ngg_post_thumbnail":0,"footnotes":""},"categories":[11,13],"tags":[],"class_list":["post-1611","post","type-post","status-publish","format-standard","hentry","category-ozvena","category-rozhovory"],"_links":{"self":[{"href":"https:\/\/www.ladislavjakl.cz\/index.php?rest_route=\/wp\/v2\/posts\/1611","targetHints":{"allow":["GET"]}}],"collection":[{"href":"https:\/\/www.ladislavjakl.cz\/index.php?rest_route=\/wp\/v2\/posts"}],"about":[{"href":"https:\/\/www.ladislavjakl.cz\/index.php?rest_route=\/wp\/v2\/types\/post"}],"author":[{"embeddable":true,"href":"https:\/\/www.ladislavjakl.cz\/index.php?rest_route=\/wp\/v2\/users\/1"}],"replies":[{"embeddable":true,"href":"https:\/\/www.ladislavjakl.cz\/index.php?rest_route=%2Fwp%2Fv2%2Fcomments&post=1611"}],"version-history":[{"count":1,"href":"https:\/\/www.ladislavjakl.cz\/index.php?rest_route=\/wp\/v2\/posts\/1611\/revisions"}],"predecessor-version":[{"id":1612,"href":"https:\/\/www.ladislavjakl.cz\/index.php?rest_route=\/wp\/v2\/posts\/1611\/revisions\/1612"}],"wp:attachment":[{"href":"https:\/\/www.ladislavjakl.cz\/index.php?rest_route=%2Fwp%2Fv2%2Fmedia&parent=1611"}],"wp:term":[{"taxonomy":"category","embeddable":true,"href":"https:\/\/www.ladislavjakl.cz\/index.php?rest_route=%2Fwp%2Fv2%2Fcategories&post=1611"},{"taxonomy":"post_tag","embeddable":true,"href":"https:\/\/www.ladislavjakl.cz\/index.php?rest_route=%2Fwp%2Fv2%2Ftags&post=1611"}],"curies":[{"name":"wp","href":"https:\/\/api.w.org\/{rel}","templated":true}]}}