{"id":1619,"date":"2012-05-17T15:49:45","date_gmt":"2012-05-17T13:49:45","guid":{"rendered":"http:\/\/www.ladislavjakl.cz\/?p=1619"},"modified":"2012-05-17T15:48:59","modified_gmt":"2012-05-17T13:48:59","slug":"halik-neni-homosexualni-pedofil-zastal-se-ho-jakl","status":"publish","type":"post","link":"https:\/\/www.ladislavjakl.cz\/?p=1619","title":{"rendered":"Hal\u00edk nen\u00ed homosexu\u00e1ln\u00ed pedofil, zastal se ho Jakl"},"content":{"rendered":"<p>Tajemn\u00edk prezidenta republiky V\u00e1clava Klause Ladislav Jakl se ve sv\u00e9  kr\u00e1tk\u00e9m koment\u00e1\u0159i s n\u00e1zvem Obhajoba \u010dernokn\u011b\u017en\u00edka Hal\u00edka zastal  religionisty a podle vyj\u00e1d\u0159en\u00ed \u010cesk\u00e9 biskupsk\u00e9 konference i katolick\u00e9ho  kn\u011bze Tom\u00e1\u0161e Hal\u00edka. Nen\u00ed podle n\u011bho homosexu\u00e1ln\u00edm pedofilem.<\/p>\n<p><!--more--><\/p>\n<p>\u201eAno, i katolick\u00e1 c\u00edrkev m\u00e1 mezi sv\u00fdmi kn\u011b\u017e\u00edmi \u010dern\u00e9 ovce. Jsou jimi  homosexu\u00e1ln\u00ed pedofilov\u00e9 nebo lid\u00e9 prosycen\u00ed nen\u00e1vist\u00ed. N\u011bkte\u0159\u00ed lid\u00e9 mi  \u0159\u00edkali, \u017ee pater Hal\u00edk reprezentuje ob\u011b skupiny. V tom bych se ho cht\u011bl  zastat, proto\u017ee mi p\u0159ed \u010dasem jedna m\u00e1 zn\u00e1m\u00e1 popisovala, jak vid\u011bla na  ulici patera Hal\u00edka mlsn\u011b se ohl\u00ed\u017eej\u00edc\u00edho po dosp\u011bl\u00e9 \u017een\u011b v minisukni,\u201c  napsal kr\u00e1tce Jakl.<\/p>\n<p>Prezident\u016fv vicekancl\u00e9\u0159 Petr H\u00e1jek ned\u00e1vno zpochybnil kn\u011b\u017estv\u00ed Tom\u00e1\u0161e  Hal\u00edka. Hal\u00edk kritizuje dobr\u00e9 vztahy mezi prezidentem Klausem a \u010deskou  katolickou C\u00edrkv\u00ed, p\u0159edev\u0161\u00edm jej\u00edm hlavn\u00edm p\u0159edstavitelem, pra\u017esk\u00fdm  arcibiskupem Dominikem Dukou.<\/p>\n<p><a href=\"http:\/\/www.parlamentnilisty.cz\/zpravy\/Halik-neni-homosexualni-pedofil-zastal-se-ho-Jakl-225780\" target=\"_blank\">Zdroj<\/a><\/p>\n","protected":false},"excerpt":{"rendered":"<p>Tajemn\u00edk prezidenta republiky V\u00e1clava Klause Ladislav Jakl se ve sv\u00e9 kr\u00e1tk\u00e9m koment\u00e1\u0159i s n\u00e1zvem Obhajoba \u010dernokn\u011b\u017en\u00edka Hal\u00edka zastal religionisty a podle vyj\u00e1d\u0159en\u00ed \u010cesk\u00e9 biskupsk\u00e9 konference i katolick\u00e9ho kn\u011bze Tom\u00e1\u0161e Hal\u00edka. Nen\u00ed podle n\u011bho homosexu\u00e1ln\u00edm pedofilem.<\/p>\n","protected":false},"author":1,"featured_media":0,"comment_status":"open","ping_status":"open","sticky":false,"template":"","format":"standard","meta":{"ngg_post_thumbnail":0,"footnotes":""},"categories":[11],"tags":[],"class_list":["post-1619","post","type-post","status-publish","format-standard","hentry","category-ozvena"],"_links":{"self":[{"href":"https:\/\/www.ladislavjakl.cz\/index.php?rest_route=\/wp\/v2\/posts\/1619","targetHints":{"allow":["GET"]}}],"collection":[{"href":"https:\/\/www.ladislavjakl.cz\/index.php?rest_route=\/wp\/v2\/posts"}],"about":[{"href":"https:\/\/www.ladislavjakl.cz\/index.php?rest_route=\/wp\/v2\/types\/post"}],"author":[{"embeddable":true,"href":"https:\/\/www.ladislavjakl.cz\/index.php?rest_route=\/wp\/v2\/users\/1"}],"replies":[{"embeddable":true,"href":"https:\/\/www.ladislavjakl.cz\/index.php?rest_route=%2Fwp%2Fv2%2Fcomments&post=1619"}],"version-history":[{"count":2,"href":"https:\/\/www.ladislavjakl.cz\/index.php?rest_route=\/wp\/v2\/posts\/1619\/revisions"}],"predecessor-version":[{"id":1836,"href":"https:\/\/www.ladislavjakl.cz\/index.php?rest_route=\/wp\/v2\/posts\/1619\/revisions\/1836"}],"wp:attachment":[{"href":"https:\/\/www.ladislavjakl.cz\/index.php?rest_route=%2Fwp%2Fv2%2Fmedia&parent=1619"}],"wp:term":[{"taxonomy":"category","embeddable":true,"href":"https:\/\/www.ladislavjakl.cz\/index.php?rest_route=%2Fwp%2Fv2%2Fcategories&post=1619"},{"taxonomy":"post_tag","embeddable":true,"href":"https:\/\/www.ladislavjakl.cz\/index.php?rest_route=%2Fwp%2Fv2%2Ftags&post=1619"}],"curies":[{"name":"wp","href":"https:\/\/api.w.org\/{rel}","templated":true}]}}