{"id":1632,"date":"2012-03-19T14:34:14","date_gmt":"2012-03-19T13:34:14","guid":{"rendered":"http:\/\/www.ladislavjakl.cz\/?p=1632"},"modified":"2012-03-19T14:34:14","modified_gmt":"2012-03-19T13:34:14","slug":"prezident-za-15-nebo-30-milionu-o-stropech-se-bude-jednat","status":"publish","type":"post","link":"https:\/\/www.ladislavjakl.cz\/?p=1632","title":{"rendered":"Prezident za 15 nebo 30 milion\u016f? O stropech se bude jednat"},"content":{"rendered":"<p>Praha\u00a0\u2013 Vlak s\u00a0n\u00e1pisem p\u0159\u00edm\u00e1 prezidentsk\u00e1 volba se pomalinku sune do  c\u00edlov\u00e9 stanice. Poslanci ve st\u0159edu v\u00a0prvn\u00edm \u010dten\u00ed schv\u00e1lili vl\u00e1dn\u00ed n\u00e1vrh  z\u00e1kona, kter\u00fd ur\u010duje zp\u016fsob hlasov\u00e1n\u00ed.<\/p>\n<p><!--more--><\/p>\n<p>Te\u010f jim za\u010d\u00edn\u00e1 skute\u010dn\u00e1 pr\u00e1ce. Vl\u00e1da toti\u017e nijak neupravila pr\u016fb\u011bh  kampan\u011b, kter\u00e1 le\u017e\u00ed na srdci hlavn\u011b soci\u00e1ln\u00edm demokrat\u016fm. \u201eNavrhujeme,  aby byl limit 15\u00a0milion\u016f korun, kandid\u00e1ti museli v\u00e9st transparentn\u00ed  \u00fa\u010det, evidovali se d\u00e1rci nad 50\u00a0tis\u00edc korun a firemn\u00ed sponzo\u0159i byli  zak\u00e1z\u00e1ni,\u201c uvedl m\u00edstop\u0159edseda \u010cSSD Lubom\u00edr Zaor\u00e1lek.<\/p>\n<p>ODS \u010di V\u011bci ve\u0159ejn\u00e9 hovo\u0159\u00ed o\u00a0zastropov\u00e1n\u00ed v\u00fddaj\u016f na 30\u00a0milionech.  \u201eKl\u00ed\u010dov\u00e9 je ale stanoven\u00ed sankc\u00ed za p\u0159ekro\u010den\u00ed schv\u00e1len\u00e9ho stropu a  jejich vymahatelnosti,\u201c uvedl \u0161\u00e9f poslanc\u016f ODS Zbyn\u011bk Stanjura. P\u0159ipojil  i\u00a0konkr\u00e9tn\u00ed p\u0159\u00edklady, kter\u00e9 z\u00e1konod\u00e1rci musej\u00ed zohlednit: \u201eJde t\u0159eba  o\u00a0v\u00fdlepy plak\u00e1t\u016f na podporu kandid\u00e1t\u016f bez jejich v\u011bdom\u00ed nebo anonymn\u00ed  p\u0159isp\u011bvatele.\u201c<br \/>\nJakl: Nedomysleli d\u016fsledky<br \/>\nLimity na kampa\u0148 zpochyb\u0148uje nap\u0159\u00edklad prezident\u016fv tajemn\u00edk Ladislav  Jakl. \u201eStropy jsou hloupost. Zaprv\u00e9 se daj\u00ed snadno obch\u00e1zet a jsou tedy  z\u00e1rukou skryt\u00e9ho financov\u00e1n\u00ed kampan\u011b. A\u00a0zadruh\u00e9: ti, kdo  z\u00a0populistick\u00e9ho d\u016fvodu tla\u010dili na p\u0159\u00edmou volbu, v\u016fbec nedomysleli  d\u016fsledky. Te\u010f procitaj\u00ed a z\u00edraj\u00ed, \u017ee by strany mohly b\u00fdt odstaveny  jak\u00fdmkoli zbohatl\u00edkem. A\u00a0mysl\u00ed si, \u017ee stropy jim pom\u016f\u017eou udr\u017eet si  monopol na vstup do politick\u00e9 sout\u011b\u017ee. Je to pokryteck\u00e9,\u201c \u0159ekl Den\u00edku  Ladislav\u00a0Jakl.<\/p>\n<p>Probl\u00e9mem by podle Stanjury naopak nem\u011blo b\u00fdt sh\u00e1n\u011bn\u00ed podpis\u016f pod  peti\u010dn\u00ed archy a jejich kontrola. Vl\u00e1dn\u00ed p\u0159edloha po\u010d\u00edt\u00e1 s\u00a0nam\u00e1tkovou  kontrolou 8500\u00a0podpis\u016f. Jak p\u0159ipomn\u011bl poslanec Stanjura, ve Francii mus\u00ed  uchaze\u010d o\u00a0prezidentsk\u00e9 k\u0159eslo sehnat p\u016fl milionu signat\u00e1\u0159\u016f. Politici se  musej\u00ed s\u00a0nuancemi prov\u00e1d\u011bc\u00edho z\u00e1kona vypo\u0159\u00e1dat tak, aby ve\u0161el  v\u00a0platnost v\u00a0\u0159\u00edjnu. To zaru\u010d\u00ed dodr\u017een\u00ed v\u0161ech lh\u016ft a zvolen\u00ed hlavy st\u00e1tu  do 7.\u00a0b\u0159ezna 2013, kdy kon\u010d\u00ed mand\u00e1t V\u00e1clavu Kalusovi. \u201eUr\u010dit\u011b to  stihneme, mus\u00edme,\u201c sl\u00edbil Lubom\u00edr Zaor\u00e1lek, tedy z\u00e1stupce strany, kter\u00e1  m\u00e1 v\u011bt\u0161inu v\u00a0Sen\u00e1tu. Shodn\u00e9 zn\u011bn\u00ed p\u0159edlohy musej\u00ed podpo\u0159it ob\u011b  parlamentn\u00ed komory.<br \/>\nJak se bude volit hlava st\u00e1tu<\/p>\n<ol>\n<li>Kandid\u00e1ta m\u016f\u017ee navrhnout ka\u017ed\u00fd ob\u010dan \u010cesk\u00e9 republiky, kter\u00fd dos\u00e1hl  v\u011bku 18\u00a0let, podpo\u0159\u00ed-li jeho n\u00e1vrh petice podepsan\u00e1 nejm\u00e9n\u011b 50\u00a0000  ob\u010dany\u00a0\u010cR.<\/li>\n<li>Navrhovat kandid\u00e1ta je opr\u00e1vn\u011bno nejm\u00e9n\u011b dvacet poslanc\u016f nebo nejm\u00e9n\u011b deset sen\u00e1tor\u016f.<\/li>\n<li>Prezidentem republiky je zvolen kandid\u00e1t, kter\u00fd obdr\u017eel nadpolovi\u010dn\u00ed  v\u011bt\u0161inu platn\u00fdch hlas\u016f opr\u00e1vn\u011bn\u00fdch voli\u010d\u016f. Pokud takov\u00fd nen\u00ed, kon\u00e1 se  za \u010dtrn\u00e1ct dn\u016f druh\u00e9 kolo volby, do kter\u00e9ho postupuj\u00ed dva nej\u00fasp\u011b\u0161n\u011bj\u0161\u00ed  kandid\u00e1ti.<\/li>\n<li>Prezidentem republiky je zvolen kandid\u00e1t, kter\u00fd obdr\u017eel ve druh\u00e9m  kole volby nejvy\u0161\u0161\u00ed po\u010det platn\u00fdch hlas\u016f. Je-li takov\u00fdch kandid\u00e1t\u016f v\u00edce,  do deseti dn\u016f se vyhl\u00e1s\u00ed nov\u00e1\u00a0volba.<\/li>\n<li>Volbu prezidenta republiky vyhla\u0161uje p\u0159edseda Sen\u00e1tu nejpozd\u011bji devades\u00e1t dn\u016f p\u0159ed jej\u00edm kon\u00e1n\u00edm.<\/li>\n<li>N\u00e1klady na prvn\u00ed kolo volby jsou vy\u010d\u00edsleny na 500\u00a0milion\u016f korun,  v\u00a0p\u0159\u00edpad\u011b dvou kol na 750\u00a0milion\u016f. K\u00a0nim je je\u0161t\u011b nutn\u00e9 p\u0159ipo\u010d\u00edst v\u00fddaje  na koresponden\u010dn\u00ed hlasov\u00e1n\u00ed.<\/li>\n<\/ol>\n<p><a href=\"http:\/\/www.denik.cz\/z_domova\/prezident-za-15-nebo-30-milionu-o-stropech-se-bude-jednat-20120314.html\" target=\"_blank\">Zdroj<\/a><\/p>\n","protected":false},"excerpt":{"rendered":"<p>Praha\u00a0\u2013 Vlak s\u00a0n\u00e1pisem p\u0159\u00edm\u00e1 prezidentsk\u00e1 volba se pomalinku sune do c\u00edlov\u00e9 stanice. Poslanci ve st\u0159edu v\u00a0prvn\u00edm \u010dten\u00ed schv\u00e1lili vl\u00e1dn\u00ed n\u00e1vrh z\u00e1kona, kter\u00fd ur\u010duje zp\u016fsob hlasov\u00e1n\u00ed.<\/p>\n","protected":false},"author":1,"featured_media":0,"comment_status":"open","ping_status":"open","sticky":false,"template":"","format":"standard","meta":{"ngg_post_thumbnail":0,"footnotes":""},"categories":[11],"tags":[],"class_list":["post-1632","post","type-post","status-publish","format-standard","hentry","category-ozvena"],"_links":{"self":[{"href":"https:\/\/www.ladislavjakl.cz\/index.php?rest_route=\/wp\/v2\/posts\/1632","targetHints":{"allow":["GET"]}}],"collection":[{"href":"https:\/\/www.ladislavjakl.cz\/index.php?rest_route=\/wp\/v2\/posts"}],"about":[{"href":"https:\/\/www.ladislavjakl.cz\/index.php?rest_route=\/wp\/v2\/types\/post"}],"author":[{"embeddable":true,"href":"https:\/\/www.ladislavjakl.cz\/index.php?rest_route=\/wp\/v2\/users\/1"}],"replies":[{"embeddable":true,"href":"https:\/\/www.ladislavjakl.cz\/index.php?rest_route=%2Fwp%2Fv2%2Fcomments&post=1632"}],"version-history":[{"count":1,"href":"https:\/\/www.ladislavjakl.cz\/index.php?rest_route=\/wp\/v2\/posts\/1632\/revisions"}],"predecessor-version":[{"id":1633,"href":"https:\/\/www.ladislavjakl.cz\/index.php?rest_route=\/wp\/v2\/posts\/1632\/revisions\/1633"}],"wp:attachment":[{"href":"https:\/\/www.ladislavjakl.cz\/index.php?rest_route=%2Fwp%2Fv2%2Fmedia&parent=1632"}],"wp:term":[{"taxonomy":"category","embeddable":true,"href":"https:\/\/www.ladislavjakl.cz\/index.php?rest_route=%2Fwp%2Fv2%2Fcategories&post=1632"},{"taxonomy":"post_tag","embeddable":true,"href":"https:\/\/www.ladislavjakl.cz\/index.php?rest_route=%2Fwp%2Fv2%2Ftags&post=1632"}],"curies":[{"name":"wp","href":"https:\/\/api.w.org\/{rel}","templated":true}]}}