{"id":1634,"date":"2012-03-19T14:35:30","date_gmt":"2012-03-19T13:35:30","guid":{"rendered":"http:\/\/www.ladislavjakl.cz\/?p=1634"},"modified":"2012-03-19T14:35:30","modified_gmt":"2012-03-19T13:35:30","slug":"lidi-se-vladou-nenechaji-vecne-dojit-jako-kravy-vzkazuje-jakl-z-hradu","status":"publish","type":"post","link":"https:\/\/www.ladislavjakl.cz\/?p=1634","title":{"rendered":"Lidi se vl\u00e1dou nenechaj\u00ed v\u011b\u010dn\u011b dojit jako kr\u00e1vy, vzkazuje Jakl z Hradu"},"content":{"rendered":"<p>ROZHOVOR Tajemn\u00edk prezidenta republiky V\u00e1clava Klause Ladislav Jakl  m\u00edn\u00ed, \u017ee sice rozpo\u010dtov\u00e1 odpov\u011bdnost m\u016f\u017ee do\u010dasn\u011b v\u00e9st ke zvy\u0161ov\u00e1n\u00ed  dan\u00ed, ale to \u010dasem za\u010dne lidem vadit a st\u00e1t se bude muset uskromnit na  v\u00fddajov\u00e9 str\u00e1nce, a ne pouze od\u00edrat ob\u010dany na str\u00e1nce p\u0159\u00edjmov\u00e9. Vl\u00e1da  bude podle n\u011bho existovat do t\u00e9 doby, dokud to bude vyhovovat z\u00e1jm\u016fm  v\u0161ech koali\u010dn\u00edch stran. Pokud ne, n\u011bjak\u00e1 z\u00e1minka pro rozbit\u00ed se najde  v\u017edy.<\/p>\n<p><!--more--><\/p>\n<p><strong>V posledn\u00ed dob\u011b se na \u010desk\u00e9 i evropsk\u00e9 \u00farovni hodn\u011b hovo\u0159\u00ed o  rozpo\u010dtov\u00e9 odpov\u011bdnosti. T\u00edmto pojmem se za\u0161ti\u0165uj\u00ed vl\u00e1dn\u00ed strany, kter\u00e9  se ozna\u010duj\u00ed za pravicov\u00e9. Je ale takov\u00fdto koncept pravicov\u00fd s\u00e1m o sob\u011b? I  v\u00a0komunistick\u00e9m, respektive socialistick\u00e9m \u010ceskoslovensku byl vyrovnan\u00fd  rozpo\u010det. Nem\u016f\u017ee v\u00e9st po\u017eadavek na rozpo\u010dtovou odpov\u011bdnost ke zvy\u0161ov\u00e1n\u00ed  dan\u00ed?<\/strong><\/p>\n<p>Kdy\u017e u\u017e hovo\u0159\u00edme o rozpo\u010dtov\u00e9 odpov\u011bdnosti, tak bych pro pam\u011btn\u00edky,  nebo sp\u00ed\u0161 pro nepam\u011btn\u00edky p\u0159ipomn\u011bl, \u017ee nejv\u011bt\u0161\u00ed verb\u00e1ln\u00ed bojovn\u00edk za  \u00fadajnou rozpo\u010dtovou odpov\u011bdnost, pan ministr financ\u00ed Miroslav Kalousek,  byl jedn\u00edm z t\u011bch, kte\u0159\u00ed, kdy\u017e byla p\u0159\u00edle\u017eitost schv\u00e1lit \u00fastavn\u00ed z\u00e1kon o  vyrovnan\u00e9m rozpo\u010dtu, tak pat\u0159il k t\u011bm, kte\u0159\u00ed nejv\u00edce bojovali proti.  Kdy\u017e to te\u010f vyhovuje jeho z\u00e1jm\u016fm a jeho spojenc\u016fm, tak se tv\u00e1\u0159\u00ed jako  bojovn\u00edk za rozpo\u010dtovou odpov\u011bdnost.<\/p>\n<p>Ale zp\u011bt k va\u0161\u00ed ot\u00e1zce. Pro mne osobn\u011b daleko vy\u0161\u0161\u00ed hodnotou ne\u017e  vyrovnan\u00fd rozpo\u010det je m\u00edra p\u0159erozd\u011blov\u00e1n\u00ed a m\u00edra regulace. Vy\u0161\u0161\u00ed m\u00edra  p\u0159erozd\u011blov\u00e1n\u00ed a vy\u0161\u0161\u00ed m\u00edra regulace dopad\u00e1\u00a0 p\u0159\u00edmo aktu\u00e1ln\u011b na svobodu  \u010dlov\u011bka a p\u0159\u00edmo na ni \u00fato\u010d\u00ed a omezuje ji. Rozum\u00edm ale tak\u00e9 tomu, \u017ee  n\u011bkdo sleduje z\u00e1jem chr\u00e1nit svobodu \u010dlov\u011bka nep\u0159\u00edmo, tlakem na vyrovnan\u00fd  rozpo\u010det. M\u00e1te pravdu, \u017ee rozpo\u010det je mo\u017en\u00e9 vyrovn\u00e1vat i na \u00fakor  svobody lid\u00ed zvy\u0161ov\u00e1n\u00edm dan\u00ed, ale jen do ur\u010dit\u00e9 m\u00edry. V\u017edy to naraz\u00ed na  ur\u010ditou mez. Pokud by prioritou byl vyrovnan\u00fd rozpo\u010det, tak ka\u017ed\u00e1, i  levicov\u00e1 vl\u00e1da, naraz\u00ed na ur\u010ditou mez a kdy\u017e nebude moci d\u011blat dluhy,  tak nakonec bude moci ustoupit a p\u0159erozd\u011blov\u00e1n\u00ed sn\u00ed\u017eit. Plat\u00ed pou\u010dka, a  nev\u00edm kdo j\u00ed \u0159ekl poprv\u00e9, \u017ee nejv\u011bt\u0161\u00edm monetaristou je fisk\u00e1ln\u00ed krize.  Vzpome\u0148me, jak n\u011bkter\u00e9 nomin\u00e1ln\u011b levicov\u00e9 vl\u00e1dy v r\u016fzn\u00fdch zem\u00edch sv\u00e9ho  \u010dasu d\u011blaly velmi z\u00e1sadn\u00ed monet\u00e1rn\u00ed politiku. Nevedla je k tomu \u017e\u00e1dn\u00e1  ideologie, ale p\u0159esn\u011b to, co vedlo Dalibora, aby se nau\u010dil na housle.  Nouze. V tomto smyslu \u010dlov\u011bk, kter\u00fd po\u017eaduje vyrovnanost rozpo\u010dt\u016f, m\u016f\u017ee  b\u00fdt kr\u00e1tkodob\u00fdm spojencem pro \u010dlov\u011bka, kter\u00fd si p\u0159eje co nejmen\u0161\u00ed  p\u0159erozd\u011blov\u00e1n\u00ed, proto\u017ee nakonec tyto kroky povedou k omezov\u00e1n\u00ed  p\u0159erozd\u011blov\u00e1n\u00ed.<\/p>\n<p><strong>Ale nen\u00ed to nyn\u00ed tak, \u017ee se nehledaj\u00ed \u00faspory a ne\u0161krtaj\u00ed se  p\u0159\u00edli\u0161 v\u00fddaje st\u00e1tn\u00edho rozpo\u010dtu, ale ministr\u00a0 financ\u00ed neust\u00e1le zvy\u0161uje  dan\u011b? Nel\u00e9\u010d\u00ed tak ekonomiku pou\u0161t\u011bn\u00edm \u017eilou \u010di p\u0159ikl\u00e1d\u00e1n\u00edm pijavic? P\u0159ece  podle Lafferovy k\u0159ivky zvy\u0161ov\u00e1n\u00ed dan\u00ed vede nakonec k men\u0161\u00edmu v\u00fdnosu a  naopak. Za Reagana se sn\u00ed\u017eily dan\u011b, ekonomika se povzbudila a rostla a  zv\u00fd\u0161il se v\u00fdb\u011br.<\/strong><\/p>\n<p>Ano. To je pravda. Ale zvy\u0161ov\u00e1n\u00edm dan\u00ed se dotkne \u017eiv\u00e9ho masa organismu  spole\u010dnosti a ten organismus za\u010dne n\u011bjak reagovat a nenech\u00e1 na sob\u011b  \u0161t\u00edpat d\u0159\u00edv\u00ed. Nepochybn\u011b to politik\u016fm neprojde do nekone\u010dna, tu kr\u00e1vu  po\u0159\u00e1d dojit. Kdy\u017e d\u011bl\u00e1te dluhy, tak v\u00e1m to umo\u017e\u0148uje zvy\u0161ovat  p\u0159erozd\u011blov\u00e1n\u00ed, ani\u017e to na prvn\u00ed pohled n\u011bkoho bol\u00ed, a tud\u00ed\u017e v\u00e1m to u  spole\u010dnosti sn\u00e1z projde. Ale kdy\u017e dluhy d\u011blat nesm\u00edte, tak ono nen\u00ed  sranda vnutit spole\u010dnosti vysokou m\u00edru p\u0159erozd\u011blov\u00e1n\u00ed formou zv\u00fd\u0161en\u00ed  dan\u00ed, proto\u017ee spole\u010dnost se za\u010dne br\u00e1nit tomu od\u00edr\u00e1n\u00ed. V tomto smyslu  existuje aktu\u00e1ln\u011b snaha vyrovn\u00e1vat rozpo\u010det zvy\u0161ov\u00e1n\u00edm dan\u00ed na \u00fakor  svobody lid\u00ed, ale d\u016fsledek nakonec bude podle m\u011b opa\u010dn\u00fd, proto\u017ee ten  proces nelze d\u011blat donekone\u010dna, a to nejen kv\u016fli Lafferov\u011b k\u0159ivce, tedy  klesaj\u00edc\u00edm v\u00fdnosu z dan\u00ed d\u00edky jejich stoup\u00e1n\u00ed, ale pr\u00e1v\u011b kv\u016fli tomu, \u017ee  spole\u010dnost to uc\u00edt\u00ed velmi bolestn\u011b na vlastn\u00ed k\u016f\u017ei a nenech\u00e1 si to  l\u00edbit. Pak m\u00edsto toho bezhlav\u00e9ho zvy\u0161ov\u00e1n\u00ed dan\u00ed se bude muset st\u00e1t  uskromnit.<\/p>\n<p><strong>Nyn\u00ed prob\u00edh\u00e1 soud s V\u00edtem B\u00e1rtou. Koalice je relativn\u011b k\u0159ehk\u00e1.  Neboj\u00edte se, \u017ee by p\u0159\u00edpadn\u00e9 jeho odsouzen\u00ed mohlo destabilizovat koalici?  A podobn\u011b. Prezident Klaus je zn\u00e1m jako pil\u00ed\u0159 \u010di svorn\u00edk t\u00e9to koali\u010dn\u00ed  vl\u00e1dy, kterou p\u0159es ve\u0161kerou kritiku podporuje, a n\u011bkolikr\u00e1t pomohl  moderovat a urovnat koali\u010dn\u00ed spory. Nem\u016f\u017ee b\u00fdt i jeho odchod z Hradu  nebezpe\u010d\u00edm pro setrv\u00e1n\u00ed vl\u00e1dy, nebo\u0165 zmiz\u00ed onen svorn\u00edk?<\/strong><\/p>\n<p>Odpov\u00edm nejprve na druhou ot\u00e1zku. Ka\u017ed\u00fd prezident, a\u0165 u\u017e bude jak\u00fdkoli,  pokud to nebude loutka jedn\u00e9 ze z\u00e1jmov\u00fdch skupin, \u010di jedn\u00e9 z  politick\u00fdch stran, tak\u00a0 pochop\u00ed, \u017ee jednou z jeho rol\u00ed je pe\u010dovat o  stabilitu politick\u00e9ho a \u00fastavn\u00edho syst\u00e9mu a ka\u017ed\u00fd prezident pochop\u00ed, \u017ee  ur\u010dit\u011b nen\u00ed v jeho z\u00e1jmu, aby se hroutila vl\u00e1da jedna za druhou ka\u017ed\u00e9  \u00fater\u00fd. \u010cili prezident nestabilizuje vl\u00e1du jenom z d\u016fvodu sv\u00e9 povahy, ale  institut prezidenta z povahy v\u011bci a dikce na\u0161\u00ed \u00fastavy by m\u011bl m\u00edt a bude  sp\u00ed\u0161e stabilizuj\u00ed roli a stabilizuj\u00edc\u00ed funkci.<\/p>\n<p>Co se t\u00fd\u010de ot\u00e1zky, co v\u0161e m\u016f\u017ee ohrozit stabilitu vl\u00e1dy, tak je to  v\u0161echno mo\u017en\u00e9. To, co \u0159\u00edk\u00e1te vy, i spousta dal\u0161\u00edch v\u011bc\u00ed. Ale p\u0159ece  nejd\u016fle\u017eit\u011bj\u0161\u00ed ze v\u0161eho jsou z\u00e1jmy. Pokud jednotliv\u00ed koali\u010dn\u00ed partne\u0159i  vyhodnot\u00ed situaci, \u017ee v jejich z\u00e1jmu je pokra\u010dov\u00e1n\u00ed v t\u00e9to vl\u00e1d\u011b,  proto\u017ee si od toho spl\u0148uj\u00ed napln\u011bn\u00ed n\u011bkter\u00fdch sv\u00fdch z\u00e1jm\u016f, tak ta vl\u00e1da  bude existovat bez ohledu na tuto \u010di jinou kauzu. Ale pokud n\u011bkter\u00e1 z  t\u011bch sil vyhodnot\u00ed, \u017ee udr\u017eovat vl\u00e1du u\u017e v jej\u00edm z\u00e1jmu nen\u00ed, tak tu  vl\u00e1du polo\u017e\u00ed je\u0161t\u011b ten den a najde si k tomu t\u0159eba z\u00e1minku, \u017ee tu bude  nov\u00e1 proevropsk\u00e1 vl\u00e1da. Pro to u\u017e se buduj\u00ed jist\u00e9 n\u00e1mluvy. Nebo \u017ee se  zdiskredituje jeden z koali\u010dn\u00edch partner\u016f. Je celkem jedno, jak\u00e1 to bude  z\u00e1minka. To jsou jenom n\u00e1stroje, jak to vysv\u011btlit lidem a sv\u00fdm vlastn\u00edm  voli\u010d\u016fm. Ale to by nebyly vlastn\u00ed p\u0159\u00ed\u010diny p\u00e1du vl\u00e1dy. P\u0159\u00ed\u010dinou p\u00e1du  vl\u00e1dy m\u016f\u017ee b\u00fdt to, \u017ee jeden z partner\u016f vyhodnot\u00ed situaci tak, \u017ee u\u017e to  pro n\u011bj nen\u00ed zaj\u00edmav\u00e9 a \u017ee za to plat\u00ed p\u0159\u00edli\u0161 moc a dost\u00e1v\u00e1 m\u00e1lo. V ten  den ta vl\u00e1da skon\u010d\u00ed. Pokud ale z\u016fst\u00e1vaj\u00ed konkr\u00e9tn\u00ed z\u00e1jmy, tak tyto s\u00edly  budou vl\u00e1du dr\u017eet, i kdy\u017e budou existovat zaj\u00edmav\u00e9 a voli\u010d\u016fm  od\u016fvodniteln\u00e9 z\u00e1minky, jak tu vl\u00e1du shodit.<\/p>\n<p><strong>Rozjela se medi\u00e1ln\u00ed prezidentsk\u00e1 kampa\u0148. M\u00e1te vy s\u00e1m osobn\u011b n\u011bjak\u00e9ho favorita, kdo by byl d\u016fstojn\u00fdm n\u00e1stupcem V\u00e1clava Klause?<\/strong><\/p>\n<p>M\u011b na toto t\u00e9ma te\u010f skoro nebav\u00ed spekulovat. Tu vlnu z\u00e1jmu o  prezidentskou volbu nelze udr\u017eovat tak dlouho ve vysok\u00e9 intenzit\u011b. Kdy\u017e  se za\u010dne n\u011bco p\u0159ed\u010dasn\u011b zvedat, tak to d\u00e1 stra\u0161nou pr\u00e1ci udr\u017eet  pozornost ve\u0159ejnosti. Nutn\u011b nastane pokles z\u00e1jmu o tuto t\u00e9matiku a  o\u017eiven\u00ed uvid\u00edme n\u011bkdy na podzim. Na Hrad\u011b m\u00e1me je\u0161t\u011b ohromn\u00fd kus pr\u00e1ce  p\u0159ed sebou a to mi d\u00e1v\u00e1 mal\u00fd prostor, abych se z nudy zab\u00fdval t\u00edm, co  bude za rok, nebo za dva. M\u016fj soukrom\u00fd typ je, \u017ee \u017e\u00e1dn\u00fd prezident zvolen  nebude a mo\u017en\u00e1 hodn\u011b dlouho. Proto\u017ee ti, co z populistick\u00fdch d\u016fvod\u016f  prosadili p\u0159\u00edmou volbu, v\u016fbec nedomysleli mnoho d\u016fsledk\u016f, a ten karneval  bude je\u0161t\u011b hodn\u011b zaj\u00edmav\u00fd a hodn\u011b pestr\u00fd a vyroj\u00ed se tolik kandid\u00e1t\u016f a  takov\u00e1 jm\u00e9na, \u017ee se budou v\u0161ichni je\u0161t\u011b hodn\u011b divit.<\/p>\n<p><strong>Te\u010f d\u00e1m posledn\u00ed, takovou veselej\u0161\u00ed ot\u00e1zku. Bl\u00ed\u017e\u00ed se jaro. Bude  tepleji. P\u0159ipravuje se tedy nov\u00e1 v\u00e1rka tepl\u00e9ho r\u016f\u017eov\u00e9ho piva BuQi\u010d\u00e1k? <\/strong><\/p>\n<p>Ur\u010dit\u011b. Jak jsem mluvil se sv\u00fdm kolegou z Prvn\u00ed pivn\u00ed extraligy Petrem  Buri\u00e1nkem, kter\u00fd to pivo uva\u0159il, tak ur\u010dit\u011b se k tomu chyst\u00e1. Mysl\u00edm, \u017ee  to pivo se mu povedlo. On je velmi \u0161ikovn\u00fd sl\u00e1dek a neboj\u00ed se  experimentovat. To pivo nav\u00edc m\u011blo \u00fasp\u011bch, \u010dili nepochybn\u011b bude i letos.<\/p>\n<p><a href=\"http:\/\/www.parlamentnilisty.cz\/rss\/zpravy\/Lidi-se-vladou-nenechaji-vecne-dojit-jako-kravy-vzkazuje-Jakl-z-Hradu-226444\" target=\"_blank\">Zdroj<\/a><\/p>\n","protected":false},"excerpt":{"rendered":"<p>ROZHOVOR Tajemn\u00edk prezidenta republiky V\u00e1clava Klause Ladislav Jakl m\u00edn\u00ed, \u017ee sice rozpo\u010dtov\u00e1 odpov\u011bdnost m\u016f\u017ee do\u010dasn\u011b v\u00e9st ke zvy\u0161ov\u00e1n\u00ed dan\u00ed, ale to \u010dasem za\u010dne lidem vadit a st\u00e1t se bude muset uskromnit na v\u00fddajov\u00e9 str\u00e1nce, a ne pouze od\u00edrat ob\u010dany na str\u00e1nce p\u0159\u00edjmov\u00e9. Vl\u00e1da bude podle n\u011bho existovat do t\u00e9 doby, dokud to bude vyhovovat z\u00e1jm\u016fm [&hellip;]<\/p>\n","protected":false},"author":1,"featured_media":0,"comment_status":"open","ping_status":"open","sticky":false,"template":"","format":"standard","meta":{"ngg_post_thumbnail":0,"footnotes":""},"categories":[13],"tags":[],"class_list":["post-1634","post","type-post","status-publish","format-standard","hentry","category-rozhovory"],"_links":{"self":[{"href":"https:\/\/www.ladislavjakl.cz\/index.php?rest_route=\/wp\/v2\/posts\/1634","targetHints":{"allow":["GET"]}}],"collection":[{"href":"https:\/\/www.ladislavjakl.cz\/index.php?rest_route=\/wp\/v2\/posts"}],"about":[{"href":"https:\/\/www.ladislavjakl.cz\/index.php?rest_route=\/wp\/v2\/types\/post"}],"author":[{"embeddable":true,"href":"https:\/\/www.ladislavjakl.cz\/index.php?rest_route=\/wp\/v2\/users\/1"}],"replies":[{"embeddable":true,"href":"https:\/\/www.ladislavjakl.cz\/index.php?rest_route=%2Fwp%2Fv2%2Fcomments&post=1634"}],"version-history":[{"count":1,"href":"https:\/\/www.ladislavjakl.cz\/index.php?rest_route=\/wp\/v2\/posts\/1634\/revisions"}],"predecessor-version":[{"id":1635,"href":"https:\/\/www.ladislavjakl.cz\/index.php?rest_route=\/wp\/v2\/posts\/1634\/revisions\/1635"}],"wp:attachment":[{"href":"https:\/\/www.ladislavjakl.cz\/index.php?rest_route=%2Fwp%2Fv2%2Fmedia&parent=1634"}],"wp:term":[{"taxonomy":"category","embeddable":true,"href":"https:\/\/www.ladislavjakl.cz\/index.php?rest_route=%2Fwp%2Fv2%2Fcategories&post=1634"},{"taxonomy":"post_tag","embeddable":true,"href":"https:\/\/www.ladislavjakl.cz\/index.php?rest_route=%2Fwp%2Fv2%2Ftags&post=1634"}],"curies":[{"name":"wp","href":"https:\/\/api.w.org\/{rel}","templated":true}]}}