{"id":1645,"date":"2012-03-22T13:24:56","date_gmt":"2012-03-22T12:24:56","guid":{"rendered":"http:\/\/www.ladislavjakl.cz\/?p=1645"},"modified":"2012-03-22T13:24:56","modified_gmt":"2012-03-22T12:24:56","slug":"zaoralek-na-dalkove-ovladani-z-marsu","status":"publish","type":"post","link":"https:\/\/www.ladislavjakl.cz\/?p=1645","title":{"rendered":"Zaor\u00e1lek na d\u00e1lkov\u00e9 ovl\u00e1d\u00e1n\u00ed z Marsu"},"content":{"rendered":"<p>P\u011bkn\u00e9 odpoledne, m\u00edstop\u0159edseda \u010cSSD Lubom\u00edr Zaor\u00e1lek p\u0159ed chv\u00edl\u00ed vyzval p. prezidenta, aby se ve\u010der z\u00fa\u010dastnil hlasov\u00e1n\u00ed o ned\u016fv\u011b\u0159e. Zaor\u00e1lek to od\u016fvodnil tvrzen\u00edm, \u017ee sou\u010dasn\u00fd kabinet je ve skute\u010dnosti panem prezidentem \u0159\u00edzen. Pros\u00edm V\u00e1s o reakci. D\u011bkuji, J.Ov\u010d\u00e1\u010dek, Pr\u00e1vo<\/p>\n<p><!--more-->L. J.: Prezident \u017ee \u0159\u00edd\u00ed vl\u00e1du? Pana Zaor\u00e1lka asi p\u0159i tomto n\u00e1padu \u0159\u00eddili Mar\u0165ani. Ka\u017ed\u00fd Pozem\u0161\u0165an toti\u017e v\u00ed, \u017ee i tuto vl\u00e1du vyprodukovala sn\u011bmovna a ne prezident. Tato vl\u00e1da je prezidentova asi tak, jako minul\u00e9 socdem vl\u00e1dy. Pozem\u0161\u0165an\u00e9 si na rozd\u00edl od pana Zaor\u00e1lka pamatuj\u00ed, jak V\u00e1clav Klaus opakovan\u011b jmenoval do funkce premi\u00e9ra soci\u00e1ln\u00ed demokraty i tehdy, kdy\u017e se ti p\u0159edchoz\u00ed k\u00e1celi jako ku\u017eelky. Tehdy i nyn\u00ed prezident pe\u010duje o stabilitu a respektuje pom\u011bry, jak je ve sn\u011bmovn\u011b nam\u00edchaly svobodn\u00e9 volby.<\/p>\n","protected":false},"excerpt":{"rendered":"<p>P\u011bkn\u00e9 odpoledne, m\u00edstop\u0159edseda \u010cSSD Lubom\u00edr Zaor\u00e1lek p\u0159ed chv\u00edl\u00ed vyzval p. prezidenta, aby se ve\u010der z\u00fa\u010dastnil hlasov\u00e1n\u00ed o ned\u016fv\u011b\u0159e. Zaor\u00e1lek to od\u016fvodnil tvrzen\u00edm, \u017ee sou\u010dasn\u00fd kabinet je ve skute\u010dnosti panem prezidentem \u0159\u00edzen. Pros\u00edm V\u00e1s o reakci. D\u011bkuji, J.Ov\u010d\u00e1\u010dek, Pr\u00e1vo<\/p>\n","protected":false},"author":1,"featured_media":0,"comment_status":"open","ping_status":"open","sticky":false,"template":"","format":"standard","meta":{"ngg_post_thumbnail":0,"footnotes":""},"categories":[13],"tags":[],"class_list":["post-1645","post","type-post","status-publish","format-standard","hentry","category-rozhovory"],"_links":{"self":[{"href":"https:\/\/www.ladislavjakl.cz\/index.php?rest_route=\/wp\/v2\/posts\/1645","targetHints":{"allow":["GET"]}}],"collection":[{"href":"https:\/\/www.ladislavjakl.cz\/index.php?rest_route=\/wp\/v2\/posts"}],"about":[{"href":"https:\/\/www.ladislavjakl.cz\/index.php?rest_route=\/wp\/v2\/types\/post"}],"author":[{"embeddable":true,"href":"https:\/\/www.ladislavjakl.cz\/index.php?rest_route=\/wp\/v2\/users\/1"}],"replies":[{"embeddable":true,"href":"https:\/\/www.ladislavjakl.cz\/index.php?rest_route=%2Fwp%2Fv2%2Fcomments&post=1645"}],"version-history":[{"count":1,"href":"https:\/\/www.ladislavjakl.cz\/index.php?rest_route=\/wp\/v2\/posts\/1645\/revisions"}],"predecessor-version":[{"id":1646,"href":"https:\/\/www.ladislavjakl.cz\/index.php?rest_route=\/wp\/v2\/posts\/1645\/revisions\/1646"}],"wp:attachment":[{"href":"https:\/\/www.ladislavjakl.cz\/index.php?rest_route=%2Fwp%2Fv2%2Fmedia&parent=1645"}],"wp:term":[{"taxonomy":"category","embeddable":true,"href":"https:\/\/www.ladislavjakl.cz\/index.php?rest_route=%2Fwp%2Fv2%2Fcategories&post=1645"},{"taxonomy":"post_tag","embeddable":true,"href":"https:\/\/www.ladislavjakl.cz\/index.php?rest_route=%2Fwp%2Fv2%2Ftags&post=1645"}],"curies":[{"name":"wp","href":"https:\/\/api.w.org\/{rel}","templated":true}]}}