{"id":1648,"date":"2012-03-22T13:27:50","date_gmt":"2012-03-22T12:27:50","guid":{"rendered":"http:\/\/www.ladislavjakl.cz\/?p=1648"},"modified":"2012-03-22T13:27:50","modified_gmt":"2012-03-22T12:27:50","slug":"klaus-vladu-neridi-odbyl-jakl-zaoralka-a-pta-se-zda-cssd-nevedou-martani","status":"publish","type":"post","link":"https:\/\/www.ladislavjakl.cz\/?p=1648","title":{"rendered":"Klaus vl\u00e1du ne\u0159\u00edd\u00ed, odbyl Jakl Zaor\u00e1lka a pt\u00e1 se, zda \u010cSSD nevedou Mar\u0165ani"},"content":{"rendered":"<p>M\u00edstop\u0159edseda \u010cSSD Lubom\u00edr Zaor\u00e1lek vyzval prezidenta V\u00e1clava Klause,  aby se v \u00fater\u00fd ve\u010der ve Sn\u011bmovn\u011b z\u00fa\u010dastnil u\u017e t\u0159et\u00edho pokusu \u010cSSD shodit  vl\u00e1du Petra Ne\u010dase (ODS). Podle Zaor\u00e1lka je toti\u017e Klaus faktick\u00fdm \u0161\u00e9fem  kabinetu. Prezident\u016fv tajemn\u00edk Ladislav Jakl m\u00edstop\u0159edsedovi \u010cSSD  vzk\u00e1zal, \u017ee jej p\u0159i jeho domn\u011bnk\u00e1ch z\u0159ejm\u011b \u0159\u00edd\u00ed Mar\u0165ani a p\u0159ipomn\u011bl, \u017ee  za kabinetem stoj\u00ed poslanci vze\u0161l\u00ed z voleb.<\/p>\n<p><!--more--><\/p>\n<p>Zaor\u00e1lek si nejprve na \u00fatern\u00ed tiskov\u00e9 konferenci ve Sn\u011bmovn\u011b posteskl, \u017ee mu bude Klaus na rokov\u00e1n\u00ed o osudu vl\u00e1dy chyb\u011bt. \u201eVelice by se mi l\u00edbilo, kdyby si  prezident ud\u011blal \u010das a ve\u010der se\u0161el do podhrad\u00ed,\u201c \u0159ekl Zaor\u00e1lek.<\/p>\n<p>\u201eZ  Hradu to nen\u00ed daleko, je to p\u011bt minut cesty z t\u00e9 v\u00fd\u0161ky,\u201c doplnil s t\u00edm,  \u017ee prezidenta pros\u00ed, aby n\u00e1vrh na osobn\u00ed \u00fa\u010dast na pokusu soc. dem.  shodit kabinet zv\u00e1\u017eil. Zaor\u00e1lek od\u016fvodnil v\u00fdzvu tvrzen\u00edm, \u017ee je Klaus ve  skute\u010dnosti faktick\u00fdm \u0161\u00e9fem kabinetu. \u201eJsem p\u0159esv\u011bd\u010den, \u017ee to je jeho  vl\u00e1da,\u201c poznamenal.<\/p>\n<p>Odk\u00e1zal na to, \u017ee loni d\u00e1val prezident  dohromady rozh\u00e1danou koalici. P\u0159ipomn\u011bl tak\u00e9, \u017ee Klaus odm\u00edtl navzdory  n\u00e1vrhu premi\u00e9ra Ne\u010dase odvolat ministra \u0161kolstv\u00ed Josefa Dobe\u0161e (VV).<\/p>\n<h4>V\u00e1s snad \u0159\u00edd\u00ed Mar\u0165ani, podivil se Zaor\u00e1lkovi Jakl<\/h4>\n<p>Tajemn\u00edk  prezidenta Zaor\u00e1lkovo tvrzen\u00ed, \u017ee hlava st\u00e1tu fakticky \u0159\u00edd\u00ed vl\u00e1du,  odm\u00edtl. Jakl na Zaor\u00e1lkovu adresu poznamenal, \u017ee ho p\u0159i tomto n\u00e1padu asi  \u0159\u00eddili Mar\u0165ani. P\u0159ipomn\u011bl tak\u00e9, \u017ee Klaus opakovan\u011b jmenoval premi\u00e9ry z  \u0159ad \u010cSSD, a\u010dkoliv se k\u00e1celi jako ku\u017eelky.<\/p>\n<p>\u201ePrezident \u017ee \u0159\u00edd\u00ed  vl\u00e1du? Pana Zaor\u00e1lka asi p\u0159i tomto n\u00e1padu \u0159\u00eddili Mar\u0165ani. Ka\u017ed\u00fd  Pozem\u0161\u0165an toti\u017e v\u00ed, \u017ee i tuto vl\u00e1du vyprodukovala Sn\u011bmovna a ne  prezident. Tato vl\u00e1da je prezidentova asi tak, jako minul\u00e9  soci\u00e1ln\u011bdemokratick\u00e9 vl\u00e1dy,\u201c sd\u011blil Jakl pro Pr\u00e1vo.<\/p>\n<p>\u201ePozem\u0161\u0165an\u00e9 si na rozd\u00edl od pana Zaor\u00e1lka pamatuj\u00ed, jak V\u00e1clav Klaus  opakovan\u011b jmenoval do funkce premi\u00e9ra soci\u00e1ln\u00ed demokraty i tehdy, kdy\u017e  se ti p\u0159edchoz\u00ed k\u00e1celi jako ku\u017eelky. Tehdy i nyn\u00ed prezident pe\u010duje o  stabilitu a respektuje pom\u011bry, jak je ve Sn\u011bmovn\u011b nam\u00edchaly svobodn\u00e9  volby,\u201c podotkl Jakl.<\/p>\n<h4>Rokovat se bude dlouho<\/h4>\n<p>M\u00edstop\u0159edseda soc. dem. v \u00fater\u00fd z\u00e1rove\u0148 nazna\u010dil, \u017ee o\u010dek\u00e1v\u00e1 dlouh\u00e9 jedn\u00e1n\u00ed poslanc\u016f o vysloven\u00ed ned\u016fv\u011bry vl\u00e1d\u011b.<\/p>\n<p>\u201eMysl\u00edm, \u017ee ten ve\u010der tady pobudeme,\u201c poznamenal. T\u0159et\u00ed pokus \u010cSSD shodit vl\u00e1du je ale s nejv\u011bt\u0161\u00ed pravd\u011bpodobnost\u00ed odsouzen k ne\u00fasp\u011bchu.  \u010cSSD ned\u00e1 dohromady pot\u0159ebn\u00fdch 101 hlas\u016f ani za situace, kdy se k n\u00ed  p\u0159idaj\u00ed komunist\u00e9 a n\u011bkte\u0159\u00ed neza\u0159azen\u00ed poslanci.<\/p>\n<h4>Vl\u00e1da d\u016fv\u011bru nem\u00e1, tvrd\u00ed komunist\u00e9<\/h4>\n<p>Fakt, \u017ee t\u0159et\u00ed pokus vyslovit ned\u016fv\u011bru vl\u00e1d\u011b je p\u0159edem odsouzen k nezdaru, potvrdil \u0161\u00e9f KS\u010cM Vojt\u011bch Filip. \u201eJist\u00e9 podle n\u00e1s je, \u017ee vl\u00e1da form\u00e1ln\u011b d\u016fv\u011bru z\u00edsk\u00e1,\u201c \u0159ekl s odkazem na jasnou v\u011bt\u0161inu koali\u010dn\u00edch poslanc\u016f ve Sn\u011bmovn\u011b.<\/p>\n<p>Materi\u00e1ln\u011b  ale podle l\u00eddra komunist\u016f kabinet d\u016fv\u011bru nem\u00e1. Dokumentoval to na  protestech, kter\u00e9 se minul\u00fd t\u00fdden uskute\u010dnily v n\u011bkter\u00fdch m\u011bstech.<\/p>\n<h4>VV budou jednotn\u00ed<\/h4>\n<p>Poslanec VV Petr Skokan sd\u011blil po jedn\u00e1n\u00ed klubu, \u017ee v\u0161ichni poslanci V\u00e9\u010dek budou &#8222;pro d\u016fv\u011bru vl\u00e1d\u011b hlasovat jednotn\u011b&#8220;.<\/p>\n<p><a href=\"http:\/\/www.novinky.cz\/domaci\/262406-klaus-vladu-neridi-odbyl-jakl-zaoralka-a-pta-se-zda-cssd-nevedou-martani.html?ref=zpravy-dne\" target=\"_blank\">Zdroj<\/a><\/p>\n","protected":false},"excerpt":{"rendered":"<p>M\u00edstop\u0159edseda \u010cSSD Lubom\u00edr Zaor\u00e1lek vyzval prezidenta V\u00e1clava Klause, aby se v \u00fater\u00fd ve\u010der ve Sn\u011bmovn\u011b z\u00fa\u010dastnil u\u017e t\u0159et\u00edho pokusu \u010cSSD shodit vl\u00e1du Petra Ne\u010dase (ODS). Podle Zaor\u00e1lka je toti\u017e Klaus faktick\u00fdm \u0161\u00e9fem kabinetu. Prezident\u016fv tajemn\u00edk Ladislav Jakl m\u00edstop\u0159edsedovi \u010cSSD vzk\u00e1zal, \u017ee jej p\u0159i jeho domn\u011bnk\u00e1ch z\u0159ejm\u011b \u0159\u00edd\u00ed Mar\u0165ani a p\u0159ipomn\u011bl, \u017ee za kabinetem stoj\u00ed poslanci [&hellip;]<\/p>\n","protected":false},"author":1,"featured_media":0,"comment_status":"open","ping_status":"open","sticky":false,"template":"","format":"standard","meta":{"ngg_post_thumbnail":0,"footnotes":""},"categories":[11],"tags":[],"class_list":["post-1648","post","type-post","status-publish","format-standard","hentry","category-ozvena"],"_links":{"self":[{"href":"https:\/\/www.ladislavjakl.cz\/index.php?rest_route=\/wp\/v2\/posts\/1648","targetHints":{"allow":["GET"]}}],"collection":[{"href":"https:\/\/www.ladislavjakl.cz\/index.php?rest_route=\/wp\/v2\/posts"}],"about":[{"href":"https:\/\/www.ladislavjakl.cz\/index.php?rest_route=\/wp\/v2\/types\/post"}],"author":[{"embeddable":true,"href":"https:\/\/www.ladislavjakl.cz\/index.php?rest_route=\/wp\/v2\/users\/1"}],"replies":[{"embeddable":true,"href":"https:\/\/www.ladislavjakl.cz\/index.php?rest_route=%2Fwp%2Fv2%2Fcomments&post=1648"}],"version-history":[{"count":1,"href":"https:\/\/www.ladislavjakl.cz\/index.php?rest_route=\/wp\/v2\/posts\/1648\/revisions"}],"predecessor-version":[{"id":1649,"href":"https:\/\/www.ladislavjakl.cz\/index.php?rest_route=\/wp\/v2\/posts\/1648\/revisions\/1649"}],"wp:attachment":[{"href":"https:\/\/www.ladislavjakl.cz\/index.php?rest_route=%2Fwp%2Fv2%2Fmedia&parent=1648"}],"wp:term":[{"taxonomy":"category","embeddable":true,"href":"https:\/\/www.ladislavjakl.cz\/index.php?rest_route=%2Fwp%2Fv2%2Fcategories&post=1648"},{"taxonomy":"post_tag","embeddable":true,"href":"https:\/\/www.ladislavjakl.cz\/index.php?rest_route=%2Fwp%2Fv2%2Ftags&post=1648"}],"curies":[{"name":"wp","href":"https:\/\/api.w.org\/{rel}","templated":true}]}}