{"id":1651,"date":"2012-03-22T13:30:15","date_gmt":"2012-03-22T12:30:15","guid":{"rendered":"http:\/\/www.ladislavjakl.cz\/?p=1651"},"modified":"2012-03-22T13:30:15","modified_gmt":"2012-03-22T12:30:15","slug":"klaus-je-sef-vlady-tvrdi-zaoralek-a-ty-jsi-martan-zni-odpoved-hradu","status":"publish","type":"post","link":"https:\/\/www.ladislavjakl.cz\/?p=1651","title":{"rendered":"Klaus je \u0161\u00e9f vl\u00e1dy, tvrd\u00ed Zaor\u00e1lek. A ty jsi Mar\u0165an, zn\u00ed odpov\u011b\u010f Hradu"},"content":{"rendered":"<p>Podle Zaor\u00e1lka je skute\u010dn\u00fdm \u0161\u00e9fem vl\u00e1dy V\u00e1clav Klaus. Proto prezidenta  poprosil soci\u00e1ln\u011bdemokratick\u00fd m\u00edstop\u0159edseda o \u00fa\u010dast na pokusu vyslovit  vl\u00e1d\u011b ned\u016fv\u011bru. Hrad se mu v\u0161ak \u00fasty sv\u00e9ho tajemn\u00edka vysm\u00e1l. Ladislav  Jakl nav\u00edc upozor\u0148uje na to, \u017ee vl\u00e1dn\u00ed v\u011bt\u0161ina vze\u0161la z voleb. Opozice  v\u0161ak tvrd\u00ed, \u017ee v sou\u010dasn\u00e9 dob\u011b ji\u017e vl\u00e1da d\u016fv\u011bru ve\u0159ejnosti nem\u00e1.<\/p>\n<p><!--more--><\/p>\n<p>M\u00edstop\u0159edseda \u010cSSD Lubom\u00edr Zaor\u00e1lek vyzval prezidenta V\u00e1clava Klause,  aby se v \u00fater\u00fd ve\u010der ve Sn\u011bmovn\u011b z\u00fa\u010dastnil u\u017e t\u0159et\u00edho pokusu soci\u00e1ln\u00edch  demokrat\u016f shodit vl\u00e1du Petra Ne\u010dase. Podle Zaor\u00e1lka je toti\u017e Klaus  faktick\u00fdm \u0161\u00e9fem kabinetu.<\/p>\n<p>Prezident\u016fv tajemn\u00edk Ladislav Jakl m\u00edstop\u0159edsedovi \u010cSSD vzk\u00e1zal, \u017ee jej  p\u0159i jeho domn\u011bnk\u00e1ch z\u0159ejm\u011b \u0159\u00edd\u00ed Mar\u0165ani a p\u0159ipomn\u011bl, \u017ee za kabinetem  stoj\u00ed poslanci vze\u0161l\u00ed z voleb.<\/p>\n<p>Zaor\u00e1lek si v\u0161ak stoj\u00ed za sv\u00fdm. Odk\u00e1zal na to, \u017ee loni d\u00e1val prezident  dohromady rozh\u00e1danou koalici. P\u0159ipomn\u011bl tak\u00e9, \u017ee Klaus odm\u00edtl navzdory  n\u00e1vrhu premi\u00e9ra Ne\u010dase odvolat ministra \u0161kolstv\u00ed Josefa Dobe\u0161e.<\/p>\n<p>Co se t\u00fdk\u00e1 mand\u00e1tu poslanc\u016f, je evidentn\u00ed, \u017ee pokus o vysloven\u00ed  ned\u016fv\u011bry vl\u00e1d\u011b je jen symbolick\u00fd. P\u0159izn\u00e1v\u00e1 to jak \u010cSSD, tak KS\u010cM.  P\u0159edseda komunist\u016f Vojt\u011bch Filip to pro Novinky.cz komentoval slovy:  \u201eJist\u00e9 podle n\u00e1s je, \u017ee vl\u00e1da form\u00e1ln\u011b d\u016fv\u011bru z\u00edsk\u00e1.\u201c<\/p>\n<p>Materi\u00e1ln\u011b v\u0161ak podle l\u00eddra KS\u010cM kabinet d\u016fv\u011bru nem\u00e1. Dokumentoval to  na protestech, kter\u00e9 se minul\u00fd t\u00fdden uskute\u010dnily v n\u011bkter\u00fdch m\u011bstech.<\/p>\n<p><a href=\"http:\/\/www.parlamentnilisty.cz\/zpravy\/Klaus-je-sef-vlady-tvrdi-Zaoralek-A-ty-jsi-Martan-zni-odpoved-Hradu-226639\" target=\"_blank\">Zdroj<\/a><\/p>\n","protected":false},"excerpt":{"rendered":"<p>Podle Zaor\u00e1lka je skute\u010dn\u00fdm \u0161\u00e9fem vl\u00e1dy V\u00e1clav Klaus. Proto prezidenta poprosil soci\u00e1ln\u011bdemokratick\u00fd m\u00edstop\u0159edseda o \u00fa\u010dast na pokusu vyslovit vl\u00e1d\u011b ned\u016fv\u011bru. Hrad se mu v\u0161ak \u00fasty sv\u00e9ho tajemn\u00edka vysm\u00e1l. Ladislav Jakl nav\u00edc upozor\u0148uje na to, \u017ee vl\u00e1dn\u00ed v\u011bt\u0161ina vze\u0161la z voleb. Opozice v\u0161ak tvrd\u00ed, \u017ee v sou\u010dasn\u00e9 dob\u011b ji\u017e vl\u00e1da d\u016fv\u011bru ve\u0159ejnosti nem\u00e1.<\/p>\n","protected":false},"author":1,"featured_media":0,"comment_status":"open","ping_status":"open","sticky":false,"template":"","format":"standard","meta":{"ngg_post_thumbnail":0,"footnotes":""},"categories":[11],"tags":[],"class_list":["post-1651","post","type-post","status-publish","format-standard","hentry","category-ozvena"],"_links":{"self":[{"href":"https:\/\/www.ladislavjakl.cz\/index.php?rest_route=\/wp\/v2\/posts\/1651","targetHints":{"allow":["GET"]}}],"collection":[{"href":"https:\/\/www.ladislavjakl.cz\/index.php?rest_route=\/wp\/v2\/posts"}],"about":[{"href":"https:\/\/www.ladislavjakl.cz\/index.php?rest_route=\/wp\/v2\/types\/post"}],"author":[{"embeddable":true,"href":"https:\/\/www.ladislavjakl.cz\/index.php?rest_route=\/wp\/v2\/users\/1"}],"replies":[{"embeddable":true,"href":"https:\/\/www.ladislavjakl.cz\/index.php?rest_route=%2Fwp%2Fv2%2Fcomments&post=1651"}],"version-history":[{"count":1,"href":"https:\/\/www.ladislavjakl.cz\/index.php?rest_route=\/wp\/v2\/posts\/1651\/revisions"}],"predecessor-version":[{"id":1652,"href":"https:\/\/www.ladislavjakl.cz\/index.php?rest_route=\/wp\/v2\/posts\/1651\/revisions\/1652"}],"wp:attachment":[{"href":"https:\/\/www.ladislavjakl.cz\/index.php?rest_route=%2Fwp%2Fv2%2Fmedia&parent=1651"}],"wp:term":[{"taxonomy":"category","embeddable":true,"href":"https:\/\/www.ladislavjakl.cz\/index.php?rest_route=%2Fwp%2Fv2%2Fcategories&post=1651"},{"taxonomy":"post_tag","embeddable":true,"href":"https:\/\/www.ladislavjakl.cz\/index.php?rest_route=%2Fwp%2Fv2%2Ftags&post=1651"}],"curies":[{"name":"wp","href":"https:\/\/api.w.org\/{rel}","templated":true}]}}