{"id":1658,"date":"2012-03-22T13:34:59","date_gmt":"2012-03-22T12:34:59","guid":{"rendered":"http:\/\/www.ladislavjakl.cz\/?p=1658"},"modified":"2012-03-22T13:36:06","modified_gmt":"2012-03-22T12:36:06","slug":"ihned-chce-abych-znamkoval-skolstvi","status":"publish","type":"post","link":"https:\/\/www.ladislavjakl.cz\/?p=1658","title":{"rendered":"IHNED chce, abych zn\u00e1mkoval \u0161kolstv\u00ed?"},"content":{"rendered":"<p>Dobr\u00fd den,<\/p>\n<p>cht\u011bla jsem s V\u00e1mi hovo\u0159it telefonicky, ale byla jsem odk\u00e1zana na e-mail. Mohu V\u00e1s tedy poprosit o vyj\u00e1d\u0159en\u00ed k pl\u00e1novan\u00e9 rezignaci ministra \u0161kolstv\u00ed Josefa Dobe\u0161e? Co si jako \u0159editel politick\u00e9ho odboru KPR mysl\u00edte o odchodu ministra a d\u016fvodech, kter\u00e9 k tomu vedly? Jak hodnot\u00edte p\u016fsoben\u00ed ministra Dobe\u0161e ve funkci?<\/p>\n<p><!--more--><\/p>\n<p>D\u011bkuji za odpov\u011bdi a p\u0159eji V\u00e1m hezk\u00fd den,<\/p>\n<p><strong>Hanka N\u011bme\u010dkov\u00e1, redaktorka IHNED.cz<\/strong><\/p>\n<p><span style=\"color: #3366ff;\">Odpov\u011b\u010f L.J.&gt;&gt;<\/span><\/p>\n<p><span style=\"color: #3366ff;\">Mysl\u00edm, \u017ee ka\u017ed\u00fd ministr by m\u011bl bojovat ne pouze \u00fazce za sv\u016fj resort, ale za zdrav\u00e9 ve\u0159ejn\u00e9 finance jako celek. Kdy\u017e \u0161et\u0159it, tak v\u0161ude. Pokud to Josef Dobe\u0161 necht\u011bl p\u0159ijmout, ministrem b\u00fdt u\u017e nemohl.<\/span><\/p>\n<p><span style=\"color: #3366ff;\">O pr\u00e1ci jednotliv\u00fdch ministr\u016f toho nev\u00edm v\u00edce, ne\u017e kter\u00fdkoli \u010dten\u00e1\u0159 tisku. Ale v m\u00fdch o\u010d\u00edch byl Josef Dobe\u0161 ur\u010dit\u011b lep\u0161\u00edm ministrem, ne\u017e nap\u0159\u00edklad zelen\u00ed extremist\u00e9 Li\u0161ka a Kuchtov\u00e1, nebo t\u0159eba madam Buzkov\u00e1 se sv\u00fdm internetem do \u0161kol.<\/span><\/p>\n<p><strong><span style=\"color: #3366ff;\">L. Jakl<\/span><\/strong><\/p>\n","protected":false},"excerpt":{"rendered":"<p>Dobr\u00fd den, cht\u011bla jsem s V\u00e1mi hovo\u0159it telefonicky, ale byla jsem odk\u00e1zana na e-mail. Mohu V\u00e1s tedy poprosit o vyj\u00e1d\u0159en\u00ed k pl\u00e1novan\u00e9 rezignaci ministra \u0161kolstv\u00ed Josefa Dobe\u0161e? Co si jako \u0159editel politick\u00e9ho odboru KPR mysl\u00edte o odchodu ministra a d\u016fvodech, kter\u00e9 k tomu vedly? Jak hodnot\u00edte p\u016fsoben\u00ed ministra Dobe\u0161e ve funkci?<\/p>\n","protected":false},"author":1,"featured_media":0,"comment_status":"open","ping_status":"open","sticky":false,"template":"","format":"standard","meta":{"ngg_post_thumbnail":0,"footnotes":""},"categories":[13],"tags":[],"class_list":["post-1658","post","type-post","status-publish","format-standard","hentry","category-rozhovory"],"_links":{"self":[{"href":"https:\/\/www.ladislavjakl.cz\/index.php?rest_route=\/wp\/v2\/posts\/1658","targetHints":{"allow":["GET"]}}],"collection":[{"href":"https:\/\/www.ladislavjakl.cz\/index.php?rest_route=\/wp\/v2\/posts"}],"about":[{"href":"https:\/\/www.ladislavjakl.cz\/index.php?rest_route=\/wp\/v2\/types\/post"}],"author":[{"embeddable":true,"href":"https:\/\/www.ladislavjakl.cz\/index.php?rest_route=\/wp\/v2\/users\/1"}],"replies":[{"embeddable":true,"href":"https:\/\/www.ladislavjakl.cz\/index.php?rest_route=%2Fwp%2Fv2%2Fcomments&post=1658"}],"version-history":[{"count":3,"href":"https:\/\/www.ladislavjakl.cz\/index.php?rest_route=\/wp\/v2\/posts\/1658\/revisions"}],"predecessor-version":[{"id":1660,"href":"https:\/\/www.ladislavjakl.cz\/index.php?rest_route=\/wp\/v2\/posts\/1658\/revisions\/1660"}],"wp:attachment":[{"href":"https:\/\/www.ladislavjakl.cz\/index.php?rest_route=%2Fwp%2Fv2%2Fmedia&parent=1658"}],"wp:term":[{"taxonomy":"category","embeddable":true,"href":"https:\/\/www.ladislavjakl.cz\/index.php?rest_route=%2Fwp%2Fv2%2Fcategories&post=1658"},{"taxonomy":"post_tag","embeddable":true,"href":"https:\/\/www.ladislavjakl.cz\/index.php?rest_route=%2Fwp%2Fv2%2Ftags&post=1658"}],"curies":[{"name":"wp","href":"https:\/\/api.w.org\/{rel}","templated":true}]}}