{"id":1669,"date":"2012-03-26T14:55:23","date_gmt":"2012-03-26T12:55:23","guid":{"rendered":"http:\/\/www.ladislavjakl.cz\/?p=1669"},"modified":"2012-03-26T15:40:45","modified_gmt":"2012-03-26T13:40:45","slug":"a-co-z-toho-udelaly-v-ihned-prece-to-co-zamysleli-predem","status":"publish","type":"post","link":"https:\/\/www.ladislavjakl.cz\/?p=1669","title":{"rendered":"A co z toho ud\u011blali v IHNED? P\u0159ece to, co zam\u00fd\u0161leli p\u0159edem."},"content":{"rendered":"<p><strong><em><span style=\"font-family: &quot;Arial&quot;,&quot;sans-serif&quot;;\">(Mimochodem, Pr\u00e1vo stejn\u00e1 m\u00e1 slova ozna\u010duje za &#8222;Pok\u00e1r\u00e1n\u00ed z Hradu&#8220; a za &#8222;Ne\u010dekan\u00e9 pozdvihnut\u00ed obo\u010d\u00ed.&#8220; V IHNED dop\u0159edu cht\u011bli pokra\u010dovat ve sv\u00e9m s\u00e1\u010dkov\u00e1n\u00ed nen\u00e1vid\u011bn\u00fdch do jednoho pytle, tak se jim kritick\u00e1 slova nehodila do kr\u00e1mu. Proto p\u016fl m\u00e9ho v\u00fdroku jen zparafr\u00e1zovali a druhou interpetuj\u00ed, jak m\u011bli v \u00famyslu u\u017e p\u0159i kladen\u00ed dotazu.) <\/span><\/em><\/strong><\/p>\n<p><em><span style=\"font-family: &quot;Arial&quot;,&quot;sans-serif&quot;;\"><!--more--><\/span><\/em><\/p>\n<p><strong>Dobe\u0161 byl lep\u0161\u00edm ministrem ne\u017e madam Buzkov\u00e1, tvrd\u00ed Klaus\u016fv mu\u017e Jakl<\/strong><\/p>\n<p>B\u00fdval\u00fd v\u011bze\u0148sk\u00fd psycholog pobyl ve funkci ministra \u0161kolstv\u00ed 20 m\u011bs\u00edc\u016f.  Z\u00e1stupci vysok\u00fdch \u0161kol, student\u016f i kolegov\u00e9 z politiky jeho odchod  v\u00edtaj\u00ed. Nicm\u00e9n\u011b na Hradu m\u00e1 Dobe\u0161 zast\u00e1n\u00ed, bl\u00edzk\u00fd spolupracovn\u00edk  prezidenta V\u00e1clava Klause m\u00e1 pro Josefa Dobe\u0161e slova chv\u00e1ly.<\/p>\n<p>Zat\u00edmco premi\u00e9r hodnot\u00ed Dobe\u0161ovo rozhodnut\u00ed  opustit \u00fa\u0159ad pouze jako &#8222;politicky a lidsky korektn\u00ed krok&#8220;, dal\u0161\u00ed  z\u00e1stupci z \u0159ad politick\u00e9 sc\u00e9ny, student\u016f \u010di v\u011bdc\u016f se o ukon\u010den\u00ed Dobe\u0161ova  p\u016fsoben\u00ed v \u00fa\u0159ad\u011b okomentovali obs\u00e1hleji.<\/p>\n<p>Michal Uhl jako \u010dlen iniciativy Za svobodn\u00e9 vysok\u00e9 \u0161koly Dobe\u0161ovu rezignac\u00ed v\u00edt\u00e1.<\/p>\n<p>&#8222;Z\u00e1rove\u0148 ale jedn\u00edm dechem dod\u00e1v\u00e1me, \u017ee z  na\u0161eho pohledu nebyl probl\u00e9m v osob\u011b pana ministra, ale ve v\u011bcn\u00fdch  z\u00e1m\u011brech, kter\u00e9 prosazoval,&#8220; komentuje jeho odchod jako z\u00e1stupce  studentsk\u00e9 iniciativy, kter\u00e1 za\u0161ti\u0165ovala organizaci T\u00fddne neklidu.<\/p>\n<p>&#8222;Pokud je nov\u00fd ministr nest\u00e1hne, pl\u00e1nujeme v  protestech pokra\u010dovat. Ty toti\u017e nebyly nam\u00ed\u0159eny proti ministrovi  samotn\u00e9mu, ale proti jeho pr\u00e1ci,&#8220; dodal Uhl.<\/p>\n<p>Rezignaci ministra \u0161kolstv\u00ed slav\u00ed i Michaela Vojtkov\u00e1 z ob\u010dansk\u00e9ho  sdru\u017een\u00ed V\u011bda \u017eije! &#8222;Fakt, \u017ee rezignoval, je skv\u011bl\u00fd. To, co se d\u011blo  b\u011bhem T\u00fddne neklidu, byl jen d\u016fkaz jeho neschopnosti. M\u011bl rezignovat u\u017e  d\u00e1vno, ale tehdy ho zachr\u00e1nil Klaus,&#8220; p\u0159ipom\u00edn\u00e1 Vojtkov\u00e1 kauzy V\u011bc\u00ed  ve\u0159ejn\u00fdch, kter\u00e9 Dobe\u0161ovi p\u0159ed rokem m\u00e1lem zlomily vaz.<\/p>\n<p><strong>Lep\u0161\u00ed ne\u017e &#8222;zelen\u00ed extremist\u00e9&#8220;<\/strong><\/p>\n<p>P\u0159esto m\u00e1 pr\u00e1ce Josefa Dobe\u0161e i sm\u00ed\u0159liv\u011bj\u0161\u00ed   zast\u00e1nce. \u0158editel politick\u00e9ho odboru Kancel\u00e1\u0159e prezidenta  republiky  Ladislav Jakl tvrd\u00ed, \u017ee pokud necht\u011bl ministr bojovat za zdrav\u00e9 ve\u0159ejn\u00e9   finance jako celek, ministrem u\u017e b\u00fdt d\u00e1le nemohl.<\/p>\n<p>&#8222;O pr\u00e1ci jednotliv\u00fdch ministr\u016f toho nev\u00edm   v\u00edce ne\u017e kter\u00fdkoli \u010dten\u00e1\u0159 tisku. Ale v m\u00fdch o\u010d\u00edch byl Josef Dobe\u0161   ur\u010dit\u011b lep\u0161\u00edm ministrem, ne\u017e nap\u0159\u00edklad zelen\u00ed extremist\u00e9 Li\u0161ka a   Kuchtov\u00e1, nebo t\u0159eba madam Buzkov\u00e1 se sv\u00fdm internetem do \u0161kol,&#8220; hodnot\u00ed   Dobe\u0161e Jakl.<\/p>\n<p><strong>Nejhor\u0161\u00ed ministr za posledn\u00ed l\u00e9ta<\/strong><\/p>\n<p>P\u016fsoben\u00ed b\u00fdval\u00e9ho v\u011bze\u0148sk\u00e9ho psychologa v  ministersk\u00e9m k\u0159esle zhodnotil pro HN u\u017e ve st\u0159edu p\u0159edseda poslaneck\u00e9ho  klubu TOP 09 Petr Gazd\u00edk: &#8222;Nebyl schopen komunikovat s vysok\u00fdmi \u0161kolami,  nep\u0159edlo\u017eil vysoko\u0161kolsk\u00fd z\u00e1kon a koncepci region\u00e1ln\u00edho \u0161kolstv\u00ed, vedl  katastrof\u00e1ln\u00ed person\u00e1ln\u00ed politiku a m\u011bl obrovsk\u00e9 probl\u00e9my s evropsk\u00fdmi  fondy,&#8220; vypo\u010d\u00edtal Dobe\u0161ovy ministersk\u00e9 ne\u00fasp\u011bchy Gazd\u00edk.<\/p>\n<p>S t\u00edm souhlas\u00ed i d\u011bkan Filozofick\u00e9 fakulty UK Michal Stehl\u00edk. &#8222;Pan  ministr naprosto jednozna\u010dn\u011b  nezvl\u00e1dl svoji agendu, a to od spr\u00e1vy  evropsk\u00fdch fond\u016f a\u017e po nekvalitn\u00ed n\u00e1vrhy  reformy vysok\u00e9ho \u0161kolstv\u00ed.  Nav\u00edc nebyl schopen komunikovat s\u00a0kl\u00ed\u010dov\u00fdmi partnery  rezortu, kter\u00fd  spravoval. Kdy\u017e k\u00a0tomu p\u0159ipo\u010dtu naprosto tristn\u00ed person\u00e1ln\u00ed  politiku na  ministerstvu, vych\u00e1z\u00ed mi jednozna\u010dn\u011b jako nejhor\u0161\u00ed ministr \u0161kolstv\u00ed za   posledn\u00ed l\u00e9ta, kdy jeho dal\u0161\u00ed p\u016fsoben\u00ed v\u00a0\u010dele ministerstva bylo ji\u017e  dlouhodob\u011b  neudr\u017eiteln\u00e9,&#8220; m\u00edn\u00ed Stehl\u00edk.<\/p>\n<p><a href=\"http:\/\/zpravy.ihned.cz\/politika\/c1-55132730-dobes-byl-lepsim-ministrem-nez-madam-buzkova-tvrdi-klausuv-muz-jakl\" target=\"_blank\">Zdroj<\/a><\/p>\n","protected":false},"excerpt":{"rendered":"<p>(Mimochodem, Pr\u00e1vo stejn\u00e1 m\u00e1 slova ozna\u010duje za &#8222;Pok\u00e1r\u00e1n\u00ed z Hradu&#8220; a za &#8222;Ne\u010dekan\u00e9 pozdvihnut\u00ed obo\u010d\u00ed.&#8220; V IHNED dop\u0159edu cht\u011bli pokra\u010dovat ve sv\u00e9m s\u00e1\u010dkov\u00e1n\u00ed nen\u00e1vid\u011bn\u00fdch do jednoho pytle, tak se jim kritick\u00e1 slova nehodila do kr\u00e1mu. Proto p\u016fl m\u00e9ho v\u00fdroku jen zparafr\u00e1zovali a druhou interpetuj\u00ed, jak m\u011bli v \u00famyslu u\u017e p\u0159i kladen\u00ed dotazu.)<\/p>\n","protected":false},"author":1,"featured_media":0,"comment_status":"open","ping_status":"open","sticky":false,"template":"","format":"standard","meta":{"ngg_post_thumbnail":0,"footnotes":""},"categories":[11],"tags":[],"class_list":["post-1669","post","type-post","status-publish","format-standard","hentry","category-ozvena"],"_links":{"self":[{"href":"https:\/\/www.ladislavjakl.cz\/index.php?rest_route=\/wp\/v2\/posts\/1669","targetHints":{"allow":["GET"]}}],"collection":[{"href":"https:\/\/www.ladislavjakl.cz\/index.php?rest_route=\/wp\/v2\/posts"}],"about":[{"href":"https:\/\/www.ladislavjakl.cz\/index.php?rest_route=\/wp\/v2\/types\/post"}],"author":[{"embeddable":true,"href":"https:\/\/www.ladislavjakl.cz\/index.php?rest_route=\/wp\/v2\/users\/1"}],"replies":[{"embeddable":true,"href":"https:\/\/www.ladislavjakl.cz\/index.php?rest_route=%2Fwp%2Fv2%2Fcomments&post=1669"}],"version-history":[{"count":3,"href":"https:\/\/www.ladislavjakl.cz\/index.php?rest_route=\/wp\/v2\/posts\/1669\/revisions"}],"predecessor-version":[{"id":1677,"href":"https:\/\/www.ladislavjakl.cz\/index.php?rest_route=\/wp\/v2\/posts\/1669\/revisions\/1677"}],"wp:attachment":[{"href":"https:\/\/www.ladislavjakl.cz\/index.php?rest_route=%2Fwp%2Fv2%2Fmedia&parent=1669"}],"wp:term":[{"taxonomy":"category","embeddable":true,"href":"https:\/\/www.ladislavjakl.cz\/index.php?rest_route=%2Fwp%2Fv2%2Fcategories&post=1669"},{"taxonomy":"post_tag","embeddable":true,"href":"https:\/\/www.ladislavjakl.cz\/index.php?rest_route=%2Fwp%2Fv2%2Ftags&post=1669"}],"curies":[{"name":"wp","href":"https:\/\/api.w.org\/{rel}","templated":true}]}}