{"id":1672,"date":"2012-03-26T14:57:18","date_gmt":"2012-03-26T12:57:18","guid":{"rendered":"http:\/\/www.ladislavjakl.cz\/?p=1672"},"modified":"2012-03-26T14:57:18","modified_gmt":"2012-03-26T12:57:18","slug":"dobes-si-vyslouzil-pokarani-z-hradu","status":"publish","type":"post","link":"https:\/\/www.ladislavjakl.cz\/?p=1672","title":{"rendered":"Dobe\u0161 si vyslou\u017eil pok\u00e1r\u00e1n\u00ed z Hradu"},"content":{"rendered":"<p>Zdroj:\u00a0Pr\u00e1vo Datum:\u00a023.03.2012<\/p>\n<p>Ne\u010dekan\u00e9 pozdvihnut\u00ed obo\u010d\u00ed z Hradu stihlo v\u010dera Josefa Dobe\u0161e (VV), kter\u00fd ve vl\u00e1d\u011b za sebou bouchl dve\u0159mi, a\u010dkoliv ho prezident V\u00e1clav Klaus pova\u017euje za nejlep\u0161\u00edho polistopadov\u00e9ho ministra \u0161kolstv\u00ed.<\/p>\n<p><!--more-->Prezident\u016fv tajemn\u00edk Ladislav Jakl okomentoval pro Pr\u00e1vo Dobe\u0161ovu demisi slovy: &#8222;Ministr by nem\u011bl bojovat jen za sv\u016fj resort, ale za priority cel\u00e9 vl\u00e1dy. Kdy\u017e \u0161et\u0159it, tak v\u0161ude. A jestli to Josef Dobe\u0161 necht\u011bl akceptovat, pak ve vl\u00e1d\u011b logicky z\u016fstat nemohl.&#8220;<\/p>\n<p>Dobe\u0161 podle sv\u00fdch slov u\u017e s Klausem hovo\u0159il. Ministr dnes p\u0159ed\u00e1 demisi premi\u00e9ru Petru Ne\u010dasovi, ale odejde a\u017e k 31. b\u0159eznu. Resort p\u0159ed\u00e1v\u00e1 prvn\u00edmu n\u00e1m\u011bstkovi Ladislavu N\u011bmcovi. &#8222;Je to m\u016fj spolu\u017e\u00e1k z pr\u016fmyslovky, m\u00e1m ho r\u00e1d, proto to na n\u011bj nehod\u00edm ze dne na den,&#8220; \u0159ekl Pr\u00e1vu. Podle p\u0159edsedy Radka Johna VV s Dobe\u0161ov\u00fdm &#8222;emotivn\u00edm&#8220; odstoupen\u00edm nepo\u010d\u00edtaly. Dobe\u0161 stranu o demisi p\u0159edem neinformoval, dodal. Uznal v\u0161ak, \u017ee ji\u017e n\u011bkolik t\u00fddn\u016f &#8222;signalizoval, \u017ee nebude katem \u0161kolstv\u00ed&#8220;.<\/p>\n<p>Nominaci za Dobe\u0161e probere veden\u00ed v\u00e9\u010dek v \u00fater\u00fd. John zm\u00ednil m\u00edstop\u0159edsedy VV Milana \u0160\u0165ov\u00ed\u010dka a Dagmar Navr\u00e1tilovou, s nimi\u017e u\u017e mluvil. Padlo i jm\u00e9no m\u00edstop\u0159edsedkyn\u011b klubu Jany Drastichov\u00e9 \u010di Dobe\u0161ova n\u00e1m\u011bstka Ivana Wilhelma. &#8222;Existuje i mo\u017enost nez\u00e1visl\u00e9ho odborn\u00edka, pokud by byl ochoten si sednout na elektrick\u00e9 k\u0159eslo,&#8220; \u0159ekl John.<br \/>\nDodal, \u017ee v\u00fdb\u011br z\u00e1vis\u00ed i na situaci resortu: &#8222;Bude t\u0159eba ud\u011blat revizi rozpo\u010dtu, ani\u017e by se sni\u017eovaly platy u\u010ditel\u016fm. Se sk\u0159\u00edp\u011bn\u00edm zub\u016f jsme podpo\u0159ili prioritu TOP 09, c\u00edrkevn\u00ed restituce, a ministr financ\u00ed za\u00fato\u010dil na prioritu vl\u00e1dy \u2013 vzd\u011bl\u00e1n\u00ed a platy u\u010ditel\u016f.&#8220;<br \/>\nNa dotaz, zda by tedy mohly b\u00fdt restituce ohro\u017eeny, odpov\u011bd\u011bl: &#8222;Dokud nebude hotov\u00e1 inventura, nem\u016f\u017ee se \u0159\u00edkat v\u016fbec nic. \u017d\u00e1d\u00e1me, aby i na\u0161e priority byly napl\u0148ov\u00e1ny.&#8220;<\/p>\n<p>Jestli necht\u011bl \u0161et\u0159it, pak ve vl\u00e1d\u011b z\u016fstat nemohl Ladislav Jakl<\/p>\n<p>Foto: Josef Dobe\u0161 na v\u010derej\u0161\u00ed tiskov\u00e9 konferenci.<\/p>\n<p>Foto PR\u00c1VO \u2013 Milan Mal\u00ed\u010dek<\/p>\n<p>Zpracovatel: Anopress IT a.s.<\/p>\n","protected":false},"excerpt":{"rendered":"<p>Zdroj:\u00a0Pr\u00e1vo Datum:\u00a023.03.2012 Ne\u010dekan\u00e9 pozdvihnut\u00ed obo\u010d\u00ed z Hradu stihlo v\u010dera Josefa Dobe\u0161e (VV), kter\u00fd ve vl\u00e1d\u011b za sebou bouchl dve\u0159mi, a\u010dkoliv ho prezident V\u00e1clav Klaus pova\u017euje za nejlep\u0161\u00edho polistopadov\u00e9ho ministra \u0161kolstv\u00ed.<\/p>\n","protected":false},"author":1,"featured_media":0,"comment_status":"open","ping_status":"open","sticky":false,"template":"","format":"standard","meta":{"ngg_post_thumbnail":0,"footnotes":""},"categories":[11],"tags":[],"class_list":["post-1672","post","type-post","status-publish","format-standard","hentry","category-ozvena"],"_links":{"self":[{"href":"https:\/\/www.ladislavjakl.cz\/index.php?rest_route=\/wp\/v2\/posts\/1672","targetHints":{"allow":["GET"]}}],"collection":[{"href":"https:\/\/www.ladislavjakl.cz\/index.php?rest_route=\/wp\/v2\/posts"}],"about":[{"href":"https:\/\/www.ladislavjakl.cz\/index.php?rest_route=\/wp\/v2\/types\/post"}],"author":[{"embeddable":true,"href":"https:\/\/www.ladislavjakl.cz\/index.php?rest_route=\/wp\/v2\/users\/1"}],"replies":[{"embeddable":true,"href":"https:\/\/www.ladislavjakl.cz\/index.php?rest_route=%2Fwp%2Fv2%2Fcomments&post=1672"}],"version-history":[{"count":1,"href":"https:\/\/www.ladislavjakl.cz\/index.php?rest_route=\/wp\/v2\/posts\/1672\/revisions"}],"predecessor-version":[{"id":1673,"href":"https:\/\/www.ladislavjakl.cz\/index.php?rest_route=\/wp\/v2\/posts\/1672\/revisions\/1673"}],"wp:attachment":[{"href":"https:\/\/www.ladislavjakl.cz\/index.php?rest_route=%2Fwp%2Fv2%2Fmedia&parent=1672"}],"wp:term":[{"taxonomy":"category","embeddable":true,"href":"https:\/\/www.ladislavjakl.cz\/index.php?rest_route=%2Fwp%2Fv2%2Fcategories&post=1672"},{"taxonomy":"post_tag","embeddable":true,"href":"https:\/\/www.ladislavjakl.cz\/index.php?rest_route=%2Fwp%2Fv2%2Ftags&post=1672"}],"curies":[{"name":"wp","href":"https:\/\/api.w.org\/{rel}","templated":true}]}}