{"id":1678,"date":"2012-03-30T10:22:13","date_gmt":"2012-03-30T08:22:13","guid":{"rendered":"http:\/\/www.ladislavjakl.cz\/?p=1678"},"modified":"2012-03-30T10:22:13","modified_gmt":"2012-03-30T08:22:13","slug":"jan-zacek-provokater-jakl","status":"publish","type":"post","link":"https:\/\/www.ladislavjakl.cz\/?p=1678","title":{"rendered":"Jan \u017d\u00e1\u010dek: Provokat\u00e9r Jakl"},"content":{"rendered":"<p>Zn\u00e1m\u00fd provokat\u00e9r z Hradu &#8211; Ladislav Jakl navrhuje, aby vznikaly bary  pojmenovan\u00e9 po pravicov\u00fdch vrahounech, nap\u0159. po Breivikovi a po hn\u011bd\u00fdch  levi\u010d\u00e1c\u00edch, nap\u0159. po Himmlerovi. Kdy\u017e u\u017e tu m\u00e1me bary pojmenovan\u00e9 po  levicov\u00fdch vraz\u00edch, nap\u0159. po Che Guevarovi.<\/p>\n<p><!--more--><\/p>\n<p>Jakl op\u011bt provokuje. To je stejn\u00e9, jako by cht\u011bl zak\u00e1zat KS\u010cM, kdy\u017e  jsou u n\u00e1s zak\u00e1z\u00e1ny nacistick\u00e9 a fa\u0161istick\u00e9 strany. Ano, Jakl s\u00e1m v  z\u00e1v\u011bru sv\u00e9ho \u010dl\u00e1nku \u201crozumn\u011b\u201d \u0159\u00edk\u00e1: Nen\u00ed vrahoun jako vrahoun. A m\u00e1  pravdu. P\u0159ece, kdy\u017e soudruh Stalin vra\u017edil ka\u017ed\u00e9ho, kdo mu p\u0159i\u0161el do  cesty nen\u00ed a nem\u016f\u017ee to b\u00fdt stejn\u00e9, jako kdy\u017e kamar\u00e1d Hitler d\u011blal tot\u00e9\u017e.  To p\u0159ece zn\u00ed logicky. Proto tu dnes mohou d\u00e1l fungovat komunist\u00e9 a  nemohou nacist\u00e9 a fa\u0161ist\u00e9. To d\u00e1 rozum, ne?<\/p>\n<p>A Breivik, Je\u017ei\u0161marj\u00e1, ten post\u0159\u00edlel n\u011bkolik des\u00edtek nevinn\u00fdch lid\u00ed,  dokonce i d\u011bt\u00ed. Odporn\u00e9, \u017ee? A Che Guevara? Ten vra\u017edil tis\u00edce a tis\u00edce,  ov\u0161em vinn\u00fdch, lid\u00ed, dokonce jist\u011b i d\u011bt\u00ed. Proto je nutn\u00e9 Che Guevaru  obdivovat, spolu s t\u011bmi, kte\u0159\u00ed nos\u00ed jeho portr\u00e9t na tri\u010dk\u00e1ch a Breivika  zatracovat a spolu s n\u00edm i v\u0161echny, kte\u0159\u00ed ho obdivuj\u00ed.<\/p>\n<p>Mus\u00edme si prost\u011b uv\u011bdomit, \u017ee se s t\u00edm v \u010cech\u00e1ch ned\u00e1 nic d\u011blat.  Proto\u017ee jsme levicov\u011b zam\u011b\u0159en\u00e1 zem\u011b. I kdy\u017e jist\u011b i u n\u00e1s \u017eij\u00ed  inteligentn\u00ed lid\u00e9 a nejen pitome\u010dci. Ale pitome\u010dk\u016f je v\u00edc. Bohu\u017eel. A  proto se u n\u00e1s v\u017edycky povol\u00ed cokoliv, co m\u00e1 n\u011bco spojen\u00e9ho s komunisty.  A zak\u00e1\u017ee se cokoliv, co m\u00e1 n\u011bco spole\u010dn\u00e9ho s \u010d\u00edmkoliv, co je proti  komunist\u016fm. A\u0165 u\u017e je to jako fa\u0161ismus pravicov\u00e1 z\u00e1le\u017eitost nebo jako  n\u00e1rodn\u00ed a d\u011blnick\u00fd socialismus levicov\u00e1 z\u00e1le\u017eitost.<\/p>\n<p>My jsme si tady prost\u011b zvykli na to, \u017ee jedin\u00e1 spr\u00e1vn\u00e1 barva je ta  rud\u00e1. A jako st\u00e1do krav s klapkami na o\u010d\u00edch tvrd\u011b odm\u00edt\u00e1me jakoukoliv  jinou barvu. Jedin\u00e1<br \/>\n\u0161ance je tedy odhodit klapky a opustit st\u00e1do.<\/p>\n<p><a href=\"http:\/\/www.parlamentnilisty.cz\/zpravy\/Jan-Zacek-Provokater-Jakl-227165\" target=\"_blank\">Zdroj<\/a><\/p>\n","protected":false},"excerpt":{"rendered":"<p>Zn\u00e1m\u00fd provokat\u00e9r z Hradu &#8211; Ladislav Jakl navrhuje, aby vznikaly bary pojmenovan\u00e9 po pravicov\u00fdch vrahounech, nap\u0159. po Breivikovi a po hn\u011bd\u00fdch levi\u010d\u00e1c\u00edch, nap\u0159. po Himmlerovi. Kdy\u017e u\u017e tu m\u00e1me bary pojmenovan\u00e9 po levicov\u00fdch vraz\u00edch, nap\u0159. po Che Guevarovi.<\/p>\n","protected":false},"author":1,"featured_media":0,"comment_status":"open","ping_status":"open","sticky":false,"template":"","format":"standard","meta":{"ngg_post_thumbnail":0,"footnotes":""},"categories":[11],"tags":[],"class_list":["post-1678","post","type-post","status-publish","format-standard","hentry","category-ozvena"],"_links":{"self":[{"href":"https:\/\/www.ladislavjakl.cz\/index.php?rest_route=\/wp\/v2\/posts\/1678","targetHints":{"allow":["GET"]}}],"collection":[{"href":"https:\/\/www.ladislavjakl.cz\/index.php?rest_route=\/wp\/v2\/posts"}],"about":[{"href":"https:\/\/www.ladislavjakl.cz\/index.php?rest_route=\/wp\/v2\/types\/post"}],"author":[{"embeddable":true,"href":"https:\/\/www.ladislavjakl.cz\/index.php?rest_route=\/wp\/v2\/users\/1"}],"replies":[{"embeddable":true,"href":"https:\/\/www.ladislavjakl.cz\/index.php?rest_route=%2Fwp%2Fv2%2Fcomments&post=1678"}],"version-history":[{"count":1,"href":"https:\/\/www.ladislavjakl.cz\/index.php?rest_route=\/wp\/v2\/posts\/1678\/revisions"}],"predecessor-version":[{"id":1679,"href":"https:\/\/www.ladislavjakl.cz\/index.php?rest_route=\/wp\/v2\/posts\/1678\/revisions\/1679"}],"wp:attachment":[{"href":"https:\/\/www.ladislavjakl.cz\/index.php?rest_route=%2Fwp%2Fv2%2Fmedia&parent=1678"}],"wp:term":[{"taxonomy":"category","embeddable":true,"href":"https:\/\/www.ladislavjakl.cz\/index.php?rest_route=%2Fwp%2Fv2%2Fcategories&post=1678"},{"taxonomy":"post_tag","embeddable":true,"href":"https:\/\/www.ladislavjakl.cz\/index.php?rest_route=%2Fwp%2Fv2%2Ftags&post=1678"}],"curies":[{"name":"wp","href":"https:\/\/api.w.org\/{rel}","templated":true}]}}