{"id":1680,"date":"2012-03-30T10:24:13","date_gmt":"2012-03-30T08:24:13","guid":{"rendered":"http:\/\/www.ladislavjakl.cz\/?p=1680"},"modified":"2012-03-30T10:24:13","modified_gmt":"2012-03-30T08:24:13","slug":"tyden-ja-prezidentem-proc-ne","status":"publish","type":"post","link":"https:\/\/www.ladislavjakl.cz\/?p=1680","title":{"rendered":"T\u00ddDEN: J\u00e1 prezidentem? Pro\u010d ne"},"content":{"rendered":"<p><strong>Zdroj:\u00a0T\u00fdden, <\/strong><strong>J\u00e1 prezidentem? Pro\u010d ne<\/strong><strong> Datum:\u00a026.03.2012 Str.:\u00a020 <\/strong><\/p>\n<p><strong> <\/strong><\/p>\n<p>KLAUSOVA PRAV\u00c1 RUKA &#8211; A MO\u017dN\u00c1 I N\u00c1STUPCE<\/p>\n<p><!--more-->Prezidentsk\u00fd tajemn\u00edk LADISLAV JAKL si mysl\u00ed, \u017ee V\u00e1clavu Klausovi by slu\u0161ela role prvn\u00ed d\u00e1my. Pr\u00fd dokonce v\u00edce ne\u017e prezidentsk\u00e1 funkce. A jestli by pak sv\u00e9 \u017een\u011b nekecal do pr\u00e1ce? &#8222;P\u0159im\u011b\u0159en\u011b ano. Tak jako dnes ona jemu.&#8220;<\/p>\n<p>&#8211; M\u00e1 tahle vl\u00e1da z n\u011bjak\u00fdch d\u016fvod\u016f va\u0161e sympatie?<br \/>\nV\u00edte, sympatie je term\u00edn z oblasti emoc\u00ed&#8230;<\/p>\n<p>&#8211; J\u00e1 m\u00e1m emoce p\u0159i n\u011bkter\u00fdch rozhodnut\u00edch vl\u00e1dy.<br \/>\nAle je ot\u00e1zka, jestli j\u00e1 si m\u016f\u017eu n\u011bjak\u00e9 emoce v tomhle oboru dovolit. Ur\u010dit\u011b jsem ale r\u00e1d, \u017ee to nen\u00ed vl\u00e1da mnohem levicov\u011bj\u0161\u00ed. U\u017e jsme se smi\u0159ovali s premi\u00e9rem Paroubkem, a kdy\u017e si \u010dlov\u011bk ob\u010das zanad\u00e1v\u00e1 na tuhle vl\u00e1du, m\u011bl by si vzpomenout, co bylo alternativou. Sympatiemi bych to mo\u017en\u00e1 nenazval, ale \u0159\u00edk\u00e1m si, \u017ee je to asi lep\u0161\u00ed ne\u017e nejhor\u0161\u00ed.<\/p>\n<p>&#8211; Ony se u\u017e levicov\u00e9 vla\u0161tovky objevuj\u00ed. Ministr Kalousek zva\u017euje vy\u0161\u0161\u00ed zdan\u011bn\u00ed lid\u00ed s p\u0159\u00edjmy nad sto tis\u00edc.<br \/>\nTakov\u00e9 vla\u0161tovky se objevuj\u00ed od sam\u00e9ho za\u010d\u00e1tku. V mnoha z\u00e1konech, kter\u00e9 j\u00e1 bych si p\u0159edstavoval jinak. Ale tak n\u011bjak se s t\u00edm smi\u0159uji, v\u011bci nechod\u00ed p\u0159esn\u011b tak, jak j\u00e1 bych si p\u0159\u00e1l. Jinak bych byl od r\u00e1na do ve\u010dera sam\u00e1 frustrace.<\/p>\n<p>&#8211; Nep\u0159ipad\u00e1 v\u00e1m to od Kalouska sp\u00ed\u0161e jako p\u0159edvolebn\u00ed trik?<br \/>\nT\u011b\u017eko \u0159\u00edct. Asi to tak \u00fapln\u011b nen\u00ed, proto\u017ee volby bezprost\u0159edn\u011b za dve\u0159mi nejsou.<\/p>\n<p>&#8211; Bl\u00ed\u017e\u00ed se prezidentsk\u00e1 kampa\u0148 a topka m\u00e1 velk\u00fd z\u00e1jem, aby se Karel Schwarzenberg stal prezidentem&#8230;<br \/>\nNa tu je je\u0161t\u011b t\u0159i \u010dtvrt\u011b roku \u010das. Sp\u00ed\u0161 si mysl\u00edm, \u017ee vl\u00e1da nem\u00e1 dostate\u010dnou v\u016fli, ochotu k \u00faspor\u00e1m. \u017de neum\u00ed zlevnit provoz st\u00e1tu. Neum\u00ed sn\u00ed\u017eit p\u0159erozd\u011blov\u00e1n\u00ed. A proto j\u00e1 kroky tohoto typu pova\u017euju sp\u00ed\u0161 za projev zoufalstv\u00ed, jak sehnat n\u011bkde n\u011bjak\u00e9 pen\u00edze.<\/p>\n<p>&#8211; I Petr Gazd\u00edk \u0159ekl, \u017ee ho Kalousek se Schwarzenbergem upozor\u0148uj\u00ed, \u017ee te\u010f u\u017e toho vl\u00e1da moc neud\u011bl\u00e1.<br \/>\nJ\u00e1 bych se na to nevymlouval. Vl\u00e1da m\u00e1 vl\u00e1dnout po\u0159\u00e1d podle sv\u00e9ho nejlep\u0161\u00edho v\u011bdom\u00ed a sv\u011bdom\u00ed.<\/p>\n<p>&#8211; Na druhou stranu, kdy\u017e se ta vl\u00e1da sna\u017e\u00ed \u0161et\u0159it, jej\u00ed minist\u0159i odch\u00e1zej\u00ed. Konkr\u00e9tn\u011b Josef Dobe\u0161. Zklamal v\u00e1s t\u00edm?<br \/>\nKa\u017ed\u00fd ministr nem\u00e1 bojovat jen \u00fazce za sv\u016fj resort. M\u011bl by bojovat za priority vl\u00e1dy jako celku. A taky si mysl\u00edm, \u017ee kdy\u017e se \u0161et\u0159\u00ed, mus\u00ed se \u0161et\u0159it v\u0161ude. Myslet si, \u017ee se \u0161et\u0159en\u00ed dotkne v\u0161ech, jenom m\u011b ne, to nen\u00ed mo\u017en\u00e9. A pokud se s t\u00edm pan ministr nebyl ochoten sm\u00ed\u0159it, tak v t\u00e9 vl\u00e1d\u011b prost\u011b nem\u016f\u017ee b\u00fdt.<\/p>\n<p>&#8211; Prezident Klaus ho ozna\u010doval za nejlep\u0161\u00edho ministra \u0161kolstv\u00ed od roku 1989.<br \/>\nOzna\u010dil! Ne ozna\u010doval! \u0158ekl to v jednom rozhovoru a od t\u00e9 doby ta jeho v\u011bta byla tolikr\u00e1t recyklov\u00e1na, \u017ee by na to padla cel\u00e1 \u0160umava. \u0158ekl to v ostravsk\u00e9m televizn\u00edm studiu a bylo to v kontextu v\u0161elijak\u00fdch hodn\u011b podivn\u00fdch postav jeho p\u0159edch\u016fdc\u016f. Nap\u0159\u00edklad zelen\u00fdch extremist\u016f Li\u0161ky a Kuchtov\u00e9, madam Buzkov\u00e9 s jej\u00edm internetem do ka\u017ed\u00e9 \u0161koln\u00ed \u0161kamny. V tomto kontextu ten jeho v\u00fdrok ch\u00e1pu.<\/p>\n<p>&#8211; Byl z Dobe\u0161ova ozn\u00e1men\u00ed, \u017ee odch\u00e1z\u00ed, prezident zklam\u00e1n? Dejme tomu, \u017ee te\u010f bude \u0161kolstv\u00ed n\u011bjak\u00e9 t\u0159i m\u011bs\u00edce dezorientov\u00e1no.<br \/>\nJe\u0161t\u011b jsem o tom s panem prezidentem nemluvil, tak\u017ee nezn\u00e1m jeho pocity. Ale t\u0159eba za t\u00fdden nastoup\u00ed skv\u011bl\u00fd n\u00e1hradn\u00edk a k \u017e\u00e1dn\u00e9mu rozkol\u00eds\u00e1n\u00ed tam nedojde. Jinak ale Dobe\u0161 byl schopen zastavit n\u011bkter\u00e9 \u0161\u00edlen\u00e9 projekty, kdy jsem m\u011bl pocit, \u017ee hlavn\u00edm vyu\u010dovac\u00edm p\u0159edm\u011btem pro sedmilet\u00e9 d\u011bti bude natahov\u00e1n\u00ed prezervativu.<\/p>\n<p>&#8211; Kdo z vl\u00e1dy je podle v\u00e1s nekompetentn\u00ed ministr?<br \/>\nV\u016fbec se neodva\u017euji zn\u00e1mkovat jednotliv\u00e9 ministry. M\u016fj n\u00e1zor nen\u00ed jako n\u00e1zor ka\u017ed\u00e9ho.<\/p>\n<p>&#8211; Alespo\u0148 vyjmenuji ministry, kte\u0159\u00ed jsou takzvan\u011b na odst\u0159el, a zkuste \u0159\u00edct, jestli jsou to podle v\u00e1s lid\u00e9 na sv\u00e9m m\u00edst\u011b. Ji\u0159\u00ed Posp\u00ed\u0161il, Jarom\u00edr Dr\u00e1bek, Pavel Dobe\u0161, Alexandr Vondra.<br \/>\nNebudu je br\u00e1t jednoho po druh\u00e9m, nem\u00e1m r\u00e1d n\u00e1lepky. Z tohoto v\u00fd\u010dtu m\u011b napad\u00e1 jen jedna konkr\u00e9tn\u00ed v\u011bc, a to je takzvan\u00e1 reforma pracovn\u00edch \u00fa\u0159ad\u016f. Jezd\u00edm po republice a v\u00edm, \u017ee toto je krok, kter\u00fd zas\u00e1hl snad v\u016fbec nejv\u00edc lid\u00ed. A nikdo dnes nezmi\u0148uje, \u017ee pan prezident ten p\u0159\u00edslu\u0161n\u00fd z\u00e1kon vr\u00e1til s v\u00fdhradami, \u017ee o\u010dek\u00e1v\u00e1 p\u0159esn\u011b takov\u00e9to probl\u00e9my, kter\u00e9 nastaly. Kdyby pan prezident tento z\u00e1kon pochv\u00e1lil, v\u0161ichni by to p\u0159ipom\u00ednali ka\u017ed\u00fd den. Sahat do jak\u017etak\u017e funguj\u00edc\u00edho syst\u00e9mu si m\u016f\u017eu dovolit jen tehdy, m\u00e1m-li ten krok dokonale p\u0159ipraven.<\/p>\n<p>&#8211; Nejste tedy fanou\u0161kem pana ministra Dr\u00e1bka?<br \/>\nJeho vystupov\u00e1n\u00ed a hodn\u011b jeho jin\u00fdch krok\u016f mi naopak p\u0159i\u0161lo docela dobr\u00fdch.<\/p>\n<p>&#8211; Prob\u00edhaj\u00ed protesty proti vl\u00e1d\u011b i proti prezidentovi. Mluv\u00ed se o tom na Hrad\u011b?<br \/>\n\u017de bychom se t\u00edm n\u011bjak zvl\u00e1\u0161\u0165 nadm\u00edru zaob\u00edrali, to nev\u00edm. Ale to jsou legitimn\u00ed sou\u010d\u00e1sti svobodn\u00e9 spole\u010dnosti. A to dokonce i krajn\u00ed podoby takov\u00fdch postoj\u016f. Za pozornost mo\u017en\u00e1 stoj\u00ed, \u017ee se na t\u011bchto extr\u00e9mn\u00edch postoj\u00edch p\u0159i\u017eivuj\u00ed a parazituj\u00ed na nich parlamentn\u00ed opozice a odbory. To za znepokojen\u00ed stoj\u00ed.<\/p>\n<p>&#8211; Pan prezident k protest\u016fm, p\u0159i nich\u017e je na transparentech vyz\u00fdv\u00e1n k rezignaci, n\u011bjak\u00fd koment\u00e1\u0159 nem\u00e1?<br \/>\nNemysl\u00edm, \u017ee by se k tomu n\u011bjak speci\u00e1ln\u011b vyslovoval. A nev\u00edm, na kolika procentech t\u011bch transparent\u016f v\u00fdzvy m\u00ed\u0159en\u00e9 na n\u011bj byly. V\u00edm, \u017ee zrovna tyto transparenty si na\u0161ly kamery a fotoapar\u00e1ty. Ale j\u00e1 jsem tam vid\u011bl i &#8222;Pry\u010d s Bruselem&#8220; a &#8222;Zru\u0161ili n\u00e1m cukrovary&#8220;. Takov\u00e9 transparenty ale v televizi nebyly.<\/p>\n<p>&#8211; Tak\u017ee z n\u011bkter\u00fdch m\u011bl pan prezident i radost?<br \/>\nNo&#8230; J\u00e1 nev\u00edm. T\u011b\u017eko \u0159\u00edct.<\/p>\n<p>&#8211; Kalousek k tomu \u0159ekl, \u017ee to nebyly protesty proti vl\u00e1d\u011b, ale proti demokratick\u00e9mu syst\u00e9mu.<br \/>\nM\u00e1 pravdu. Protesty byly zam\u011b\u0159eny proti politick\u00e9mu syst\u00e9mu. V\u0161echno by vymetli, vyh\u00e1zeli, z t\u011bch v\u00fdrok\u016f nen\u00ed v\u016fbec patrno, jak by ten syst\u00e9m podle nich m\u011bl vypadat. Tyhle projevy a postoje existuj\u00ed odjak\u017eiva. Ob\u010das vybublaj\u00ed v\u00edc, jako t\u0159eba koncem dvac\u00e1t\u00fdch let.<\/p>\n<p>&#8211; Mlad\u00fd revolucion\u00e1\u0159 Ota Hrom\u00e1dko si za prvn\u00ed republiky zapsal v pam\u011btech varov\u00e1n\u00ed sv\u00e9ho d\u011bde\u010dka: &#8222;Hochu, d\u011bl\u00e1te hloupost. Chcete vyhnat od koryta star\u00e9 na\u017eran\u00e9 svin\u011b a pustit tam jin\u00e9, hladov\u00e9. V\u00ed\u0161, kolik budou muset lidi vytrp\u011bt, ne\u017e se ty nov\u00e9 tak vy\u017eerou?&#8220; Tak n\u011bjak m\u00e1te na mysli ono vymet\u00e1n\u00ed?<br \/>\nV\u0161echno u\u017e tu bylo. Nev\u00edm, jestli by si lid\u00e9 m\u011bli dnes opakovat tento v\u00fdrok, ono lze jist\u011b naj\u00edt spoustu jin\u00fdch ekvivalent\u016f. Protestuj\u00edc\u00ed by si m\u011bli uv\u011bdomit, \u017ee p\u0159\u00ed\u0161ernosti dvac\u00e1t\u00e9ho stolet\u00ed nespadly z Marsu. To byla jen realizace pocit\u016f, frustrac\u00ed, kter\u00e9 existovaly v\u017edycky. A budou v\u017edy existovat. V\u017edycky se najde n\u011bkdo, kdo je uchop\u00ed. A ty konce b\u00fdvaj\u00ed stra\u0161liv\u00e9.<\/p>\n<p>&#8211; \u010casto v posledn\u00ed dob\u011b sly\u0161\u00edm, \u017ee tahle vl\u00e1da je nejhor\u0161\u00ed z porevolu\u010dn\u00edch. Souhlas\u00edte?<br \/>\nNe.<\/p>\n<p>&#8211; Kter\u00e1 byla hor\u0161\u00ed?<br \/>\nGrossova. \u0160pidlova. Paroubkova. To\u0161ovsk\u00e9ho.<\/p>\n<p>&#8211; A co Topol\u00e1nkova? V posledn\u00ed dob\u011b se tak\u00e9 \u010dasto oz\u00fdv\u00e1: &#8222;Zlat\u00fd Topol\u00e1nek&#8230;&#8220;<br \/>\nV jedn\u00e9 v\u011bci byla Topol\u00e1nkova vl\u00e1da nekone\u010dn\u011b hor\u0161\u00ed. V jeho vl\u00e1d\u011b sed\u011bli zelen\u00ed extremist\u00e9. A je\u0161t\u011b dnes n\u00e1s to jejich vl\u00e1dn\u00ed anga\u017em\u00e1 v\u0161echny stoj\u00ed stra\u0161n\u00e9 pen\u00edze.<\/p>\n<p>&#8211; Co mysl\u00edte konkr\u00e9tn\u011b?<br \/>\nT\u00edm mysl\u00edm p\u0159edev\u0161\u00edm jejich zlo\u010dinnou zelenou politiku. Na nesmysln\u00e9 um\u011bl\u00e9 zelen\u00e9 byznysy st\u00e1t dopl\u00e1c\u00ed ohromn\u00e9 miliardy &#8211; a bude dopl\u00e1cet d\u00e1l.<\/p>\n<p>&#8211; Srovnejte premi\u00e9ry Topol\u00e1nka a Ne\u010dase.<br \/>\nMysl\u00edm, \u017ee premi\u00e9r Ne\u010das je ideov\u011b zako\u0159en\u011bn\u011bj\u0161\u00ed, vid\u00edm na n\u011bm ur\u010dit\u00fd p\u0159\u00edklon ke konzervativn\u00edm hodnot\u00e1m. Na rozd\u00edl od Topol\u00e1nka.<\/p>\n<p>&#8211; A kdo je \u010di byl jako premi\u00e9r prosp\u011b\u0161n\u011bj\u0161\u00ed \u010cesk\u00e9 republice?<br \/>\nJ\u00e1 douf\u00e1m, \u017ee to bude Ne\u010das. To se je\u0161t\u011b uvid\u00ed.<\/p>\n<p>&#8211; Pro\u010d mu dr\u017e\u00edte palce?<br \/>\nSob\u011b dr\u017e\u00edm palce. A cel\u00e9 republice dr\u017e\u00edm palce.<\/p>\n<p>&#8211; Topol\u00e1nek vypr\u00e1v\u011bl, \u017ee V\u00e1clav Klaus se sv\u00fdm fa\u0161izoidn\u00edm obli\u010dejem prohr\u00e1l ODS volby. Jak jste Topol\u00e1nka jako osobnost hodnotil?<br \/>\nStra\u0161n\u011b po mn\u011b chcete, abych n\u00e1lepkoval jin\u00e9 lidi. Kdy\u017e se budeme n\u00e1lepkovat, ve\u0159ejn\u00e1 debata sklouzne k osobn\u00edmu a vyhrocen\u00e9mu t\u00f3nu. Nel\u00edb\u00ed se mi p\u0159ed\u010dasn\u00e9 odsudky lid\u00ed na prvn\u00ed na\u0161l\u00e1pnut\u00ed. J\u00e1 mysl\u00edm, \u017ee se d\u00e1 bavit o hodn\u011b zaj\u00edmav\u00fdch v\u011bcech, ale kdy\u017e budu vysl\u00fdch\u00e1n na vlastnosti jednotliv\u00fdch politik\u016f, tak se tady budeme nudit.<\/p>\n<p>&#8211; Dob\u0159e, tak velmi zaj\u00edmav\u00e1 v\u011bc &#8211; odposlechy telefonick\u00fdch hovor\u016f Pavla B\u00e9ma a Romana Janou\u0161ka. Jak jste na to na Hrad\u011b reagovali? Nep\u0159edpokl\u00e1d\u00e1m, \u017ee byste si tu nahr\u00e1vku na internetu neposlechl.<br \/>\nJ\u00e1 \u017ee bych si ji poslechl? To si fakt mysl\u00edte?<\/p>\n<p>&#8211; Ano.<br \/>\n\u017de by m\u011b to v \u017eivot\u011b napadlo? My\u0161lenka, \u017ee bych poslouchal n\u011b\u010d\u00ed nahr\u00e1vky? Mn\u011b to p\u0159ijde \u00fachyln\u00fd! Ani m\u011b to nenapadlo! A z t\u011bch \u010dl\u00e1nk\u016f jsem ne\u010detl ani jeden. Sta\u010dil mi titulek. V\u016f\u016f\u016fbec m\u011b to nezaj\u00edm\u00e1, absolutn\u011b ne!<\/p>\n<p>&#8211; V\u00e1s nezaj\u00edm\u00e1, jestli skute\u010dn\u011b Janou\u0161ek rozhodoval o tom, kdo bude sed\u011bt v \u010dele st\u0159edo\u010desk\u00e9 VZP? Kter\u00e9 pozemky bude Dopravn\u00ed podnik prod\u00e1vat?<br \/>\nA v\u00edte, co znamen\u00e1 slovo &#8222;rozhodoval&#8220;? P\u0159ece nen\u00ed pravda, \u017ee n\u011bco rozhodoval.<\/p>\n<p>&#8211; V\u017edy\u0165 jste nesly\u0161el ty nahr\u00e1vky.<br \/>\nNerozhodoval! On m\u011bl pr\u00e1vo podpisu? M\u011bl raz\u00edtko? Pr\u00e1vo hlasovat? V\u00edte, lidi si \u010dasto pletou dv\u011b slova. Vliv a moc.<\/p>\n<p>&#8211; On B\u00e9movi \u0159\u00edkal, kdo ano a kdo ne. Dirigoval ho.<br \/>\nJanou\u0161ek ur\u010dit\u011b nerozhodoval. Jestli\u017ee na volen\u00e9 p\u0159edstavitele maj\u00ed vliv r\u016fzn\u00ed jejich zn\u00e1m\u00ed, bl\u00edzc\u00ed p\u0159\u00e1tel\u00e9, to je jin\u00e1 v\u011bc. Ot\u00e1zkou je, jak\u00e9 ty vlivy jsou. Kter\u00e9 jsou prosp\u011b\u0161n\u00e9, \u0161kodliv\u00e9, siln\u00e9, slab\u00e9. Ale po\u0159\u00e1d jsou to jen vlivy. Ani za ministra, kter\u00fd je pod pantoflem, nerozhoduje man\u017eelka. Tak\u017ee &#8211; do t\u00e9to chv\u00edle jsem si p\u0159e\u010detl pouze titulky a v\u00edc m\u011b nezaj\u00edm\u00e1.<\/p>\n<p>&#8211; J\u00e1 jsem si to pustila i proto, \u017ee Pavel B\u00e9m prohla\u0161oval, jak s panem Janou\u0161kem jen a jen hraj\u00ed tenis.<br \/>\nJ\u00e1 bych se pova\u017eoval za \u00fachyla, kdybych si to pou\u0161t\u011bl. A styd\u011bl bych se s\u00e1m za sebe.<\/p>\n<p>&#8211; Tak\u017ee jsem \u00fachyl?<br \/>\nVy po\u0159\u00e1d p\u0159ekl\u00e1d\u00e1te z \u010de\u0161tiny do \u010de\u0161tiny.<\/p>\n<p>&#8211; Jsem ve va\u0161em vid\u011bn\u00ed sv\u011bta \u00fachyl?<br \/>\nJ\u00e1 bych si p\u0159ipadal jako \u00fachyl. Vy mi d\u00e1v\u00e1te do \u00fast svoje slova, ale mn\u011b se l\u00edb\u00ed ta moje.<\/p>\n<p>&#8211; Ptala jsem se na to i proto, \u017ee B\u00e9m byl v\u017edy velk\u00fdm spojencem pana prezidenta.<br \/>\nJ\u00e1 ani nev\u00edm, jestli byl spojenec&#8230; To ur\u010dit\u011b nebyl! M\u011b nikdy nenapadlo, \u017ee by byli spojenci.<\/p>\n<p>&#8211; Kdo jsou spojenci V\u00e1clava Klause na \u00fazem\u00ed \u010ceska?<br \/>\nOd t\u00e9 doby, co je V\u00e1clav Klaus prezidentem, se hra na spojence a nespojence nehraje. Nev\u00edm, \u017ee by m\u011bl spojence. Spojence pot\u0159ebuje politik, kter\u00fd chce b\u00fdt premi\u00e9rem, ministrem, p\u0159em\u00fd\u0161l\u00ed o koali\u010dn\u00edch partnerech. Tohle u\u017e ale V\u00e1clav Klaus deset let nem\u00e1 zapot\u0159eb\u00ed.<\/p>\n<p>&#8211; Chyb\u011bla mu tu n\u011bjak\u00e1 pravomoc?<br \/>\nAno. Mysl\u00edm, \u017ee by byl ur\u010dit\u011b r\u00e1d, kdyby -podobn\u011b jako to mohou n\u011bkte\u0159\u00ed jin\u00ed prezidenti &#8211; nemusel vr\u00e1tit Poslaneck\u00e9 sn\u011bmovn\u011b z\u00e1kon cel\u00fd, ale mohl by vracet pouze jednu \u010d\u00e1st, jeden paragraf. V pr\u016fb\u011bhu legislativn\u00edho procesu se na p\u016fvodn\u00ed p\u0159edlohu nabal\u00ed spousta v\u011bc\u00ed, kter\u00e9 s n\u00ed bu\u010f nemaj\u00ed nic spole\u010dn\u00e9ho, nebo jsou dokonce v rozporu. A pak je prezident opakovan\u011b tla\u010den do dilematu. M\u00e1m cel\u00fd ten z\u00e1kon zab\u00edt kv\u016fli v\u011bci, kter\u00e1 je tam evidentn\u011b \u0161patn\u011b, kdy\u017e ale jsou tam v\u011bci evidentn\u011b dobr\u00e9? Kdyby m\u011bl tuhle mo\u017enost, asi by to hodn\u011b uv\u00edtal.<\/p>\n<p>&#8211; Vid\u011bno va\u0161ima o\u010dima, m\u00e1 na sv\u00e9m kont\u011b prezident Klaus n\u011bjak\u00e9 ne\u00fasp\u011bchy?<br \/>\nTak, ne\u00fasp\u011bchy&#8230; Ur\u010ditou obdobou ne\u00fasp\u011bchu je nepochybn\u011b ka\u017ed\u00e9 p\u0159ehlasov\u00e1n\u00ed vr\u00e1cen\u00e9ho z\u00e1kona. A p\u0159ehlasov\u00e1n byl u v\u011bt\u0161iny vr\u00e1cen\u00fdch z\u00e1kon\u016f. Ve velk\u00e9 v\u011bt\u0161in\u011b.<\/p>\n<p>&#8211; A \u00fasp\u011bchy? Krom\u011b men\u0161iny t\u011bch z\u00e1kon\u016f, u nich\u017e tedy nebyl p\u0159ehlasov\u00e1n.<br \/>\n\u00dasp\u011bchem je ka\u017ed\u00fd den, kdy \u010dlov\u011bk nejde dom\u016f s blb\u00fdm pocitem, \u017ee n\u011bco nestihl. \u017de n\u011bco nedot\u00e1hl. \u017divot je takhle jednoduch\u00fd, ne\u017e \u017ee by se po\u010d\u00edtaly \u010d\u00e1rky za \u00fasp\u011bchy a ne\u00fasp\u011bchy. Proto\u017ee jsem o tom nep\u0159em\u00fd\u0161lel, tak se mi to te\u010f z ruk\u00e1vu nesype.<\/p>\n<p>&#8211; Je V\u00e1clav Klaus se svou povahou saturov\u00e1n \u017eivotem a prac\u00ed na Hrad\u011b?<br \/>\nJ\u00e1 mysl\u00edm, \u017ee ano. Dokonce k m\u00e9mu p\u0159ekvapen\u00ed se s tou rol\u00ed s\u017eil v\u00edc a d\u0159\u00edv, ne\u017e jsem o\u010dek\u00e1val. Takov\u00fd ten univerz\u00e1ln\u00ed pohled na n\u011bkter\u00e9 v\u011bci z\u00edskal hned ze za\u010d\u00e1tku. J\u00e1 jsem naopak byl v t\u00e9 dob\u011b \u010dlov\u011bk, kter\u00fd by si ho p\u0159\u00e1l je\u0161t\u011b tak \u010dty\u0159i roky ve vl\u00e1d\u011b. Mysl\u00edm, \u017ee by to bylo u\u017eite\u010dn\u00e9.<\/p>\n<p>&#8211; Tedy by byl u\u017eite\u010dn\u011bj\u0161\u00ed ve vl\u00e1d\u011b ne\u017e na Hrad\u011b?<br \/>\nJ\u00e1 jsem si to tehdy myslel. Ale to je jen m\u016fj pocit z doby n\u00e1stupu. Podle m\u011b m\u011bl tehdy je\u0161t\u011b \u010das na univerzalitu. Na tu m\u00edru obecnosti. V tu dobu se m\u011bl je\u0161t\u011b zab\u00fdvat konkr\u00e9tn\u00edmi probl\u00e9my. Myslel jsem si, \u017ee tohle mu bude \u010dinit probl\u00e9m. Ale to jsem se m\u00fdlil. On se s tou rol\u00ed s\u017eil velmi rychle. A nem\u011bl ambice zasahovat do jednotlivost\u00ed. Jin\u00e1 v\u011bc mu trvala tro\u0161ku d\u00e9le. A na m\u016fj vkus mnohem d\u00e9le, ne\u017e bych j\u00e1 p\u0159edpokl\u00e1dal. A to je upravit si sv\u016fj pracovn\u00ed a \u017eivotn\u00ed rytmus na ten prezidentsk\u00fd. N\u011bkolik let ze setrva\u010dnosti, jak byl zvykl\u00fd, m\u011bl pocit, \u017ee po\u0159\u00e1d mus\u00ed d\u011blat spoustu v\u011bc\u00ed a m\u00edt pln\u00fd program. Mysl\u00edm, \u017ee tohle prezident\u016fm \u00fapln\u011b neslu\u0161\u00ed. Prezident\u016fm slu\u0161\u00ed&#8230;<\/p>\n<p>&#8211; &#8230;pomal\u00fd krok?<br \/>\nAno! Ur\u010dit\u00fd nadhled a pomal\u00fd krok. \u0158ekl bych, \u017ee k tomu pomalej\u0161\u00edmu kroku dosp\u011bl a\u017e v posledn\u00edch letech. P\u0159izn\u00e1m se, \u017ee v tom se skr\u00fdv\u00e1 jednak m\u016fj obecn\u00fd n\u00e1zor, ale i m\u016fj osobn\u00ed z\u00e1jem, proto\u017ee j\u00e1 jsem toho m\u011bl ta prvn\u00ed l\u00e9ta docela pln\u00fd brejle.<\/p>\n<p>&#8211; M\u00e1 v sob\u011b V\u00e1clav Klaus po\u0159\u00e1d pocit, \u017ee &#8222;dovolen\u00e1&#8220; je sprost\u00e9 slovo?<br \/>\nAle jo&#8230; A napi\u0161te, \u017ee jsem to \u0159ekl s otr\u00e1ven\u00fdm v\u00fdrazem ve tv\u00e1\u0159i.<\/p>\n<p>&#8211; Um\u00edte si ho p\u0159edstavit jako &#8222;prvn\u00ed d\u00e1mu&#8220;, tedy man\u017eela prezidentky?<br \/>\nA v\u00edte, \u017ee ano? Ano. Ano! J\u00e1 jsem poprv\u00e9 o tomto t\u00e9matu p\u0159em\u00fd\u0161lel p\u0159ed dv\u011bma dny a zjistil jsem, \u017ee by mu zvl\u00e1\u0161tn\u00ed pozice ur\u010dit\u00e9ho libera docela vyhovovala. A to mo\u017en\u00e1 i v\u00edc ne\u017e ta sou\u010dasn\u00e1 funkce. Zat\u00edmco te\u010f mus\u00ed respektovat n\u00e1roky a po\u017eadavky na vrcholovou funkci, v t\u00e9 jin\u00e9 by si mohl dovolit leccos \u0159\u00edct.<\/p>\n<p>&#8211; Mysl\u00edte, \u017ee by do toho pan\u00ed Livii nekecal?<br \/>\nJ\u00e1 mysl\u00edm, \u017ee p\u0159im\u011b\u0159en\u011b ano. Tak jako ona jemu.<\/p>\n<p>&#8211; Existuj\u00ed tedy d\u016fvody, kv\u016fli nim\u017e se V\u00e1clav Klaus t\u011b\u0161\u00ed na odchod z Hradu?<br \/>\nMysl\u00edm, \u017ee se net\u011b\u0161\u00ed a ani neob\u00e1v\u00e1. On se t\u00edm nezaob\u00edr\u00e1. Skoro nikoho z n\u00e1s my\u0161lenky na odchod nenapadaj\u00ed. Prost\u011b rok je je\u0161t\u011b dost dlouh\u00e1 doba. A pro\u010d bychom p\u0159em\u00fd\u0161leli o tom, co bude pak, kdy\u017e bude stejn\u011b konec sv\u011bta, ne?<\/p>\n<p>&#8211; Ale tomu vy asi nev\u011b\u0159\u00edte, ne? Nev\u00edm tedy, jak je to tady na Hrad\u011b s extr\u00e9mn\u00edmi n\u00e1zory, jejich\u017e nositelem je hlavn\u011b pan H\u00e1jek&#8230;<br \/>\nJ\u00e1 douf\u00e1m, \u017ee tady m\u00e1me v\u0161ichni extr\u00e9mn\u00ed n\u00e1zory.<\/p>\n<p>&#8211; Tak bude konec sv\u011bta, pane Jakle?<br \/>\nN\u011bkdy ur\u010dit\u011b.<\/p>\n<p>&#8211; Ale nevid\u00edte to na prosinec 2012&#8230;<br \/>\nNe, to nevid\u00edm.<\/p>\n<p>&#8211; Po V\u00e1clavu Havlovi se p\u0159ejmenuje pra\u017esk\u00e9 leti\u0161t\u011b. Co by se jednou mohlo p\u0159ejmenovat po V\u00e1clavu Klausovi?<br \/>\nNic m\u011b nenapad\u00e1. Nep\u0159em\u00fd\u0161lel jsem o tom. Vltava?<\/p>\n<p>&#8211; Jako \u017ee by Prahou prot\u00e9kal V\u00e1clav Klaus?<br \/>\nJo.<\/p>\n<p>&#8211; M\u016f\u017eete mi vysv\u011btlit, co jsou to ti antilid\u00e9, jak V\u00e1clav Klaus tituloval p\u0159ed p\u00e1r dny novin\u00e1\u0159e?<br \/>\nNo&#8230;<\/p>\n<p>&#8211; S\u00e1m jste \u0159ekl, \u017ee nem\u00e1te r\u00e1d n\u00e1lepkov\u00e1n\u00ed, a tohle byla docela drsn\u00e1 n\u00e1lepka.<br \/>\nNebyl jsem u toho a nesed\u00edm v Klausov\u011b hlav\u011b, tak\u017ee v\u00e1m to vysv\u011btlit nemohu. Ale um\u00edm si p\u0159edstavit, \u017ee kdy\u017e je \u010dlov\u011bk na\u0161tvan\u00fd, \u0159ekne ledacos. A V\u00e1clav Klaus je v roli, kdy ka\u017ed\u00e9 jeho slovo je milionkr\u00e1t recyklov\u00e1no a serv\u00edrov\u00e1no mu na tal\u00ed\u0159i ka\u017ed\u00fd den. Zat\u00edmco mnohem sporn\u011bj\u0161\u00ed slova kohokoli jin\u00e9ho ve ve\u0159ejn\u00e9 oblasti jsou zapomenuta hned druh\u00fd den.<\/p>\n<p>&#8211; Nem\u011bl cht\u00edt b\u00fdt prezidentem.<br \/>\nTo nen\u00ed jen t\u00edm, \u017ee je prezident. To je t\u00edm, \u017ee je to Klaus. Ale \u0159\u00edk\u00e1m, tohle si holt mus\u00ed vyp\u00edt. To pat\u0159\u00ed k v\u011bci.<\/p>\n<p>&#8211; Byla bych opravdu vd\u011b\u010dn\u00e1, kdybyste mi na tohle konkr\u00e9tn\u011b odpov\u011bd\u011bl &#8211; kdo by se v\u00e1m zd\u00e1l dobr\u00fd jako p\u0159\u00ed\u0161t\u00ed prezident.<br \/>\nJ\u00e1.<\/p>\n<p>&#8211; Hahaha. Budete kandidovat? Sh\u00e1n\u00edte podpisy? Promi\u0148te, j\u00e1 jsem v\u00e1s mo\u017en\u00e1 urazila, kdy\u017e se tomu sm\u011bji.<br \/>\nNe, v\u016fbec ne.<\/p>\n<p>&#8211; A byl to vtip?<br \/>\nJ\u00e1 m\u00e1m o sob\u011b docela dobr\u00e9 m\u00edn\u011bn\u00ed. \u0158ekn\u011bte deset d\u016fvod\u016f, pro\u010d ne.<\/p>\n<p>&#8211; Tak na tohle zase nejsem p\u0159ipraven\u00e1 j\u00e1, v\u00e1\u017en\u011b jsem o tom nep\u0159em\u00fd\u0161lela.<br \/>\nJsem blb\u011bj\u0161\u00ed ne\u017e jm\u00e9na, o kter\u00fdch se mluv\u00ed?<\/p>\n<p>&#8211; Tak\u017ee kdyby v\u00e1s oslovila skupina z\u00e1konod\u00e1rc\u016f, p\u0159\u00edpadn\u011b nepolitick\u00e1 skupina, kter\u00e1 by cht\u011bla pro va\u0161i kandidaturu sh\u00e1n\u011bt podpisy, vy byste do toho v\u00e1\u017en\u011b \u0161el?<br \/>\nTak, rozmyslel bych se, jestli by m\u011b v\u00edc nebavilo va\u0159it pivo a d\u011blat muziku. V t\u00e9 prezidentsk\u00e9 roli by se mi to d\u011blalo h\u016f\u0159. Hodn\u011b bych to zva\u017eoval. Ale kdyby m\u011b hodn\u011b p\u0159emlouvali, co j\u00e1 v\u00edm&#8230;<\/p>\n<p>&#8212;<\/p>\n<p>Ladislav Jakl (52) Tajemn\u00edk prezidenta V\u00e1clava Klause a \u0159editel politick\u00e9ho odboru jeho hradn\u00ed kancel\u00e1\u0159e. Poch\u00e1z\u00ed z Chebu, absolvoval Fakultu \u017eurnalistiky Univerzity Karlovy, po roce 1989 byl poslancem \u010cNR, vedouc\u00edm \u00da\u0159adu Rady pro rozhlasov\u00e9 a televizn\u00ed vys\u00edl\u00e1n\u00ed a novin\u00e1\u0159em v Lidov\u00fdch novin\u00e1ch. Od roku 1997 p\u016fsob\u00ed v r\u016fzn\u00fdch funkc\u00edch jako bl\u00edzk\u00fd spolupracovn\u00edk V\u00e1clava Klause. Ve voln\u00e9m \u010dase se v\u011bnuje hudb\u011b jako \u010dlen kapel Folimanka Blues a Etal. Je rozveden\u00fd, ve st\u0159\u00eddav\u00e9 p\u00e9\u010di vychov\u00e1v\u00e1 syna Mat\u011bje.<\/p>\n<p>Foto: VE SLU\u017dB\u011a, ALE V CIVILU. Autorka rozhovoru \u017e\u00e1dala Ladislava Jakla, zda by se k rozhovoru mohli sej\u00edt n\u011bkde mimo Hrad, aby se nec\u00edtil se\u0161n\u011brovan\u00fd. Nakonec interview prob\u011bhlo na Hrad\u011b, ale na d\u016fkaz volnosti si tajemn\u00edk alespo\u0148 na chv\u00edli sundal kravatu.<br \/>\nFoto: Jakub Stadler<\/p>\n<p>Foto: ST\u0158\u00cdBROP\u011aNN\u00dd PREZIDENT. Stav vody ve V\u00e1clavu Klausovi je dnes na \u00farovni norm\u00e1lu, jen se n\u00e1m ten Klaus n\u011bjak zakalil. Zat\u00edmco po V\u00e1clavu Havlovi pojmenovala vl\u00e1da ruzy\u0148sk\u00e9 leti\u0161t\u011b, jm\u00e9no V\u00e1clava Klause by jednou mohla n\u00e9st \u0159eka Vltava, navrhuje jeho tajemn\u00edk.<\/p>\n","protected":false},"excerpt":{"rendered":"<p>Zdroj:\u00a0T\u00fdden, J\u00e1 prezidentem? Pro\u010d ne Datum:\u00a026.03.2012 Str.:\u00a020 KLAUSOVA PRAV\u00c1 RUKA &#8211; A MO\u017dN\u00c1 I N\u00c1STUPCE<\/p>\n","protected":false},"author":1,"featured_media":0,"comment_status":"open","ping_status":"open","sticky":false,"template":"","format":"standard","meta":{"ngg_post_thumbnail":0,"footnotes":""},"categories":[13],"tags":[],"class_list":["post-1680","post","type-post","status-publish","format-standard","hentry","category-rozhovory"],"_links":{"self":[{"href":"https:\/\/www.ladislavjakl.cz\/index.php?rest_route=\/wp\/v2\/posts\/1680","targetHints":{"allow":["GET"]}}],"collection":[{"href":"https:\/\/www.ladislavjakl.cz\/index.php?rest_route=\/wp\/v2\/posts"}],"about":[{"href":"https:\/\/www.ladislavjakl.cz\/index.php?rest_route=\/wp\/v2\/types\/post"}],"author":[{"embeddable":true,"href":"https:\/\/www.ladislavjakl.cz\/index.php?rest_route=\/wp\/v2\/users\/1"}],"replies":[{"embeddable":true,"href":"https:\/\/www.ladislavjakl.cz\/index.php?rest_route=%2Fwp%2Fv2%2Fcomments&post=1680"}],"version-history":[{"count":2,"href":"https:\/\/www.ladislavjakl.cz\/index.php?rest_route=\/wp\/v2\/posts\/1680\/revisions"}],"predecessor-version":[{"id":1682,"href":"https:\/\/www.ladislavjakl.cz\/index.php?rest_route=\/wp\/v2\/posts\/1680\/revisions\/1682"}],"wp:attachment":[{"href":"https:\/\/www.ladislavjakl.cz\/index.php?rest_route=%2Fwp%2Fv2%2Fmedia&parent=1680"}],"wp:term":[{"taxonomy":"category","embeddable":true,"href":"https:\/\/www.ladislavjakl.cz\/index.php?rest_route=%2Fwp%2Fv2%2Fcategories&post=1680"},{"taxonomy":"post_tag","embeddable":true,"href":"https:\/\/www.ladislavjakl.cz\/index.php?rest_route=%2Fwp%2Fv2%2Ftags&post=1680"}],"curies":[{"name":"wp","href":"https:\/\/api.w.org\/{rel}","templated":true}]}}