{"id":1683,"date":"2012-03-30T10:26:03","date_gmt":"2012-03-30T08:26:03","guid":{"rendered":"http:\/\/www.ladislavjakl.cz\/?p=1683"},"modified":"2012-03-30T10:26:03","modified_gmt":"2012-03-30T08:26:03","slug":"dobry-pristi-prezident-ja-tvrdi-jakl-mozna-by-do-toho-sel","status":"publish","type":"post","link":"https:\/\/www.ladislavjakl.cz\/?p=1683","title":{"rendered":"Dobr\u00fd p\u0159\u00ed\u0161t\u00ed prezident? J\u00e1, tvrd\u00ed Jakl. Mo\u017en\u00e1 by do toho \u0161el"},"content":{"rendered":"<p>Ladislav Jakl zat\u00edm p\u016fsob\u00ed jako tajemn\u00edk sou\u010dasn\u00e9ho prezidenta V\u00e1clava  Klause. Dok\u00e1zal by si ale p\u0159edstavit, \u017ee by byl i jeho n\u00e1stupcem v roli  hlavy st\u00e1tu. Kdyby ho n\u011bkdo p\u0159emlouval, hodn\u011b by kandidaturu zva\u017eoval.<\/p>\n<p><!--more--><\/p>\n<p>Kdo by podle Ladislava Jakla, tajemn\u00edka V\u00e1clava Klause, byl dobr\u00fd  p\u0159\u00ed\u0161t\u00ed prezident? On s\u00e1m, odpov\u011bd\u011bl v rozhovoru pro \u010dasopis T\u00fdden. \u201eJ\u00e1  m\u00e1m o sob\u011b docela dobr\u00e9 m\u00edn\u011bn\u00ed. \u0158ekn\u011bte deset d\u016fvod\u016f, pro\u010d ne. Jsem  blb\u011bj\u0161\u00ed ne\u017e jm\u00e9na, o kter\u00fdch se mluv\u00ed?\u201c prohl\u00e1sil.<\/p>\n<p>Kdyby Jakla oslovila n\u011bjak\u00e1 skupina, \u017ee se ho pokus\u00ed protla\u010dit mezi  kandid\u00e1ty, mo\u017en\u00e1 by do toho \u0161el. \u201eHodn\u011b bych to zva\u017eoval. Ale kdyby m\u011b  hodn\u011b p\u0159emlouvali, co j\u00e1 v\u00edm&#8230;,\u201c \u0159ekl tajemn\u011b.<\/p>\n<p>Nov\u00e9 \u010d\u00edslo T\u00fddne s kompletn\u00edm rozhovorem vyjde 26. b\u0159ezna. Jakl v n\u011bm  komentuje i odchod Josefa Dobe\u0161e z postu ministra a hodnot\u00ed, zdali by  byl Klaus lep\u0161\u00ed prvn\u00ed d\u00e1mou ne\u017e prezidentem.<\/p>\n<p><a href=\"http:\/\/www.parlamentnilisty.cz\/zpravy\/Dobry-pristi-prezident-Ja-tvrdi-Jakl-Mozna-by-do-toho-sel-227153\" target=\"_blank\">Zdroj<\/a><\/p>\n","protected":false},"excerpt":{"rendered":"<p>Ladislav Jakl zat\u00edm p\u016fsob\u00ed jako tajemn\u00edk sou\u010dasn\u00e9ho prezidenta V\u00e1clava Klause. Dok\u00e1zal by si ale p\u0159edstavit, \u017ee by byl i jeho n\u00e1stupcem v roli hlavy st\u00e1tu. Kdyby ho n\u011bkdo p\u0159emlouval, hodn\u011b by kandidaturu zva\u017eoval.<\/p>\n","protected":false},"author":1,"featured_media":0,"comment_status":"open","ping_status":"open","sticky":false,"template":"","format":"standard","meta":{"ngg_post_thumbnail":0,"footnotes":""},"categories":[11],"tags":[],"class_list":["post-1683","post","type-post","status-publish","format-standard","hentry","category-ozvena"],"_links":{"self":[{"href":"https:\/\/www.ladislavjakl.cz\/index.php?rest_route=\/wp\/v2\/posts\/1683","targetHints":{"allow":["GET"]}}],"collection":[{"href":"https:\/\/www.ladislavjakl.cz\/index.php?rest_route=\/wp\/v2\/posts"}],"about":[{"href":"https:\/\/www.ladislavjakl.cz\/index.php?rest_route=\/wp\/v2\/types\/post"}],"author":[{"embeddable":true,"href":"https:\/\/www.ladislavjakl.cz\/index.php?rest_route=\/wp\/v2\/users\/1"}],"replies":[{"embeddable":true,"href":"https:\/\/www.ladislavjakl.cz\/index.php?rest_route=%2Fwp%2Fv2%2Fcomments&post=1683"}],"version-history":[{"count":1,"href":"https:\/\/www.ladislavjakl.cz\/index.php?rest_route=\/wp\/v2\/posts\/1683\/revisions"}],"predecessor-version":[{"id":1684,"href":"https:\/\/www.ladislavjakl.cz\/index.php?rest_route=\/wp\/v2\/posts\/1683\/revisions\/1684"}],"wp:attachment":[{"href":"https:\/\/www.ladislavjakl.cz\/index.php?rest_route=%2Fwp%2Fv2%2Fmedia&parent=1683"}],"wp:term":[{"taxonomy":"category","embeddable":true,"href":"https:\/\/www.ladislavjakl.cz\/index.php?rest_route=%2Fwp%2Fv2%2Fcategories&post=1683"},{"taxonomy":"post_tag","embeddable":true,"href":"https:\/\/www.ladislavjakl.cz\/index.php?rest_route=%2Fwp%2Fv2%2Ftags&post=1683"}],"curies":[{"name":"wp","href":"https:\/\/api.w.org\/{rel}","templated":true}]}}