{"id":1685,"date":"2012-03-30T10:30:27","date_gmt":"2012-03-30T08:30:27","guid":{"rendered":"http:\/\/www.ladislavjakl.cz\/?p=1685"},"modified":"2012-03-30T10:30:36","modified_gmt":"2012-03-30T08:30:36","slug":"je-ceskym-narodnim-zajmem-byt-v-evropske-unii-odpovidal-ladislav-jakl","status":"publish","type":"post","link":"https:\/\/www.ladislavjakl.cz\/?p=1685","title":{"rendered":"EKONOM: Je \u010desk\u00fdm n\u00e1rodn\u00edm z\u00e1jmem b\u00fdt v Evropsk\u00e9 unii? Odpov\u00eddal Ladislav Jakl"},"content":{"rendered":"<p>V polovin\u011b b\u0159ezna se v\u00a0budov\u011b New York University v\u00a0Praze se\u0161la  reprezentativn\u00ed skupina lid\u00ed \u2013\u00a0 velvyslanci, b\u00fdval\u00ed i\u00a0sou\u010dasn\u00ed minist\u0159i  a\u00a0dal\u0161\u00ed politici, ekonomov\u00e9, lid\u00e9 z\u00a0byznysu i\u00a0z\u00a0neziskov\u00e9ho sektoru,  novin\u00e1\u0159i, experti na zahrani\u010dn\u00ed politiku.<\/p>\n<p><!--more--><\/p>\n<p>P\u0159i\u0161li na konferenci \u010cesk\u00e9 n\u00e1rodn\u00ed z\u00e1jmy uspo\u0159\u00e1dan\u00e9 obecn\u011b prosp\u011b\u0161nou  spole\u010dnost\u00ed B\u00edl\u00e1 lilie. Slibovat si od tohoto shrom\u00e1\u017ed\u011bn\u00ed lep\u0161\u00ed vhled  do toho, co to ty \u010desk\u00e9 n\u00e1rodn\u00ed z\u00e1jmy vlastn\u011b jsou, je zcela nam\u00edst\u011b.<\/p>\n<p>Pe\u010dliv\u00fd pozorovatel v\u0161ak po celodenn\u00edm maratonu diskus\u00ed musel nutn\u011b  dosp\u011bt k\u00a0jasn\u00e9mu z\u00e1v\u011bru \u2013 n\u00e1rodn\u00ed z\u00e1jmy si ka\u017ed\u00fd definuje po sv\u00e9m,  vlastn\u00edm \u00fahlem pohledu, napl\u0148uje je r\u016fzn\u00fdm obsahem, s\u00a0r\u016fznou vahou  a\u00a0prom\u011bnliv\u00fdmi c\u00edli.<\/p>\n<h2>Negativn\u00ed vymezov\u00e1n\u00ed<\/h2>\n<p>Mezi nej\u010dast\u011bji jmenovan\u00e9 obecn\u011b platn\u00e9 z\u00e1jmy st\u00e1t\u016f pat\u0159\u00ed vedle  dobr\u00fdch sousedsk\u00fdch vztah\u016f zejm\u00e9na blahobyt a\u00a0bezpe\u010dnost. \u201eN\u00e1rodn\u00ed z\u00e1jmy  jsou u\u017e d\u00e1vno pr\u00e1zdnou floskul\u00ed pou\u017e\u00edvanou sp\u00ed\u0161e jako kladivo na  oponenty. \u010cast\u011bji se dozv\u00edd\u00e1me, \u017ee n\u011bco v\u00a0n\u00e1rodn\u00edm z\u00e1jmu nen\u00ed, ne\u017e \u017ee  je. N\u00e1rodn\u00edm z\u00e1jmem proto podle mne je dohodnout se na zahrani\u010dn\u00ed  politice a\u00a0kultivaci politick\u00e9ho \u017eivota v\u00a0\u010cesk\u00e9 republice,\u201c poj\u00edm\u00e1 t\u00e9ma  sp\u00ed\u0161e filozoficky Petr Pithart.<\/p>\n<p>Za pravdu mu d\u00e1vaj\u00ed ned\u00e1vn\u00e9 ud\u00e1losti. Kdy\u017e se premi\u00e9r Petr Ne\u010das  rozhodl nep\u0159ipojit sv\u016fj podpis pod fisk\u00e1ln\u00ed smlouvu, nedozv\u011bd\u011bla se  ve\u0159ejnost to, co v\u00a0n\u00e1rodn\u00edm z\u00e1jmu je, ale to, co v\u00a0n\u011bm nen\u00ed. A\u00a0to z\u00a0obou  stran politick\u00e9ho spektra.\u00a0 \u201eSmlouva o\u00a0fisk\u00e1ln\u00ed zodpov\u011bdnosti nen\u00ed  v\u00a0z\u00e1jmu \u010cesk\u00e9 republiky a\u00a0jej\u00edch ob\u010dan\u016f,\u201c zazn\u00edvalo a\u00a0zazn\u00edv\u00e1 z\u00a0ODS.<\/p>\n<p><em> <\/em><\/p>\n<hr \/>\n<p><em> Jak souslov\u00ed &#8222;\u010desk\u00e9 n\u00e1rodn\u00ed z\u00e1jmy&#8220; vn\u00edm\u00e1 prezident republiky? Je  n\u00e1rodn\u00edm z\u00e1jmem \u010ceska b\u00fdt sou\u010d\u00e1st\u00ed Evropsk\u00e9 unie? A kdo \u010desk\u00e9 z\u00e1jmy  nejv\u00edce po\u0161kozuje?<\/em><\/p>\n<p>Ptali jste se <strong>Ladislava Jakla,<\/strong> \u0159editele politick\u00e9ho odboru prezidenta republiky. Na\u00a0dotazy \u010dten\u00e1\u0159\u016f serveru Ekonom.cz odpov\u00eddal\u00a0<strong>v pond\u011bl\u00ed 26. b\u0159ezna.<\/strong><\/p>\n<p><strong><a href=\"http:\/\/zpravy.ihned.cz\/politika\/c1-55103690-ekonom-je-ceskym-narodnim-zajmem-byt-v-evropske-unii-odpovidal-ladislav-jakl\" target=\"_blank\">Odpov\u011bdi a ot\u00e1zky ZDE<\/a><br \/>\n<\/strong><\/p>\n","protected":false},"excerpt":{"rendered":"<p>V polovin\u011b b\u0159ezna se v\u00a0budov\u011b New York University v\u00a0Praze se\u0161la reprezentativn\u00ed skupina lid\u00ed \u2013\u00a0 velvyslanci, b\u00fdval\u00ed i\u00a0sou\u010dasn\u00ed minist\u0159i a\u00a0dal\u0161\u00ed politici, ekonomov\u00e9, lid\u00e9 z\u00a0byznysu i\u00a0z\u00a0neziskov\u00e9ho sektoru, novin\u00e1\u0159i, experti na zahrani\u010dn\u00ed politiku.<\/p>\n","protected":false},"author":1,"featured_media":0,"comment_status":"open","ping_status":"open","sticky":false,"template":"","format":"standard","meta":{"ngg_post_thumbnail":0,"footnotes":""},"categories":[13],"tags":[],"class_list":["post-1685","post","type-post","status-publish","format-standard","hentry","category-rozhovory"],"_links":{"self":[{"href":"https:\/\/www.ladislavjakl.cz\/index.php?rest_route=\/wp\/v2\/posts\/1685","targetHints":{"allow":["GET"]}}],"collection":[{"href":"https:\/\/www.ladislavjakl.cz\/index.php?rest_route=\/wp\/v2\/posts"}],"about":[{"href":"https:\/\/www.ladislavjakl.cz\/index.php?rest_route=\/wp\/v2\/types\/post"}],"author":[{"embeddable":true,"href":"https:\/\/www.ladislavjakl.cz\/index.php?rest_route=\/wp\/v2\/users\/1"}],"replies":[{"embeddable":true,"href":"https:\/\/www.ladislavjakl.cz\/index.php?rest_route=%2Fwp%2Fv2%2Fcomments&post=1685"}],"version-history":[{"count":2,"href":"https:\/\/www.ladislavjakl.cz\/index.php?rest_route=\/wp\/v2\/posts\/1685\/revisions"}],"predecessor-version":[{"id":1687,"href":"https:\/\/www.ladislavjakl.cz\/index.php?rest_route=\/wp\/v2\/posts\/1685\/revisions\/1687"}],"wp:attachment":[{"href":"https:\/\/www.ladislavjakl.cz\/index.php?rest_route=%2Fwp%2Fv2%2Fmedia&parent=1685"}],"wp:term":[{"taxonomy":"category","embeddable":true,"href":"https:\/\/www.ladislavjakl.cz\/index.php?rest_route=%2Fwp%2Fv2%2Fcategories&post=1685"},{"taxonomy":"post_tag","embeddable":true,"href":"https:\/\/www.ladislavjakl.cz\/index.php?rest_route=%2Fwp%2Fv2%2Ftags&post=1685"}],"curies":[{"name":"wp","href":"https:\/\/api.w.org\/{rel}","templated":true}]}}