{"id":1688,"date":"2012-03-30T10:32:07","date_gmt":"2012-03-30T08:32:07","guid":{"rendered":"http:\/\/www.ladislavjakl.cz\/?p=1688"},"modified":"2012-03-30T10:32:07","modified_gmt":"2012-03-30T08:32:07","slug":"jakl-me-janouskovy-odposlechy-vuuubec-nezajimaji-nejsem-uchyl","status":"publish","type":"post","link":"https:\/\/www.ladislavjakl.cz\/?p=1688","title":{"rendered":"Jakl: M\u011b Janou\u0161kovy odposlechy v\u016f\u016f\u016fbec nezaj\u00edmaj\u00ed. Nejsem \u00fachyl"},"content":{"rendered":"<p>Zve\u0159ej\u0148ovan\u00e9 odposlechy telefonick\u00fdch rozhovor\u016f mezi b\u00fdval\u00fdm pra\u017esk\u00fdm  prim\u00e1torem Pavlem B\u00e9mem a lobbistou Romanem Janou\u0161kem v\u016fbec nezaj\u00edmaj\u00ed  prezidentova tajemn\u00edka Ladislava Jakla. V rozhovoru pro \u010dasopis T\u00fdden  tvrd\u00ed, \u017ee by ho to v \u017eivot\u011b nenapadlo a u\u017e my\u0161lenka, \u017ee by poslouchal  n\u011b\u010d\u00ed nahr\u00e1vky, mu p\u0159ipad\u00e1 \u00fachyln\u00e1.<\/p>\n<p><!--more--><\/p>\n<p>Ve\u0159ejnost\u00ed h\u00fdbou odposlechy telefonick\u00fdch rozhovor\u016f mezi b\u00fdval\u00fdm  pra\u017esk\u00fdm prim\u00e1torem Pavlem B\u00e9mem a vlivn\u00fdm lobbistou Romanem Janou\u0161kem.  Tajemn\u00edk prezidenta V\u00e1clava Klause Ladislav Jakl se v rozhovoru pro  \u010dasopis T\u00fdden podivuje, jak by si mohl n\u011bkdo myslet, \u017ee by si on  zve\u0159ej\u0148ovan\u00e9 odposlechy na internetu n\u011bkdy pustil.<\/p>\n<p>\u201e\u017de by m\u011b to v \u017eivot\u011b napadlo? My\u0161lenka, \u017ee bych poslouchal n\u011b\u010d\u00ed  nahr\u00e1vky? Mn\u011b to p\u0159ijde \u00fachyln\u00fd. Ani m\u011b to nenapadlo. A z t\u011bch \u010dl\u00e1nk\u016f  jsem ne\u010detl ani jeden. Sta\u010dil mi titulek. V\u016f\u016f\u016fbec m\u011b to nezaj\u00edm\u00e1,  absolutn\u011b ne,\u201c \u0159\u00edk\u00e1 Jakl rozhodn\u011b a odm\u00edt\u00e1 tvrzen\u00ed, \u017ee by Janou\u0161ek o  n\u011b\u010dem rozhodoval. \u201eOn m\u011bl pr\u00e1vo podpisu? M\u011bl raz\u00edtko? Pr\u00e1vo hlasovat?  V\u00edte, lidi si \u010dastou pletou dv\u011b slova. Vliv a moc.\u201c<\/p>\n<p><strong>Janou\u0161ek nerozhodoval, mohl m\u00edt jen vliv<\/strong><\/p>\n<p>Podle prezidentova tajemn\u00edka Janou\u0161ek ur\u010dit\u011b nerozhodoval. Jin\u00e1 v\u011bc, \u017ee  na volen\u00e9 p\u0159edstavitele maj\u00ed vliv r\u016fzn\u00ed jejich zn\u00e1m\u00ed, bl\u00edzc\u00ed \u010di  p\u0159\u00e1tel\u00e9. \u201eOt\u00e1zkou je, jak\u00e9 ty vlivy jsou. Kter\u00e9 jsou prosp\u011b\u0161n\u00e9,  \u0161kodliv\u00e9, siln\u00e9, slab\u00e9. Ale po\u0159\u00e1d to jsou jen vlivy. Ani za ministra,  kter\u00fd je pod pantoflem, nerozhoduje man\u017eelka. Tak\u017ee \u2013 do t\u00e9to chv\u00edle  jsem si p\u0159e\u010detl pouze titulky a v\u00edc m\u011b nezaj\u00edm\u00e1,\u201c stoj\u00ed si na sv\u00e9m Jakl.<\/p>\n<p>S\u00e1m sebe by pova\u017eoval za \u00fachyla, kdyby si nahr\u00e1vky pou\u0161t\u011bl, a dokonce  by se s\u00e1m za sebe styd\u011bl. Zpochybnil tak\u00e9 panuj\u00edc\u00ed m\u00edn\u011bn\u00ed, \u017ee jeden z  akt\u00e9r\u016f odposlech\u016f Pavel B\u00e9m byl v\u017edy velk\u00fdm spojencem prezidenta V\u00e1clava  Klause. \u201eTo ur\u010dit\u011b nebyl! M\u011b nikdy nenapadlo, \u017ee by byli spojenci,\u201c  prohla\u0161uje Jakl.<\/p>\n<p><strong>B\u00e9m nebyl prezidentov\u00fdm spojencem<\/strong><\/p>\n<p>Podle tajemn\u00edka hlavy st\u00e1tu se od t\u00e9 doby, co je V\u00e1clav Klaus  prezidentem, hra na spojence a nespojence nehraje. \u201eNev\u00edm, \u017ee by m\u011bl  spojence. Spojence pot\u0159ebuje politik, kter\u00fd chce b\u00fdt premi\u00e9rem,  ministrem, p\u0159em\u00fd\u0161l\u00ed o koali\u010dn\u00edch partnerech. Tohle u\u017e ale V\u00e1clav Klaus  deset let nem\u00e1 zapot\u0159eb\u00ed,\u201c vysv\u011btluje Jakl.<\/p>\n<p><a href=\"http:\/\/www.parlamentnilisty.cz\/zpravy\/Jakl-Me-Janouskovy-odposlechy-vuuubec-nezajimaji-Nejsem-uchyl-227229\" target=\"_blank\">Zdroj<\/a><\/p>\n","protected":false},"excerpt":{"rendered":"<p>Zve\u0159ej\u0148ovan\u00e9 odposlechy telefonick\u00fdch rozhovor\u016f mezi b\u00fdval\u00fdm pra\u017esk\u00fdm prim\u00e1torem Pavlem B\u00e9mem a lobbistou Romanem Janou\u0161kem v\u016fbec nezaj\u00edmaj\u00ed prezidentova tajemn\u00edka Ladislava Jakla. V rozhovoru pro \u010dasopis T\u00fdden tvrd\u00ed, \u017ee by ho to v \u017eivot\u011b nenapadlo a u\u017e my\u0161lenka, \u017ee by poslouchal n\u011b\u010d\u00ed nahr\u00e1vky, mu p\u0159ipad\u00e1 \u00fachyln\u00e1.<\/p>\n","protected":false},"author":1,"featured_media":0,"comment_status":"open","ping_status":"open","sticky":false,"template":"","format":"standard","meta":{"ngg_post_thumbnail":0,"footnotes":""},"categories":[11],"tags":[],"class_list":["post-1688","post","type-post","status-publish","format-standard","hentry","category-ozvena"],"_links":{"self":[{"href":"https:\/\/www.ladislavjakl.cz\/index.php?rest_route=\/wp\/v2\/posts\/1688","targetHints":{"allow":["GET"]}}],"collection":[{"href":"https:\/\/www.ladislavjakl.cz\/index.php?rest_route=\/wp\/v2\/posts"}],"about":[{"href":"https:\/\/www.ladislavjakl.cz\/index.php?rest_route=\/wp\/v2\/types\/post"}],"author":[{"embeddable":true,"href":"https:\/\/www.ladislavjakl.cz\/index.php?rest_route=\/wp\/v2\/users\/1"}],"replies":[{"embeddable":true,"href":"https:\/\/www.ladislavjakl.cz\/index.php?rest_route=%2Fwp%2Fv2%2Fcomments&post=1688"}],"version-history":[{"count":2,"href":"https:\/\/www.ladislavjakl.cz\/index.php?rest_route=\/wp\/v2\/posts\/1688\/revisions"}],"predecessor-version":[{"id":1690,"href":"https:\/\/www.ladislavjakl.cz\/index.php?rest_route=\/wp\/v2\/posts\/1688\/revisions\/1690"}],"wp:attachment":[{"href":"https:\/\/www.ladislavjakl.cz\/index.php?rest_route=%2Fwp%2Fv2%2Fmedia&parent=1688"}],"wp:term":[{"taxonomy":"category","embeddable":true,"href":"https:\/\/www.ladislavjakl.cz\/index.php?rest_route=%2Fwp%2Fv2%2Fcategories&post=1688"},{"taxonomy":"post_tag","embeddable":true,"href":"https:\/\/www.ladislavjakl.cz\/index.php?rest_route=%2Fwp%2Fv2%2Ftags&post=1688"}],"curies":[{"name":"wp","href":"https:\/\/api.w.org\/{rel}","templated":true}]}}