{"id":1697,"date":"2012-04-03T10:03:24","date_gmt":"2012-04-03T08:03:24","guid":{"rendered":"http:\/\/www.ladislavjakl.cz\/?p=1697"},"modified":"2012-04-03T10:03:24","modified_gmt":"2012-04-03T08:03:24","slug":"centra-ceskych-mest-ozivenim-az-k-uplnemu-umrtveni","status":"publish","type":"post","link":"https:\/\/www.ladislavjakl.cz\/?p=1697","title":{"rendered":"Centra \u010desk\u00fdch m\u011bst: o\u017eiven\u00edm a\u017e k \u00fapln\u00e9mu umrtven\u00ed"},"content":{"rendered":"<p>V\u00a0sobotu ve dv\u011b odpoledne jsem se proch\u00e1zel centrem  Rokycan. Jarn\u00ed slun\u00ed\u010dko h\u0159\u00e1lo jedna radost. Um\u00edm si p\u0159edstavit, jak p\u0159ed  sto lety tohle m\u00edsto \u017eilo. Lid\u00e9 tu korzovali, potk\u00e1vali se, zdravili,  pov\u00eddali si, obchodovali. A dnes? Na cel\u00e9m velk\u00e9m historick\u00e9m n\u00e1m\u011bst\u00ed  jsem vid\u011bl DVA lidi! Byl to vietnamsk\u00fd man\u017eelsk\u00fd p\u00e1r.<\/p>\n<p><a name=\"t2\"><\/a><\/p>\n<div>\n<p><!--more--><\/p>\n<p>Kde ty lidi jsou, \u0159\u00edk\u00e1 si \u010dlov\u011bk v\u00a0historick\u00fdch centrech mnoha m\u011bst.  Koukaj\u00ed doma na televizi, ryjou zahr\u00e1dku nebo nakupuj\u00ed a kauflandech?  Asi ano. Zm\u011bnu \u017eivotn\u00edho stylu zastavit nejde. Ale jsou to v\u0161e jen zm\u011bny  logick\u00e9, odpov\u00eddaj\u00edc\u00ed v\u00fdvoji spole\u010dnosti? Ob\u00e1v\u00e1m se, \u017ee ne. N\u011bkter\u00e9 si  d\u011bl\u00e1me um\u011ble sami.<\/p>\n<p>K\u00a0umrtvov\u00e1n\u00ed m\u011bst toti\u017e radnice mnohde p\u0159isp\u00edvaj\u00ed. Vytla\u010duj\u00ed  st\u00e1nka\u0159e, blokuj\u00ed prodej obecn\u00edho majetku, napaluj\u00ed \u0161\u00edlen\u00e9 n\u00e1jmy za  p\u0159edzahr\u00e1dky, komplikuj\u00ed dopravu, znemo\u017e\u0148uj\u00ed parkov\u00e1n\u00ed. V\u00fdsledkem je, \u017ee  se m\u011bstem proh\u00e1n\u00ed leda mastn\u00fd pap\u00edr ve v\u011btru. A je\u0161t\u011b to leckde  vyd\u00e1vaj\u00ed za pokrok.<\/p>\n<p>T\u0159eba v\u00a0takov\u00fdch Strakonic\u00edch zrekonstruovali za velk\u00e9 miliony skoro  cel\u00e9 n\u00e1m\u011bst\u00ed. A drasticky omezili automobilov\u00fd provoz. P\u016fvodn\u011b se tam  po\u010d\u00edtalo s\u00a0parkov\u00e1n\u00edm, ale na voln\u00e1 m\u00edsta nechali polo\u017eit vkusn\u00e9  betonov\u00e9 kv\u011btn\u00edky, aby auta nem\u011bla \u0161anci. A v\u00fdsledek? Obchody a slu\u017eby  chc\u00edpaj\u00ed a \u017eivot se p\u0159est\u011bhoval k\u00a0n\u00e1kupn\u00edm centr\u016fm.<\/p>\n<p>A nejvtipn\u011bj\u0161\u00ed je tam vystaven\u00e1 cedule, \u017ee \u0161lo o projekt  \u201erevitalizace\u201c. Copak revitalizace znamen\u00e1 n\u011bco jin\u00e9ho ne\u017e o\u017eiven\u00ed?  O\u017eiven\u00ed je od slova \u017eivot, ne? Leckde si u\u017e zvyk\u00e1me na novo\u0159e\u010d, kdy n\u00e1m  starosta s\u00a0v\u00e1\u017enou tv\u00e1\u0159\u00ed vypr\u00e1v\u00ed, co pen\u011bz bude investov\u00e1no do zklidn\u011bn\u00ed a  revitalizace centra. Tak revitalizace, nebo zklidn\u011bn\u00ed? To je p\u0159ece  prav\u00fd opak! A ono n\u00e1m to za\u010dalo spl\u00fdvat.<\/p>\n<p>Spoj\u00ed se p\u00e1r kverulant\u016f, kte\u0159\u00ed r\u00e1di u\u017e\u00edvaj\u00ed komfortu \u017eivota ve m\u011bst\u011b  ale z\u00e1rove\u0148 cht\u011bj\u00ed klid jak na samot\u011b u lesa. Dostanou zastupitele pod  tlak a ti zbab\u011ble podpo\u0159\u00ed projekt o\u017eiven\u00ed cestou umrtven\u00ed. Vad\u00ed n\u011bkomu  v\u00a0Su\u0161ici, \u017ee n\u00e1m\u011bst\u00ed je jedno parkovi\u0161t\u011b? Sj\u00ed\u017ed\u011bj\u00ed se tam lid\u00e9  z\u00a0okoln\u00edch vesnic i turisti a kr\u00e1mky jen kvetou. Ale ur\u010dit\u011b i tam doraz\u00ed  \u201erevitalizace\u201c. Pokrok nezastav\u00edte.<\/p>\n<p>Pokud dnes chcete z\u00edskat povolen\u00ed nebo snad i dotaci na n\u011bjakou  \u010dinnost ve m\u011bst\u011b, mus\u00edte p\u0159ed n\u00e1zev sv\u00e9ho projektu d\u00e1t jednu  z\u00a0kouzeln\u00fdch p\u0159edpon \u201eeuro\u201c, \u201eagro\u201c, \u201ebio\u201c nebo \u201eeko\u201c. Aby se na  n\u00e1m\u011bst\u00edch, kter\u00e1 p\u0159ece vznikla jako tr\u017ei\u0161t\u011b, dalo n\u011bco koupit a m\u011blo  smysl tam v\u016fbec j\u00edt, mus\u00edte vymyslet n\u011bco jako farm\u00e1\u0159sk\u00fd trh  s\u00a0biopotravinami. A do projektu napsat, \u017ee c\u00edlem nen\u00ed oby\u010dejn\u00fd byznys,  ale napl\u0148ov\u00e1n\u00ed u\u0161lechtil\u00fdch euroidej\u00ed kulturn\u00ed a ekologick\u00e9 diverzity  nebo tak n\u011bjak. Jist\u011b n\u011bkde existuje slovn\u00edk t\u011bch modern\u00edch patvar\u016f,  kter\u00e9 jsou kl\u00ed\u010dem k\u00a0\u00fasp\u011bchu. Tam, kde to neud\u011blaj\u00ed, \u010dek\u00e1 je o\u017eiven\u00ed a\u017e  k\u00a0umrtven\u00ed.<\/p>\n<p>To se ulice \u010di n\u00e1m\u011bst\u00ed rozkopou a za velk\u00e9 miliony se tam d\u00e1  speci\u00e1ln\u00ed dla\u017eba a ozdobn\u00e9 kamenn\u00e9 sloupky a zabudovan\u00e9 lavi\u010dky  nejmodern\u011bj\u0161\u00edho designu, na kter\u00fdch se ned\u00e1 sed\u011bt. Nebo z\u00e1sadn\u00ed  komunika\u010dn\u00ed tahy \u2013 v\u00a0Praze t\u0159eba Zborovsk\u00e1 \u010di Vr\u0161ovick\u00e1 &#8211; se tak\u00e9  rozryj\u00ed, sebere se jeden pruh ulice, aby mohly vzniknout cyklostezky, po  kter\u00fdch nikdy nejel cyklista, a r\u016fzn\u00e9 lagunky a z\u00e1to\u010diny, kv\u016fli kter\u00fdm  nejen nen\u00ed mo\u017en\u00e9 parkovat, ale ulice se ned\u00e1 ukl\u00edzet a \u010distit od sn\u011bhu. A  co k\u0161eft\u016f n\u011bkdo asi z\u00edskal!<\/p>\n<p>N\u011bkde, t\u0159eba zrovna na t\u00e9 Vr\u0161ovick\u00e9, jsou tyhle blbosti ozdobeny  \u017elut\u00fdmi betonov\u00fdmi z\u00e1tarasy u p\u0159echod\u016f, d\u00edky kter\u00fdm to tam vypad\u00e1 jak  s\u00ed\u0165 kulometn\u00fdch hn\u00edzd b\u011bhem v\u00e1lky. A kdy\u017e si dovol\u00edte ty barik\u00e1dy  zpochybnit, uk\u0159i\u010d\u00ed v\u00e1s, \u017ee si asi p\u0159ejete, aby na\u0161e d\u00edtka byla drcena  pod koly zl\u00fdch kamion\u016f.<\/p>\n<p>\u0158idi\u010de budou brzy v\u00a0na\u0161ich m\u011bstech stejn\u011b rovnou st\u0159\u00edlet, u\u017e za to,  \u017ee se dotkli volantu. V\u0161ak u\u017e jsme na p\u016fl cesty. Auto jako symbol zla,  v\u0161ude se p\u0159edh\u00e1n\u011bj\u00ed o nejlep\u0161\u00ed projekt na zma\u0159en\u00ed dopravy. Copak ta auta  jezd\u00ed sama? Nesed\u00ed v\u00a0nich n\u00e1hodou n\u011bkdo, kdo se n\u011bkam pot\u0159ebuje dostat?  A tak krom\u011b umrtvov\u00e1n\u00ed je v\u00fdsledkem sp\u00e1len\u00ed dvojn\u00e1sobn\u00e9ho mno\u017estv\u00ed  paliva v\u00a0z\u00e1cp\u00e1ch, na obj\u00edzdn\u00fdch tras\u00e1ch a p\u0159i hled\u00e1n\u00ed parkov\u00e1n\u00ed.<\/p>\n<p>Posledn\u00edch p\u00e1r tis\u00edc let \u010dlov\u011bk usilovn\u011b pracuje, aby se mu \u017eilo  l\u00e9pe. Te\u010f to vypad\u00e1, \u017ee za\u010dal pracovat na tom, aby si \u017eivot co nejv\u00edce  zkomplikoval. A tak se i nad\u00e1le budeme o\u017eivovat a\u017e k\u00a0tot\u00e1ln\u00edmu  umrtven\u00ed.<\/p>\n<p><a href=\"http:\/\/jakl.blog.idnes.cz\/c\/253572\/Centra-ceskych-mest-ozivenim-az-k-uplnemu-umrtveni.html\" target=\"_blank\">Zdroj<\/a><\/div>\n","protected":false},"excerpt":{"rendered":"<p>V\u00a0sobotu ve dv\u011b odpoledne jsem se proch\u00e1zel centrem Rokycan. Jarn\u00ed slun\u00ed\u010dko h\u0159\u00e1lo jedna radost. Um\u00edm si p\u0159edstavit, jak p\u0159ed sto lety tohle m\u00edsto \u017eilo. Lid\u00e9 tu korzovali, potk\u00e1vali se, zdravili, pov\u00eddali si, obchodovali. A dnes? Na cel\u00e9m velk\u00e9m historick\u00e9m n\u00e1m\u011bst\u00ed jsem vid\u011bl DVA lidi! Byl to vietnamsk\u00fd man\u017eelsk\u00fd p\u00e1r.<\/p>\n","protected":false},"author":1,"featured_media":0,"comment_status":"open","ping_status":"open","sticky":false,"template":"","format":"standard","meta":{"ngg_post_thumbnail":0,"footnotes":""},"categories":[10],"tags":[],"class_list":["post-1697","post","type-post","status-publish","format-standard","hentry","category-zlehka"],"_links":{"self":[{"href":"https:\/\/www.ladislavjakl.cz\/index.php?rest_route=\/wp\/v2\/posts\/1697","targetHints":{"allow":["GET"]}}],"collection":[{"href":"https:\/\/www.ladislavjakl.cz\/index.php?rest_route=\/wp\/v2\/posts"}],"about":[{"href":"https:\/\/www.ladislavjakl.cz\/index.php?rest_route=\/wp\/v2\/types\/post"}],"author":[{"embeddable":true,"href":"https:\/\/www.ladislavjakl.cz\/index.php?rest_route=\/wp\/v2\/users\/1"}],"replies":[{"embeddable":true,"href":"https:\/\/www.ladislavjakl.cz\/index.php?rest_route=%2Fwp%2Fv2%2Fcomments&post=1697"}],"version-history":[{"count":2,"href":"https:\/\/www.ladislavjakl.cz\/index.php?rest_route=\/wp\/v2\/posts\/1697\/revisions"}],"predecessor-version":[{"id":1699,"href":"https:\/\/www.ladislavjakl.cz\/index.php?rest_route=\/wp\/v2\/posts\/1697\/revisions\/1699"}],"wp:attachment":[{"href":"https:\/\/www.ladislavjakl.cz\/index.php?rest_route=%2Fwp%2Fv2%2Fmedia&parent=1697"}],"wp:term":[{"taxonomy":"category","embeddable":true,"href":"https:\/\/www.ladislavjakl.cz\/index.php?rest_route=%2Fwp%2Fv2%2Fcategories&post=1697"},{"taxonomy":"post_tag","embeddable":true,"href":"https:\/\/www.ladislavjakl.cz\/index.php?rest_route=%2Fwp%2Fv2%2Ftags&post=1697"}],"curies":[{"name":"wp","href":"https:\/\/api.w.org\/{rel}","templated":true}]}}