{"id":1714,"date":"2012-04-05T13:53:31","date_gmt":"2012-04-05T11:53:31","guid":{"rendered":"http:\/\/www.ladislavjakl.cz\/?p=1714"},"modified":"2012-04-05T14:29:55","modified_gmt":"2012-04-05T12:29:55","slug":"byt-sefem-kalouskouvy-strany-dal-bych-si-na-takova-prirovnani-pozor","status":"publish","type":"post","link":"https:\/\/www.ladislavjakl.cz\/?p=1714","title":{"rendered":"B\u00fdt \u0161\u00e9fem Kalouskovy strany, dal bych si na takov\u00e1 p\u0159irovn\u00e1n\u00ed pozor"},"content":{"rendered":"<p><span style=\"font-size:10.0pt;font-family:&quot;Arial&quot;,&quot;sans-serif&quot;\">Aktu\u00e1ln\u011b.cz, 4. dubna 2012:<\/span><\/p>\n<div>\n<p><strong><span style=\"font-size:10.0pt;font-family:&quot;Arial&quot;,&quot;sans-serif&quot;\">12:14<\/span><\/strong><span style=\"font-size:10.0pt;font-family:&quot;Arial&quot;,&quot;sans-serif&quot;\"> &#8211; <strong>Jako nep\u0159ehlednou hodnot\u00ed politickou situaci i na Hrad\u011b<\/strong>. Prezident\u016fv spolupracovn\u00edk <strong>Ladislav Jakl<\/strong> Aktu\u00e1ln\u011b.cz sd\u011blil: &#8222;Na n\u011bjak\u00e9 z\u00e1sadn\u00ed vyj\u00e1d\u0159en\u00ed se nezd\u00e1 situace b\u00fdt dost p\u0159ehlednou. Jen mohu vyj\u00e1d\u0159it souhlas se slovy ministra Schwarzenberga, \u017ee krok VV se jev\u00ed jako skok bez pad\u00e1ku. A dod\u00e1v\u00e1m, \u017ee sko\u010dit bez pad\u00e1ku nebo s Kalouskov\u00fdm pad\u00e1kem vyjde nastejno, snad jen, \u017ee v prvn\u00edm p\u0159\u00edpad\u011b aspo\u0148 \u010dlov\u011bk v\u00ed, na \u010dem je.&#8220; <\/span><\/p>\n<p><span style=\"font-size:10.0pt;font-family:&quot;Arial&quot;,&quot;sans-serif&quot;\">Slovn\u00ed spojen\u00ed Kalouskovy pad\u00e1ky je zjevn\u00e1 nar\u00e1\u017eka na kauzu z doby, kdy byl Miroslav Kalousek n\u00e1m\u011bstkem na obran\u011b a arm\u00e1da \u0159e\u0161ila pot\u00ed\u017ee s pad\u00e1ky, kter\u00e9 se neotv\u00edraly. <\/span><\/div>\n","protected":false},"excerpt":{"rendered":"<p>Aktu\u00e1ln\u011b.cz, 4. dubna 2012: 12:14 &#8211; Jako nep\u0159ehlednou hodnot\u00ed politickou situaci i na Hrad\u011b. Prezident\u016fv spolupracovn\u00edk Ladislav Jakl Aktu\u00e1ln\u011b.cz sd\u011blil: &#8222;Na n\u011bjak\u00e9 z\u00e1sadn\u00ed vyj\u00e1d\u0159en\u00ed se nezd\u00e1 situace b\u00fdt dost p\u0159ehlednou. Jen mohu vyj\u00e1d\u0159it souhlas se slovy ministra Schwarzenberga, \u017ee krok VV se jev\u00ed jako skok bez pad\u00e1ku. A dod\u00e1v\u00e1m, \u017ee sko\u010dit bez pad\u00e1ku nebo s [&hellip;]<\/p>\n","protected":false},"author":1,"featured_media":0,"comment_status":"open","ping_status":"open","sticky":false,"template":"","format":"standard","meta":{"ngg_post_thumbnail":0,"footnotes":""},"categories":[10],"tags":[],"class_list":["post-1714","post","type-post","status-publish","format-standard","hentry","category-zlehka"],"_links":{"self":[{"href":"https:\/\/www.ladislavjakl.cz\/index.php?rest_route=\/wp\/v2\/posts\/1714","targetHints":{"allow":["GET"]}}],"collection":[{"href":"https:\/\/www.ladislavjakl.cz\/index.php?rest_route=\/wp\/v2\/posts"}],"about":[{"href":"https:\/\/www.ladislavjakl.cz\/index.php?rest_route=\/wp\/v2\/types\/post"}],"author":[{"embeddable":true,"href":"https:\/\/www.ladislavjakl.cz\/index.php?rest_route=\/wp\/v2\/users\/1"}],"replies":[{"embeddable":true,"href":"https:\/\/www.ladislavjakl.cz\/index.php?rest_route=%2Fwp%2Fv2%2Fcomments&post=1714"}],"version-history":[{"count":3,"href":"https:\/\/www.ladislavjakl.cz\/index.php?rest_route=\/wp\/v2\/posts\/1714\/revisions"}],"predecessor-version":[{"id":1720,"href":"https:\/\/www.ladislavjakl.cz\/index.php?rest_route=\/wp\/v2\/posts\/1714\/revisions\/1720"}],"wp:attachment":[{"href":"https:\/\/www.ladislavjakl.cz\/index.php?rest_route=%2Fwp%2Fv2%2Fmedia&parent=1714"}],"wp:term":[{"taxonomy":"category","embeddable":true,"href":"https:\/\/www.ladislavjakl.cz\/index.php?rest_route=%2Fwp%2Fv2%2Fcategories&post=1714"},{"taxonomy":"post_tag","embeddable":true,"href":"https:\/\/www.ladislavjakl.cz\/index.php?rest_route=%2Fwp%2Fv2%2Ftags&post=1714"}],"curies":[{"name":"wp","href":"https:\/\/api.w.org\/{rel}","templated":true}]}}