{"id":1724,"date":"2012-04-12T14:12:50","date_gmt":"2012-04-12T12:12:50","guid":{"rendered":"http:\/\/www.ladislavjakl.cz\/?p=1724"},"modified":"2012-04-12T14:12:50","modified_gmt":"2012-04-12T12:12:50","slug":"jakl-z-hradu-na-ceskych-namestich-chcipa-zivot","status":"publish","type":"post","link":"https:\/\/www.ladislavjakl.cz\/?p=1724","title":{"rendered":"Jakl z Hradu: Na \u010desk\u00fdch n\u00e1m\u011bst\u00edch chc\u00edp\u00e1 \u017eivot"},"content":{"rendered":"<p>Centra \u010desk\u00fdch m\u011bst se o v\u00edkendech u\u017e v\u016fbec nepodobaj\u00ed prostoru, v n\u011bm\u017e  kdysi \u017eili na\u0161i p\u0159edci. Pln\u00e1 korza sv\u00e1te\u010dn\u011b oble\u010den\u00fdch lid\u00ed, d\u011bt\u00ed v  n\u00e1mo\u0159nick\u00fdch oble\u010dc\u00edch a spole\u010densk\u00e9ho ruchu jsou nen\u00e1vratnou minulost\u00ed.<\/p>\n<p><!--more--><\/p>\n<p>S jist\u00fdm smutkem si ve sv\u00e9 glose v\u0161\u00edm\u00e1 &#8222;umrtvov\u00e1n\u00ed&#8220; m\u011bst tajemn\u00edk  prezidenta Ladislav Jakl. &#8222;V sobotu ve dv\u011b odpoledne jsem se proch\u00e1zel  centrem Rokycan. Jarn\u00ed slun\u00ed\u010dko h\u0159\u00e1lo jedna radost. Um\u00edm si p\u0159edstavit,  jak p\u0159ed sto lety tohle m\u00edsto \u017eilo. Lid\u00e9 tu korzovali, potk\u00e1vali se,  zdravili, pov\u00eddali si, obchodovali. A dnes? Na cel\u00e9m velk\u00e9m historick\u00e9m  n\u00e1m\u011bst\u00ed jsem vid\u011bl DVA lidi! Byl to vietnamsk\u00fd man\u017eelsk\u00fd p\u00e1r,&#8220; p\u00ed\u0161e Jakl  ve sv\u00e9m \u010dl\u00e1nku.<\/p>\n<p>Sou\u010dasn\u011b si pokl\u00e1d\u00e1 ot\u00e1zku, p\u0159edev\u0161\u00edm v historick\u00fdch centrech m\u011bst, zda  za v\u0161echno m\u016f\u017ee pouh\u00e1 zm\u011bna \u017eivotn\u00edho stylu. &#8222;Ale jsou to v\u0161e jen zm\u011bny  logick\u00e9, odpov\u00eddaj\u00edc\u00ed v\u00fdvoji spole\u010dnosti? Ob\u00e1v\u00e1m se, \u017ee ne. N\u011bkter\u00e9 si  d\u011bl\u00e1me um\u011ble sami,&#8220; konstatuje Jakl. &#8222;K umrtvov\u00e1n\u00ed m\u011bst toti\u017e radnice  mnohde p\u0159isp\u00edvaj\u00ed. Vytla\u010duj\u00ed st\u00e1nka\u0159e, blokuj\u00ed prodej obecn\u00edho majetku,  napaluj\u00ed \u0161\u00edlen\u00e9 n\u00e1jmy za p\u0159edzahr\u00e1dky, komplikuj\u00ed dopravu, znemo\u017e\u0148uj\u00ed  parkov\u00e1n\u00ed. V\u00fdsledkem je, \u017ee se m\u011bstem proh\u00e1n\u00ed leda mastn\u00fd pap\u00edr ve  v\u011btru. A je\u0161t\u011b to leckde vyd\u00e1vaj\u00ed za pokrok,&#8220; podot\u00fdk\u00e1 ve sv\u00e9 glose.<\/p>\n<p>Jako p\u0159\u00edklad uv\u00e1d\u00ed Ladislav Jakl situaci ve Strakonic\u00edch.  &#8222;Zrekonstruovali za velk\u00e9 miliony skoro cel\u00e9 n\u00e1m\u011bst\u00ed. A drasticky  omezili automobilov\u00fd provoz. P\u016fvodn\u011b se tam po\u010d\u00edtalo s parkov\u00e1n\u00edm, ale  na voln\u00e1 m\u00edsta nechali polo\u017eit vkusn\u00e9 betonov\u00e9 kv\u011btn\u00edky, aby auta nem\u011bla  \u0161anci. A v\u00fdsledek? Obchody a slu\u017eby chc\u00edpaj\u00ed a \u017eivot se p\u0159est\u011bhoval k  n\u00e1kupn\u00edm centr\u016fm,&#8220; l\u00ed\u010d\u00ed autor p\u0159estavbu m\u011bsta. &#8222;A nejvtipn\u011bj\u0161\u00ed je tam  vystaven\u00e1 cedule, \u017ee \u0161lo o projekt revitalizace,&#8220; dod\u00e1v\u00e1.<\/p>\n<p>K podobn\u00fdm rekonstrukc\u00edm doch\u00e1z\u00ed podle Jakla tak, \u017ee se spoj\u00ed p\u00e1r  kverulant\u016f, kte\u0159\u00ed\u00a0 &#8222;r\u00e1di u\u017e\u00edvaj\u00ed komfortu \u017eivota ve m\u011bst\u011b&#8220;, ale z\u00e1rove\u0148  cht\u011bj\u00ed klid jak na samot\u011b u lesa. N\u00e1sledn\u011b dostanou zastupitele pod tlak  a ti &#8222;zbab\u011ble podpo\u0159\u00ed&#8220; projekt o\u017eiven\u00ed cestou umrtven\u00ed. &#8222;Vad\u00ed n\u011bkomu v  Su\u0161ici, \u017ee n\u00e1m\u011bst\u00ed je jedno parkovi\u0161t\u011b? Sj\u00ed\u017ed\u011bj\u00ed se tam lid\u00e9 z okoln\u00edch  vesnic i turisti a kr\u00e1mky jen kvetou. Ale ur\u010dit\u011b i tam doraz\u00ed  \u201erevitalizace\u201c. Pokrok nezastav\u00edte,&#8220; prav\u00ed v \u010dl\u00e1nku. &#8222;Posledn\u00edch p\u00e1r  tis\u00edc let \u010dlov\u011bk usilovn\u011b pracuje, aby se mu \u017eilo l\u00e9pe. Te\u010f to vypad\u00e1,  \u017ee za\u010dal pracovat na tom, aby si \u017eivot co nejv\u00edce zkomplikoval. A tak se  i nad\u00e1le budeme o\u017eivovat a\u017e k tot\u00e1ln\u00edmu umrtven\u00ed,&#8220; kon\u010d\u00ed svoji glosu  Ladislav Jakl.<\/p>\n<p><a href=\"http:\/\/www.parlamentnilisty.cz\/zpravy\/Jakl-z-Hradu-Na-ceskych-namestich-chcipa-zivot-228426\" target=\"_blank\">Zdroj<\/a><\/p>\n","protected":false},"excerpt":{"rendered":"<p>Centra \u010desk\u00fdch m\u011bst se o v\u00edkendech u\u017e v\u016fbec nepodobaj\u00ed prostoru, v n\u011bm\u017e kdysi \u017eili na\u0161i p\u0159edci. Pln\u00e1 korza sv\u00e1te\u010dn\u011b oble\u010den\u00fdch lid\u00ed, d\u011bt\u00ed v n\u00e1mo\u0159nick\u00fdch oble\u010dc\u00edch a spole\u010densk\u00e9ho ruchu jsou nen\u00e1vratnou minulost\u00ed.<\/p>\n","protected":false},"author":1,"featured_media":0,"comment_status":"open","ping_status":"open","sticky":false,"template":"","format":"standard","meta":{"ngg_post_thumbnail":0,"footnotes":""},"categories":[11],"tags":[],"class_list":["post-1724","post","type-post","status-publish","format-standard","hentry","category-ozvena"],"_links":{"self":[{"href":"https:\/\/www.ladislavjakl.cz\/index.php?rest_route=\/wp\/v2\/posts\/1724","targetHints":{"allow":["GET"]}}],"collection":[{"href":"https:\/\/www.ladislavjakl.cz\/index.php?rest_route=\/wp\/v2\/posts"}],"about":[{"href":"https:\/\/www.ladislavjakl.cz\/index.php?rest_route=\/wp\/v2\/types\/post"}],"author":[{"embeddable":true,"href":"https:\/\/www.ladislavjakl.cz\/index.php?rest_route=\/wp\/v2\/users\/1"}],"replies":[{"embeddable":true,"href":"https:\/\/www.ladislavjakl.cz\/index.php?rest_route=%2Fwp%2Fv2%2Fcomments&post=1724"}],"version-history":[{"count":2,"href":"https:\/\/www.ladislavjakl.cz\/index.php?rest_route=\/wp\/v2\/posts\/1724\/revisions"}],"predecessor-version":[{"id":1726,"href":"https:\/\/www.ladislavjakl.cz\/index.php?rest_route=\/wp\/v2\/posts\/1724\/revisions\/1726"}],"wp:attachment":[{"href":"https:\/\/www.ladislavjakl.cz\/index.php?rest_route=%2Fwp%2Fv2%2Fmedia&parent=1724"}],"wp:term":[{"taxonomy":"category","embeddable":true,"href":"https:\/\/www.ladislavjakl.cz\/index.php?rest_route=%2Fwp%2Fv2%2Fcategories&post=1724"},{"taxonomy":"post_tag","embeddable":true,"href":"https:\/\/www.ladislavjakl.cz\/index.php?rest_route=%2Fwp%2Fv2%2Ftags&post=1724"}],"curies":[{"name":"wp","href":"https:\/\/api.w.org\/{rel}","templated":true}]}}