{"id":1740,"date":"2012-04-17T13:11:55","date_gmt":"2012-04-17T11:11:55","guid":{"rendered":"http:\/\/www.ladislavjakl.cz\/?p=1740"},"modified":"2012-04-17T13:11:55","modified_gmt":"2012-04-17T11:11:55","slug":"jsem-zenska-a-mohla-bych-byt-vasi-maminkou","status":"publish","type":"post","link":"https:\/\/www.ladislavjakl.cz\/?p=1740","title":{"rendered":"Jsem \u017eensk\u00e1 a mohla bych b\u00fdt va\u0161\u00ed maminkou,"},"content":{"rendered":"<p>pravila ikona \u201epravdol\u00e1ska\u0159\u016f\u201c Ji\u0159ina \u0160iklov\u00e1, kdy\u017e j\u00ed do\u0161ly argumenty v\u00a0diskuzi s\u00a0\u201eKlausov\u00fdm \u0159i\u0165olezcem\u201c Ladislavem Jaklem.<\/p>\n<p><!--more--><\/p>\n<div>\n<p>V\u00a0posledn\u00ed dob\u011b se oz\u00fdvaj\u00ed st\u00e1le\u00a0  \u010dast\u011bji a st\u00e1le hlasit\u011bji v\u00fdzvy ke svr\u017een\u00ed sou\u010dasn\u00e9ho st\u00e1tn\u00edho apar\u00e1t\u016f  by\u0165 t\u0159eba n\u00e1siln\u00fdm zp\u016fsobem a jeho nahrazen\u00ed pon\u011bkud blouzniv\u00fdm zp\u016fsobem  pomoc\u00ed davem vyzdvi\u017een\u00fdch mesi\u00e1\u0161\u016f.<\/p>\n<p>Typick\u00fdm p\u0159\u00edkladem vystupov\u00e1n\u00ed a my\u0161len\u00ed t\u011bchto lid\u00ed byla nap\u0159\u00edklad  tristn\u00ed exhibice z\u00e1stupce Hole\u0161ovsk\u00e9 v\u00fdzvy Sl\u00e1vka Popelky v\u00a0po\u0159adu Hyde  Park, \u010di podobn\u00e9 vystoupen\u00ed Vlastibora \u00a0\u010cerm\u00e1ka v\u010dera v\u00a0po\u0159adu M\u00e1te  slovo.<\/p>\n<p>Obdobn\u00fd zp\u016fsob my\u0161len\u00ed a vystupov\u00e1n\u00ed p\u0159edvedla diskutuj\u00edc\u00ed Ji\u0159ina  \u0160iklov\u00e1 v medi\u00e1ln\u00edm duelu s\u00a0Ladislavem Jaklem, kter\u00fd zve\u0159ejnila dne\u0161n\u00ed  MF DNES.<\/p>\n<p>Co je typick\u00e9 pro souboj ide\u00ed, kter\u00fd v\u00a0na\u0161\u00ed spole\u010dnosti prob\u00edh\u00e1?  Typick\u00e9 je to, \u017ee ona rebeluj\u00edc\u00ed skupina neuzn\u00e1v\u00e1 realitu takovou, jak\u00e1  je, ale vytv\u00e1\u0159\u00ed takovou um\u011blou \u201erealitu\u201c, jak\u00e1 j\u00ed vyhovuje. K\u00a0tomuto  vytv\u00e1\u0159en\u00ed pseudoreality vyu\u017e\u00edv\u00e1 podn\u011bcov\u00e1n\u00ed n\u00edzk\u00fdch pud\u016f, nikoli  racion\u00e1ln\u00edch argument\u016f. Dob\u0159e to vypl\u00fdv\u00e1 z\u00a0obou mott, kter\u00fdmi je  report\u00e1\u017e ze slovn\u00edho duelu mezi pan\u00ed \u0160iklovou a\u00a0 panem Jaklem uvedena.<\/p>\n<p>Jakl : &#8222;Pan\u00ed \u0160iklov\u00e1, vy symbolizujete \u010dlov\u011bka, kter\u00fd uzn\u00e1v\u00e1 v\u00fdsledky jen potud, pokud se mu l\u00edb\u00ed. Nejste demokrat.&#8220;.<\/p>\n<p>\u0160iklov\u00e1:\u201c Pane Jakle, vy tedy v\u016fbec nevn\u00edm\u00e1te, \u017ee prezident Klaus  \u0161tve \u010d\u00edm d\u00e1l t\u00edm v\u00edc lid\u00ed? \u017de tady vznikaj\u00ed stovky r\u016fzn\u00fdch iniciativ?!\u201c.<\/p>\n<p>Souboj racionality s\u00a0emocemi, exaktnost s\u00a0v\u00e1gnost\u00ed, pojm\u016f s\u00a0dojmy.  Kone\u010dn\u011b, m\u016f\u017eeme se o podobn\u00e9m d\u011blen\u00ed projev\u016f p\u0159esv\u011bd\u010dit i zde na blogu<\/p>\n<p>Jsem r\u00e1d, \u017ee dosud, a\u010d to tak vzhledem k\u00a0humpol\u00e1ck\u00e9mu\u00a0 sebe  prosazov\u00e1n\u00ed t\u011bch \u201eco to mysl\u00ed s\u00a0n\u00e1rodem dob\u0159e\u201c tak nevypad\u00e1, si drtiv\u00e1  v\u011bt\u0161ina na\u0161\u00ed spole\u010dnosti zachov\u00e1v\u00e1 chladnou hlavu a zdrav\u00fd rozum.<\/p>\n<p><a href=\"http:\/\/buzicky.bigbloger.lidovky.cz\/c\/254763\/Jsem-zenska-a-mohla-bych-byt-vasi-maminkou.html\" target=\"_blank\">Zdroj<\/a><\/div>\n","protected":false},"excerpt":{"rendered":"<p>pravila ikona \u201epravdol\u00e1ska\u0159\u016f\u201c Ji\u0159ina \u0160iklov\u00e1, kdy\u017e j\u00ed do\u0161ly argumenty v\u00a0diskuzi s\u00a0\u201eKlausov\u00fdm \u0159i\u0165olezcem\u201c Ladislavem Jaklem.<\/p>\n","protected":false},"author":1,"featured_media":0,"comment_status":"open","ping_status":"open","sticky":false,"template":"","format":"standard","meta":{"ngg_post_thumbnail":0,"footnotes":""},"categories":[11],"tags":[],"class_list":["post-1740","post","type-post","status-publish","format-standard","hentry","category-ozvena"],"_links":{"self":[{"href":"https:\/\/www.ladislavjakl.cz\/index.php?rest_route=\/wp\/v2\/posts\/1740","targetHints":{"allow":["GET"]}}],"collection":[{"href":"https:\/\/www.ladislavjakl.cz\/index.php?rest_route=\/wp\/v2\/posts"}],"about":[{"href":"https:\/\/www.ladislavjakl.cz\/index.php?rest_route=\/wp\/v2\/types\/post"}],"author":[{"embeddable":true,"href":"https:\/\/www.ladislavjakl.cz\/index.php?rest_route=\/wp\/v2\/users\/1"}],"replies":[{"embeddable":true,"href":"https:\/\/www.ladislavjakl.cz\/index.php?rest_route=%2Fwp%2Fv2%2Fcomments&post=1740"}],"version-history":[{"count":1,"href":"https:\/\/www.ladislavjakl.cz\/index.php?rest_route=\/wp\/v2\/posts\/1740\/revisions"}],"predecessor-version":[{"id":1741,"href":"https:\/\/www.ladislavjakl.cz\/index.php?rest_route=\/wp\/v2\/posts\/1740\/revisions\/1741"}],"wp:attachment":[{"href":"https:\/\/www.ladislavjakl.cz\/index.php?rest_route=%2Fwp%2Fv2%2Fmedia&parent=1740"}],"wp:term":[{"taxonomy":"category","embeddable":true,"href":"https:\/\/www.ladislavjakl.cz\/index.php?rest_route=%2Fwp%2Fv2%2Fcategories&post=1740"},{"taxonomy":"post_tag","embeddable":true,"href":"https:\/\/www.ladislavjakl.cz\/index.php?rest_route=%2Fwp%2Fv2%2Ftags&post=1740"}],"curies":[{"name":"wp","href":"https:\/\/api.w.org\/{rel}","templated":true}]}}