{"id":1744,"date":"2012-04-17T13:16:01","date_gmt":"2012-04-17T11:16:01","guid":{"rendered":"http:\/\/www.ladislavjakl.cz\/?p=1744"},"modified":"2012-04-17T13:16:01","modified_gmt":"2012-04-17T11:16:01","slug":"je-to-tu-klausovci-jednali-o-spolecne-strane-prezident-to-vedel","status":"publish","type":"post","link":"https:\/\/www.ladislavjakl.cz\/?p=1744","title":{"rendered":"Je to tu: Klausovci jednali o spole\u010dn\u00e9 stran\u011b. Prezident to v\u011bd\u011bl"},"content":{"rendered":"<p>EXKLUZIVN\u011a V m\u00e9di\u00edch se \u010dasto spekulovalo, zda V\u00e1clav Klaus po skon\u010den\u00ed  sv\u00e9 prezidentsk\u00e9 funkce zalo\u017e\u00ed stranu. Klaus toto pop\u0159el, nicm\u00e9n\u011b podle  informac\u00ed Parlamentn\u00edchList\u016f.cz se ve \u010dtvrtek v Praze se\u0161li p\u0159ed\u00e1ci  mimoparlamentn\u00edch euroskeptick\u00fdch a konzervativn\u00edch stran, aby se  dohodli na spolupr\u00e1ci a integraci ve volb\u00e1ch.<\/p>\n<p><!--more--><\/p>\n<p>Setk\u00e1n\u00ed iniciovala Klausovi bl\u00edzk\u00e1 konzervativn\u00ed Akce D.O.S.T. se sv\u00fdm  p\u0159edsedou Michalem Sem\u00ednem. Podle informac\u00ed redakce na jedn\u00e1n\u00ed o  vytvo\u0159en\u00ed spole\u010dn\u00e9ho volebn\u00edho bloku, ale i spolupr\u00e1ci p\u0159i prosazov\u00e1n\u00ed  tradi\u010dn\u00edch my\u0161lenek ve ve\u0159ejn\u00e9m prostoru, dorazila \u0161\u00e9fka Suverenity Jana  Bobo\u0161\u00edkov\u00e1, hnut\u00ed Jiho\u010dech\u016f 2012 zastupoval poslanec a b\u00fdval\u00fd \u010dlen ODS  Michal Doktor, d\u00e1le zde byli nap\u0159\u00edklad p\u0159edseda Konzervativn\u00ed strany  Martin Rejman a m\u00edstop\u0159edseda Pr\u00e1va a spravedlnosti Kry\u0161tof Kindler.<\/p>\n<p>Byli zde ale i v\u00fdznamn\u00ed signat\u00e1\u0159i Akce D.O.S.T. a z\u00e1stupci dal\u0161\u00edch konzervativn\u00edch ob\u010dansk\u00fdch sdru\u017een\u00ed a iniciativ.<\/p>\n<h4>Prezident vyj\u00e1d\u0159il sympatie a dorazil i Jakl<\/h4>\n<p>Na sraz euroskeptik\u016f dorazil podle informac\u00ed redakce tajemn\u00edk  prezidenta republiky Ladislav Jakl, kter\u00fd zde pr\u00fd hovo\u0159il o tom, \u017ee tyto  subjekty mohou spolupracovat jak ve volb\u00e1ch, tak i p\u0159i \u0161\u00ed\u0159en\u00ed idej\u00ed ve  ve\u0159ejn\u00e9m prostoru. \u201eMichal Sem\u00edn, kter\u00fd celou akci moderoval, na \u00favod  \u0159ekl, \u017ee prezident V\u00e1clav Klaus o setk\u00e1n\u00ed v\u00ed a \u017ee mu vyj\u00e1d\u0159il sv\u00e9  sympatie,\u201c \u0159ekl Parlamentn\u00edmList\u016fm.cz \u00fa\u010dastn\u00edk jedn\u00e1n\u00ed.<\/p>\n<p>Sem\u00edn zde informoval, \u017ee p\u0159ed nakonec neuskute\u010dn\u011bn\u00fdmi p\u0159ed\u010dasn\u00fdmi  volbami, kter\u00e9 se m\u011bly konat na podzim 2009, m\u011bl vzniknout subjekt  Euroskeptick\u00e1 aliance, kter\u00fd by kandidoval a kde by byly zastoupeny  Strana svobodn\u00fdch ob\u010dan\u016f, Pr\u00e1vo a spravedlnost a Nez\u00e1visl\u00ed demokrat\u00e9  Vladim\u00edra \u017delezn\u00e9ho, ale nakonec to ztroskotalo na nev\u016fli Strany  svobodn\u00fdch ob\u010dan\u016f Petra Macha. Mach nedorazil ani tentokr\u00e1t, tak se  iniciativy sjednotit euroskeptick\u00e9 a Klausovi ideov\u011b bl\u00edzk\u00e9 subjekty  chopila \u0161\u00e9fka Suverenity Jana Bobo\u0161\u00edkov\u00e1.<\/p>\n<h4>Bobo\u0161\u00edkov\u00e1 a Dobe\u0161<\/h4>\n<p>Bobo\u0161\u00edkov\u00e1 se podle informac\u00ed ve stejn\u00fd den se\u0161la s Klausovi bl\u00edzk\u00fdm  exministrem \u0161kolstv\u00ed Josefem Dobe\u0161em, kter\u00fd vystoupil z V\u011bc\u00ed ve\u0159ejn\u00fdch.  Ten m\u011bl na setk\u00e1n\u00ed tak\u00e9 p\u016fvodn\u011b dorazit, ale nakonec se omluvil. Podobn\u011b  se ze setk\u00e1n\u00ed omluvil i sen\u00e1tor Petr Pakosta, na n\u011bm\u017e se z\u00fa\u010dastn\u011bn\u00e9  subjekty shodly, \u017ee ho budou podporovat v sen\u00e1tn\u00edch volb\u00e1ch.<\/p>\n<p>\u201eZ\u00fa\u010dastn\u011bn\u00e9 strany vyj\u00e1d\u0159ily v\u016fli jednat o spolupr\u00e1ci nejprve v  sen\u00e1tn\u00edch a krajsk\u00fdch volb\u00e1ch p\u0159i vytv\u00e1\u0159en\u00ed kandid\u00e1tek \u010di podpo\u0159e  spole\u010dn\u00fdch kandid\u00e1t\u016f do Sen\u00e1tu. Rovn\u011b\u017e se hovo\u0159ilo o mo\u017enosti vytvo\u0159it  jeden subjekt s jedn\u00edm I\u010cO, kter\u00fd by kandidoval do sn\u011bmovn\u00edch voleb.  Hodn\u011b iniciativn\u00ed byla Bobo\u0161\u00edkov\u00e1, kter\u00e1 uvedla, \u017ee jej\u00ed strana  Suverenita m\u00e1 ji\u017e vytvo\u0159enou celost\u00e1tn\u00ed strukturu, m\u00e1 slu\u0161nou \u010dlenskou  z\u00e1kladnu a ve volb\u00e1ch z\u00edskala 3,7 procenta a \u017ee nab\u00edz\u00ed mo\u017enost  kandidovat ostatn\u00edm za Suverenitu. \u0158ekla ale, \u017ee pokud se objev\u00ed  siln\u011bj\u0161\u00ed subjekt, kter\u00fd byl mohl euroskeptiky sjednotit, a\u0165 p\u0159evezme  iniciativu ten,\u201c doplnil zdroj redakce.<\/p>\n<p><strong>Akce D.O.S.T.<\/strong><\/p>\n<p>Akce D.O.S.T. je \u0161irok\u00e9 pravicov\u00e9 hnut\u00ed, s n\u00edm\u017e ad hoc spolupracuj\u00ed  rozli\u010dn\u00e9 pravicov\u00e9 proudy od integr\u00e1ln\u00edch katol\u00edk\u016f typu Michala Sem\u00edna a  Pr\u00e1va a spravedlnosti, libertari\u00e1n\u016f ze Strany svobodn\u00fdch ob\u010dan\u016f Petra  Macha, Mlad\u00fdch k\u0159es\u0165ansk\u00fdch demokrat\u016f, Konzervativn\u00ed strany,  monarchistick\u00e9 Koruny \u010desk\u00e9, \u010di neokonzervatismu bl\u00edzk\u00e9ho Ob\u010dansk\u00e9ho  institutu Ne\u010dasova poradce Romana Jocha a Suverenity Jany Bobo\u0161\u00edkov\u00e9.<\/p>\n<p>Sdru\u017een\u00ed t\u00e9\u017e p\u0159i r\u016fzn\u00fdch akc\u00edch podporuj\u00ed n\u011bkte\u0159\u00ed z\u00e1konod\u00e1rci  liber\u00e1ln\u011b-konzervativn\u00ed ODS, jako nap\u0159\u00edklad Ivo Strej\u010dek, Hynek Fajmon,  Jaroslav Kubera, \u010di Ji\u0159\u00ed Oberfalzer, stejn\u011b jako sen\u00e1tor Petr Pakosta.  Manifest podepsala i prezidentova exkandid\u00e1tka na ombudsmana Eva  Dund\u00e1\u010dkov\u00e1, \u0161\u00e9fka sekretari\u00e1tu p\u0159edsedkyn\u011b Poslaneck\u00e9 sn\u011bmovny Miroslavy  N\u011bmcov\u00e9 Alena P\u00e1ralov\u00e1, \u010di exposlanci ODS Petr Pleva, Juraj Raninec,  Zden\u011bk Prosek a exsen\u00e1tor Karel Tejnora. D.O.S.T. m\u00e1 i sympatie Hradu,  p\u0159edev\u0161\u00edm Petra H\u00e1jka a prezidentova tajemn\u00edka Ladislava Jakla. Na  manifestaci proti Lisabonsk\u00e9 smlouv\u011b p\u0159ed Hradem vystoupil i s\u00e1m  prezident V\u00e1clav Klaus.<\/p>\n<p><a href=\"http:\/\/www.parlamentnilisty.cz\/zpravy\/Je-to-tu-Klausovci-jednali-o-spolecne-strane-Prezident-to-vedel-229189\" target=\"_blank\">Zdroj<\/a><\/p>\n","protected":false},"excerpt":{"rendered":"<p>EXKLUZIVN\u011a V m\u00e9di\u00edch se \u010dasto spekulovalo, zda V\u00e1clav Klaus po skon\u010den\u00ed sv\u00e9 prezidentsk\u00e9 funkce zalo\u017e\u00ed stranu. Klaus toto pop\u0159el, nicm\u00e9n\u011b podle informac\u00ed Parlamentn\u00edchList\u016f.cz se ve \u010dtvrtek v Praze se\u0161li p\u0159ed\u00e1ci mimoparlamentn\u00edch euroskeptick\u00fdch a konzervativn\u00edch stran, aby se dohodli na spolupr\u00e1ci a integraci ve volb\u00e1ch.<\/p>\n","protected":false},"author":1,"featured_media":0,"comment_status":"open","ping_status":"open","sticky":false,"template":"","format":"standard","meta":{"ngg_post_thumbnail":0,"footnotes":""},"categories":[11],"tags":[],"class_list":["post-1744","post","type-post","status-publish","format-standard","hentry","category-ozvena"],"_links":{"self":[{"href":"https:\/\/www.ladislavjakl.cz\/index.php?rest_route=\/wp\/v2\/posts\/1744","targetHints":{"allow":["GET"]}}],"collection":[{"href":"https:\/\/www.ladislavjakl.cz\/index.php?rest_route=\/wp\/v2\/posts"}],"about":[{"href":"https:\/\/www.ladislavjakl.cz\/index.php?rest_route=\/wp\/v2\/types\/post"}],"author":[{"embeddable":true,"href":"https:\/\/www.ladislavjakl.cz\/index.php?rest_route=\/wp\/v2\/users\/1"}],"replies":[{"embeddable":true,"href":"https:\/\/www.ladislavjakl.cz\/index.php?rest_route=%2Fwp%2Fv2%2Fcomments&post=1744"}],"version-history":[{"count":1,"href":"https:\/\/www.ladislavjakl.cz\/index.php?rest_route=\/wp\/v2\/posts\/1744\/revisions"}],"predecessor-version":[{"id":1745,"href":"https:\/\/www.ladislavjakl.cz\/index.php?rest_route=\/wp\/v2\/posts\/1744\/revisions\/1745"}],"wp:attachment":[{"href":"https:\/\/www.ladislavjakl.cz\/index.php?rest_route=%2Fwp%2Fv2%2Fmedia&parent=1744"}],"wp:term":[{"taxonomy":"category","embeddable":true,"href":"https:\/\/www.ladislavjakl.cz\/index.php?rest_route=%2Fwp%2Fv2%2Fcategories&post=1744"},{"taxonomy":"post_tag","embeddable":true,"href":"https:\/\/www.ladislavjakl.cz\/index.php?rest_route=%2Fwp%2Fv2%2Ftags&post=1744"}],"curies":[{"name":"wp","href":"https:\/\/api.w.org\/{rel}","templated":true}]}}