{"id":1750,"date":"2012-04-23T10:04:13","date_gmt":"2012-04-23T08:04:13","guid":{"rendered":"http:\/\/www.ladislavjakl.cz\/?p=1750"},"modified":"2012-04-23T10:04:13","modified_gmt":"2012-04-23T08:04:13","slug":"klausuv-tajemnik-jakl-zvazuje-kandidaturu-na-prezidenta","status":"publish","type":"post","link":"https:\/\/www.ladislavjakl.cz\/?p=1750","title":{"rendered":"Klaus\u016fv tajemn\u00edk Jakl zva\u017euje kandidaturu na prezidenta"},"content":{"rendered":"<p>V\u00cdME PRVN\u00cd  Podle informac\u00ed Parlamentn\u00edchList\u016f.cz ze t\u0159\u00ed zdroj\u016f dob\u0159e  informovan\u00fdch o d\u011bn\u00ed v Kancel\u00e1\u0159i prezidenta republiky by tajemn\u00edk  V\u00e1clava Klause Ladislav Jakl r\u00e1d kandidoval na post prezidenta republiky  pro p\u0159\u00ed\u0161t\u00ed funk\u010dn\u00ed obdob\u00ed.<\/p>\n<p><!--more--><\/p>\n<p>Podle informac\u00ed redakce je ale z Jaklov\u00fdch ambic\u00ed velmi rozpa\u010dit\u00fd jeho  \u0161\u00e9f, prezident republiky V\u00e1clav Klaus, a Jaklova p\u0159\u00edpadn\u00e1 kandidatura  nem\u00e1 Klausovo po\u017eehn\u00e1n\u00ed, proto\u017ee Jakl by t\u00edm p\u00e1dem musel velmi  pravd\u011bpodobn\u011b opustit funkci tajemn\u00edka prezidenta republiky a \u0161\u00e9fa  Politick\u00e9ho oboru KPR.<\/p>\n<h4>Akce D.O.S.T. je p\u0159ipravena Jakla podpo\u0159it na Hrad<\/h4>\n<p>Tajemn\u00edk prezidenta republiky toti\u017e odpov\u00edd\u00e1 v\u00a0rozsahu dan\u00e9m zmocn\u011bn\u00edm  prezidenta republiky a\u00a0na z\u00e1klad\u011b jeho p\u0159\u00edm\u00fdch pokyn\u016f za styk prezidenta  republiky s\u00a0ve\u0159ejnost\u00ed. Sehnat plnohodnotnou n\u00e1hradu a \u010dlov\u011bka, ke  kter\u00e9mu by m\u011bl Klaus stejnou d\u016fv\u011bru jako k Jaklovi, by nebylo \u00fapln\u011b  jednoduch\u00e9.<\/p>\n<p>Podle informac\u00ed Parlamennt\u00edchList\u016f.cz by v prezidentsk\u00e9 kampani Jaklovi  pomohla klausovsk\u00e1 Akce D.O.S.T., jak p\u0159i sb\u00edr\u00e1n\u00ed nutn\u00fdch pades\u00e1ti  tis\u00edc podpist\u016f, tak i v samotn\u00e9 kampani. \u201ePokud by se Ladislav Jakl  rozhodl kandidovat na prezidenta republiky, Akce D.O.S.T. by mu poskytla  svou plnou podporu,\u201c \u0159ekl Parlamentn\u00edmList\u016fm.cz p\u0159edseda Akce D.O.S.T.  Michal Sem\u00edn.<\/p>\n<p>Jakl je je signat\u00e1\u0159em Manifestu D.O.S.T. a spole\u010dn\u011b s vicekancl\u00e9\u0159em  Petrem H\u00e1jkem se na akc\u00edch t\u00e9to iniciativy objevuje a podporuje ji.  Naposledy se z\u00fa\u010dastnil, jak informovaly Parlamentn\u00edListy.cz, jedn\u00e1n\u00ed  klausovsk\u00fdch a euroskeptick\u00fdch stran a iniciativ o jejich u\u017e\u0161\u00ed, p\u0159\u00edpadn\u011b  i volebn\u00ed spolupr\u00e1ci.<\/p>\n<h4>Jakl ji\u017e kandidaturu nazna\u010dil<\/h4>\n<p>Jakl by se p\u0159\u00edpadn\u011b mohl pokusit z\u00edskat deset nutn\u00fdch podpis\u016f od  sen\u00e1tor\u016f. Mohl by ho tak\u00e9 podpo\u0159it sen\u00e1tor Petr Pakosta \u010di n\u011bkte\u0159\u00ed  euroskepti\u010d\u00ed sen\u00e1to\u0159i ODS.<\/p>\n<p style=\"margin-bottom: 0cm\">\u017de jej na kadid\u00e1tce uvid\u00edme, Jakl nevylou\u010dil. &#8222;Sv\u00e9ho soukrom\u00ed si hodn\u011b  cen\u00edm. Kandidatura by do n\u011bj citeln\u011b zas\u00e1hla. Ale seri\u00f3zn\u00ed nab\u00eddku  poctiv\u011b zv\u00e1\u017e\u00edm,\u201c reagoval Ladislav Jakl na dotaz Parlamentn\u00edchList\u016f.cz v  esemes zpr\u00e1v\u011b.<\/p>\n<p>Sv\u00e9 p\u0159\u00edpadn\u00e9 ambice u\u017e nazna\u010dil v rozhovoru pro \u010dasopis T\u00fdden. Kdy\u017e se  ho t\u00fdden\u00edk dot\u00e1zal, kdo by byl dobr\u00fdm prezidentem, odpov\u011bd\u011bl \u201ej\u00e1\u201c. \u201eJ\u00e1  m\u00e1m o sob\u011b docela dobr\u00e9 m\u00edn\u011bn\u00ed. \u0158ekn\u011bte deset d\u016fvod\u016f, pro\u010d ne. Jsem  blb\u011bj\u0161\u00ed ne\u017e jm\u00e9na, o kter\u00fdch se mluv\u00ed?\u201c prohl\u00e1sil na dotaz, zda by  kandidoval. Kdyby Jakla oslovila n\u011bjak\u00e1 skupina, \u017ee se ho pokus\u00ed  protla\u010dit mezi kandid\u00e1ty, mo\u017en\u00e1 by do toho pr\u00fd \u0161el. \u201eHodn\u011b bych to  zva\u017eoval. Ale kdyby m\u011b hodn\u011b p\u0159emlouvali, co j\u00e1 v\u00edm\u2026,\u201c dodal pro toto  m\u00e9dium.<\/p>\n<h4>Novin\u00e1\u0159, poslanec, rocker na Hrad\u011b<\/h4>\n<p>Ladislav Jakl se narodil se 17. prosince 1959 v Chebu. V roce 1979  p\u0159es\u00eddlil do Prahy, p\u016fvodn\u011b na studia, absolvoval Fakultu \u017eurnalistiky  Univerzity Karlovy. Pracoval v r\u016fzn\u00fdch profes\u00edch od z\u00e1vozn\u00edka po  vedouc\u00edho kulturn\u00edho st\u0159ediska.<\/p>\n<p>Po roce 1989 byl poslancem \u010cNR, vedouc\u00edm \u00da\u0159adu Rady \u010cR pro rozhlasov\u00e9 a  televizn\u00ed vys\u00edl\u00e1n\u00ed, novin\u00e1\u0159em v Lidov\u00fdch novin\u00e1ch. Od takzvan\u00e9ho  Sarajevsk\u00e9ho atent\u00e1tu v roce 1997 se stal bl\u00edzk\u00fdm spolupracovn\u00edkem  V\u00e1clava Klause, nejd\u0159\u00edve v Poslaneck\u00e9 sn\u011bmovn\u011b, od roku 2003 je  tajemn\u00edkem prezidenta republiky.<\/p>\n<p>Jakl je i rockov\u00fdm hudebn\u00edkem a autorem, aktivn\u011b hraje na kytaru a  zp\u00edv\u00e1 ji\u017e des\u00edtky let, p\u0159edev\u0161\u00edm se sv\u00fdmi kapelami Etal a Folimanka  Blues. Ve sv\u00e9m voln\u00e9m \u010dase se r\u00e1d v\u011bnuje pivu, teoreticky i prakticky.  \u017dije s partnerkou Radkou Raffelovou, vychov\u00e1v\u00e1 syna Mat\u011bje. Je autorem  mnoha set \u010dl\u00e1nk\u016f a esej\u016f o \u010desk\u00e9 i mezin\u00e1rodn\u00ed politice, o m\u00e9di\u00edch, a  tak\u00e9 mnoha sloupk\u016f \u010di fejeton\u016f.<\/p>\n<h4>Pravi\u010d\u00e1k a euroskeptik<\/h4>\n<p>Jakl je \u010dlov\u011bkem v\u00fdrazn\u011b pravicov\u00e9ho sm\u00fd\u0161len\u00ed. Je odp\u016frcem \u010dlenstv\u00ed  \u010cesk\u00e9 republiky v Evropsk\u00e9 unii. H\u00e1j\u00ed absolutn\u00ed svobodu slova a je  rovn\u011b\u017e v\u00fdrazn\u00fdm odp\u016frcem teorie glob\u00e1ln\u00edho oteplov\u00e1n\u00ed a ekologistick\u00fdch  hnut\u00ed, kter\u00e1 pova\u017euje za novou formu marxismu. Je i odp\u016frcem konceptu  takzvan\u00e9 ob\u010dansk\u00e9 spole\u010dnosti, u kter\u00e9 shled\u00e1v\u00e1 na z\u00e1klad\u011b jej\u00edch  korporativn\u00edch prvk\u016f shodn\u00e9 rysy s fa\u0161ismem.<\/p>\n<p>Stejn\u011b jako Klaus je i on kritikem takzvan\u00e9 pravdol\u00e1sky a podobn\u011b jako  Petr H\u00e1jek kritizuje mediokracii a manipulaci v m\u00e9di\u00edch stejn\u011b jako  multikulturalismus, homosexualismus, evropeismus a politckou korektnost.  Je voli\u010dem euroskeptick\u00e9 liber\u00e1ln\u011b konzervativn\u00ed Strany svobodn\u00fdch  ob\u010dan\u016f, kterou zalo\u017eil Klaus\u016fv exporadce Petr Mach. Tato strana h\u00e1j\u00ed  n\u00e1rodn\u00ed suverenitu, svobodu jednotlivce a voln\u00fd trh.<\/p>\n<p><a href=\"http:\/\/www.parlamentnilisty.cz\/zpravy\/Klausuv-tajemnik-Jakl-zvazuje-kandidaturu-na-prezidenta-229833\" target=\"_blank\">Zdroj<\/a><\/p>\n","protected":false},"excerpt":{"rendered":"<p>V\u00cdME PRVN\u00cd Podle informac\u00ed Parlamentn\u00edchList\u016f.cz ze t\u0159\u00ed zdroj\u016f dob\u0159e informovan\u00fdch o d\u011bn\u00ed v Kancel\u00e1\u0159i prezidenta republiky by tajemn\u00edk V\u00e1clava Klause Ladislav Jakl r\u00e1d kandidoval na post prezidenta republiky pro p\u0159\u00ed\u0161t\u00ed funk\u010dn\u00ed obdob\u00ed.<\/p>\n","protected":false},"author":1,"featured_media":0,"comment_status":"open","ping_status":"open","sticky":false,"template":"","format":"standard","meta":{"ngg_post_thumbnail":0,"footnotes":""},"categories":[11],"tags":[],"class_list":["post-1750","post","type-post","status-publish","format-standard","hentry","category-ozvena"],"_links":{"self":[{"href":"https:\/\/www.ladislavjakl.cz\/index.php?rest_route=\/wp\/v2\/posts\/1750","targetHints":{"allow":["GET"]}}],"collection":[{"href":"https:\/\/www.ladislavjakl.cz\/index.php?rest_route=\/wp\/v2\/posts"}],"about":[{"href":"https:\/\/www.ladislavjakl.cz\/index.php?rest_route=\/wp\/v2\/types\/post"}],"author":[{"embeddable":true,"href":"https:\/\/www.ladislavjakl.cz\/index.php?rest_route=\/wp\/v2\/users\/1"}],"replies":[{"embeddable":true,"href":"https:\/\/www.ladislavjakl.cz\/index.php?rest_route=%2Fwp%2Fv2%2Fcomments&post=1750"}],"version-history":[{"count":1,"href":"https:\/\/www.ladislavjakl.cz\/index.php?rest_route=\/wp\/v2\/posts\/1750\/revisions"}],"predecessor-version":[{"id":1751,"href":"https:\/\/www.ladislavjakl.cz\/index.php?rest_route=\/wp\/v2\/posts\/1750\/revisions\/1751"}],"wp:attachment":[{"href":"https:\/\/www.ladislavjakl.cz\/index.php?rest_route=%2Fwp%2Fv2%2Fmedia&parent=1750"}],"wp:term":[{"taxonomy":"category","embeddable":true,"href":"https:\/\/www.ladislavjakl.cz\/index.php?rest_route=%2Fwp%2Fv2%2Fcategories&post=1750"},{"taxonomy":"post_tag","embeddable":true,"href":"https:\/\/www.ladislavjakl.cz\/index.php?rest_route=%2Fwp%2Fv2%2Ftags&post=1750"}],"curies":[{"name":"wp","href":"https:\/\/api.w.org\/{rel}","templated":true}]}}