{"id":1768,"date":"2012-05-02T10:51:52","date_gmt":"2012-05-02T08:51:52","guid":{"rendered":"http:\/\/www.ladislavjakl.cz\/?p=1768"},"modified":"2012-05-02T10:51:52","modified_gmt":"2012-05-02T08:51:52","slug":"listy-touhy-nenaplnene","status":"publish","type":"post","link":"https:\/\/www.ladislavjakl.cz\/?p=1768","title":{"rendered":"Listy touhy nenapln\u011bn\u00e9"},"content":{"rendered":"<p>(\u010dte se odspodu)<\/p>\n<p><!--more--><br \/>\nFrom: Jakl Ladislav<br \/>\nSent: Wednesday, May 02, 2012 10:13 AM<br \/>\nTo: &#8218;moje.posta1@centrum.cz&#8216;<br \/>\nSubject: RE: Klaus\u016fv tajemn\u00edk Jakl zva\u017euje kandidaturu na prezidenta<\/p>\n<p>Ach do sv\u011bta jen vyk\u0159i\u010d touhu svou a bolest! Srdce m\u00e9 v\u0161ak vzdor plamen\u016fm<br \/>\noddanosti tv\u00e9 mus\u00ed z\u016fstat uzam\u010deno, nebo\u0165 kl\u00ed\u010dek zlat\u00fd k n\u011bmu v ruk\u00e1ch<br \/>\nn\u011b\u017en\u00fdch kryje ta, je\u017e podlahu v m\u00e9m hn\u00edzd\u011b \u010dasto myje.<br \/>\nL. J.<\/p>\n<p>&#8212;&#8211;Original Message&#8212;&#8211;<br \/>\nFrom: moje.posta1@centrum.cz<br \/>\nSent: Wednesday, April 25, 2012 8:42 AM<br \/>\nTo: Jakl Ladislav<br \/>\nSubject: RE: Klaus\u016fv tajemn\u00edk Jakl zva\u017euje kandidaturu na prezidenta<\/p>\n<p>Tv\u00e9 mejly budou ozdobou m\u00e9ho blogu.Jen potvrzuje\u0161 co jsi za du\u0161evn\u00edho<br \/>\nchud\u00e1ka a hlavn\u011b koryt\u00e1\u0159 !!<br \/>\n______________________________________________________________<br \/>\n<span>&gt; Od: &#8222;Jakl Ladislav&#8220; <\/span><br \/>\n<span>&gt; Komu: <\/span><br \/>\n<span>&gt; Datum: 24.04.2012 11:14<\/span><br \/>\n<span>&gt; P\u0159edm\u011bt: RE: Klaus\u016fv tajemn\u00edk Jakl zva\u017euje kandidaturu na prezidenta<\/span><br \/>\n<span>&gt;<\/span><br \/>\nJak rajsk\u00e1 hudba mi zn\u00ed tv\u00e1 n\u011b\u017en\u00e1 sl\u016fvka, je\u017e jemnou du\u0161i pod drsnou slupkou<br \/>\nskr\u00fdvaj\u00ed. Ach d\u00e1l jen d\u00e1l napl\u0148uj m\u00e9 srdce v\u00e1\u0161n\u00ed svou oddanou.<br \/>\nL. J.<\/p>\n<p>&#8212;&#8211;Original Message&#8212;&#8211;<br \/>\nFrom: moje.posta1@centrum.cz<br \/>\nSent: Monday, April 23, 2012 11:11 PM<br \/>\nTo: Jakl Ladislav<br \/>\nSubject: RE: Klaus\u016fv tajemn\u00edk Jakl zva\u017euje kandidaturu na prezidenta<\/p>\n<p>Buzerante skurven\u00fd !!! To by tak sch\u00e1zelo teplou\u0161 na hrad\u011b ty kapko s<br \/>\ntatov\u00e9ho \u010dur\u00e1ka.Zmrde modr\u00fd !!!!<br \/>\nHajzle skurven\u00fd koryt\u00e1\u0159sk\u00fd.Skurvysyne jeden.<br \/>\n______________________________________________________________<br \/>\n<span>&gt; Od: &#8222;Jakl Ladislav&#8220; <\/span><br \/>\n<span>&gt; Komu: <\/span><br \/>\n<span>&gt; Datum: 23.04.2012 15:47<\/span><br \/>\n<span>&gt; P\u0159edm\u011bt: RE: Klaus\u016fv tajemn\u00edk Jakl zva\u017euje kandidaturu na prezidenta<\/span><br \/>\n<span>&gt;<\/span><br \/>\nMil\u00e1\u010dku, to jsi pusinka, \u017ee ses ozval, u\u017e jsi mi moc chyb\u011bl.<br \/>\nL.<\/p>\n<p>&#8212;&#8211;Original Message&#8212;&#8211;<br \/>\nFrom: moje.posta1@centrum.cz<br \/>\nSent: Sunday, April 22, 2012 9:28 AM<br \/>\nTo: Jakl Ladislav<br \/>\nSubject: Klaus\u016fv tajemn\u00edk Jakl zva\u017euje kandidaturu na prezidenta<\/p>\n<p>Ty m\u016f\u017ee\u0161 d\u011blat tak maxim\u00e1ln\u011b reklamu na kondomy ty blbe\u010dku.<br \/>\nSnad si nemysl\u00ed\u0161 \u017ee budeme volit Klausovu podr\u017eta\u0161ku??&#8220;!!!<br \/>\nNechej se vy\u0161et\u0159it ty pablbe !!!<\/p>\n","protected":false},"excerpt":{"rendered":"<p>(\u010dte se odspodu)<\/p>\n","protected":false},"author":1,"featured_media":0,"comment_status":"open","ping_status":"open","sticky":false,"template":"","format":"standard","meta":{"ngg_post_thumbnail":0,"footnotes":""},"categories":[6],"tags":[],"class_list":["post-1768","post","type-post","status-publish","format-standard","hentry","category-co-jsem-nerekl"],"_links":{"self":[{"href":"https:\/\/www.ladislavjakl.cz\/index.php?rest_route=\/wp\/v2\/posts\/1768","targetHints":{"allow":["GET"]}}],"collection":[{"href":"https:\/\/www.ladislavjakl.cz\/index.php?rest_route=\/wp\/v2\/posts"}],"about":[{"href":"https:\/\/www.ladislavjakl.cz\/index.php?rest_route=\/wp\/v2\/types\/post"}],"author":[{"embeddable":true,"href":"https:\/\/www.ladislavjakl.cz\/index.php?rest_route=\/wp\/v2\/users\/1"}],"replies":[{"embeddable":true,"href":"https:\/\/www.ladislavjakl.cz\/index.php?rest_route=%2Fwp%2Fv2%2Fcomments&post=1768"}],"version-history":[{"count":1,"href":"https:\/\/www.ladislavjakl.cz\/index.php?rest_route=\/wp\/v2\/posts\/1768\/revisions"}],"predecessor-version":[{"id":1769,"href":"https:\/\/www.ladislavjakl.cz\/index.php?rest_route=\/wp\/v2\/posts\/1768\/revisions\/1769"}],"wp:attachment":[{"href":"https:\/\/www.ladislavjakl.cz\/index.php?rest_route=%2Fwp%2Fv2%2Fmedia&parent=1768"}],"wp:term":[{"taxonomy":"category","embeddable":true,"href":"https:\/\/www.ladislavjakl.cz\/index.php?rest_route=%2Fwp%2Fv2%2Fcategories&post=1768"},{"taxonomy":"post_tag","embeddable":true,"href":"https:\/\/www.ladislavjakl.cz\/index.php?rest_route=%2Fwp%2Fv2%2Ftags&post=1768"}],"curies":[{"name":"wp","href":"https:\/\/api.w.org\/{rel}","templated":true}]}}