{"id":1770,"date":"2012-05-03T13:06:48","date_gmt":"2012-05-03T11:06:48","guid":{"rendered":"http:\/\/www.ladislavjakl.cz\/?p=1770"},"modified":"2012-05-03T13:06:48","modified_gmt":"2012-05-03T11:06:48","slug":"jakla-muze-podporit-na-prezidenta-nekolik-senatoru-i-z-ods","status":"publish","type":"post","link":"https:\/\/www.ladislavjakl.cz\/?p=1770","title":{"rendered":"Jakla m\u016f\u017ee podpo\u0159it na prezidenta n\u011bkolik sen\u00e1tor\u016f. I z ODS"},"content":{"rendered":"<p>Parlamentn\u00edListy.cz informovaly, \u017ee tajemn\u00edk prezidenta republiky  V\u00e1clava Klause Ladislav Jakl v\u00e1\u017en\u011b zva\u017euje svou kandidaturu na funkci  prezidenta republiky. Redakce oslovila pravicov\u00e9 sen\u00e1tory a n\u011bkter\u00fdm z  nich je jeho p\u0159\u00edpadn\u00e1 kandidatura sympatick\u00e1.<\/p>\n<p><!--more--><\/p>\n<p>\u017de jej na kandid\u00e1tce uvid\u00edme, Jakl nevylou\u010dil. \u201eSv\u00e9ho soukrom\u00ed si hodn\u011b  cen\u00edm. Kandidatura by do n\u011bj citeln\u011b zas\u00e1hla. Ale seri\u00f3zn\u00ed nab\u00eddku  poctiv\u011b zv\u00e1\u017e\u00edm,\u201c reagoval Ladislav Jakl na dotaz Parlamentn\u00edchList\u016f.cz v  SMS zpr\u00e1v\u011b. Redakce oslovila pravicov\u00e9 sen\u00e1tory, zda by sv\u00fdm podpisem  podpo\u0159ili jeho kandidaturu. Musel by z\u00edskat deset sen\u00e1torsk\u00fdch podpis\u016f.<\/p>\n<p>Navrhovat kandid\u00e1ta je toti\u017e dle novely \u00fastavy opr\u00e1vn\u011bn ka\u017ed\u00fd ob\u010dan  \u010cesk\u00e9 republiky, kter\u00fd dos\u00e1hl v\u011bku 18 let, podpo\u0159\u00ed-li jeho n\u00e1vrh petice  podepsan\u00e1 nejm\u00e9n\u011b 50 tis\u00edci ob\u010dany \u010cesk\u00e9 republiky opr\u00e1vn\u011bn\u00fdmi volit  prezidenta republiky. Navrhovat kandid\u00e1ta je opr\u00e1vn\u011bno nejm\u00e9n\u011b dvacet  poslanc\u016f nebo nejm\u00e9n\u011b deset sen\u00e1tor\u016f. P\u0159edseda Akce D.O.S.T. Michal  Sem\u00edn avizoval, \u017ee by iniciativa Jaklovi p\u0159i kampani \u010di p\u0159i sh\u00e1n\u011bn\u00ed  podpis\u016f pom\u00e1hala.<\/p>\n<p>N\u011bkte\u0159\u00ed pravicov\u00ed sen\u00e1to\u0159i by ho podpo\u0159ili, n\u011bkte\u0159\u00ed odp\u016frci p\u0159\u00edm\u00e9 volby ji budou ze sam\u00e9ho principu bojkotovat.<\/p>\n<h4>Kolikr\u00e1t je mo\u017en\u00e9 podepsat nominaci?<\/h4>\n<p>\u201ePan Jakl by byl zaj\u00edmav\u00fd kandid\u00e1t. Ur\u010dit\u011b bych o podpo\u0159e jeho kandidatury uva\u017eoval,\u201c \u0159ekl Parlamentn\u00edmList\u016fm.cz sen\u00e1tor <strong>Petr Pakosta<\/strong>, kter\u00fd byl doned\u00e1vna \u010dlenem ODS.<\/p>\n<p>Sen\u00e1tor ODS <strong>Jaroslav Kubera<\/strong> upozornil, \u017ee st\u00e1le nebyl  schv\u00e1len prov\u00e1d\u011bc\u00ed z\u00e1kon a nen\u00ed z\u0159ejm\u00e9, zda z\u00e1konod\u00e1rci \u010di ob\u010dan\u00e9 mohou  sv\u00fdm podpisem podpo\u0159it na kandidaturu v\u00edce prezidentsk\u00fdch kandid\u00e1t\u016f.  \u201eJestli bude moci b\u00fdt jen jeden podpis jako sen\u00e1tora, tak j\u00e1 u\u017e nem\u016f\u017eu.  Ale ur\u010dit\u011b bych to podepsal jako jeden ob\u010dan z t\u011bch pades\u00e1ti tis\u00edc. Jakl  je ideov\u011b moje krevn\u00ed skupina. Mysl\u00edm si, \u017ee je nedocen\u011bn, p\u0159itom m\u00e1  v\u011bci promy\u0161len\u00e9 a ideov\u011b je na v\u00fd\u0161i,\u201c dodal Kubera.<\/p>\n<h4>Je to \u010dlov\u011bk s obrovsk\u00fdm rozhledem<\/h4>\n<p>Sen\u00e1tor ODS <strong>Milan Pe\u0161\u00e1k<\/strong> uvedl, \u017ee by byl ochoten jeho  kandid\u00e1tskou nominaci na prezidenta sv\u00fdm sen\u00e1torsk\u00fdm podpisem podpo\u0159it.  \u201eAno, byl bych ochoten ho podpo\u0159it. Ladislav Jakl je \u010dlov\u011bk s obrovsk\u00fdm  rozhledem, kter\u00fd se neboj\u00ed \u0159\u00edkat sv\u00e9 n\u00e1zory, a to i takov\u00e9, kter\u00e9 m\u00e9dia  necht\u011bj\u00ed sly\u0161et. Nav\u00edc m\u00e1 v\u011bt\u0161inou pravdu,\u201c uvedl pro  Parlamentn\u00edListy.cz Milan Pe\u0161\u00e1k.<\/p>\n<p>\u201eJako prezident by se mi l\u00edbil. Na druh\u00e9 stran\u011b nem\u00e1 podporu m\u00e9di\u00ed ani  relevantn\u00edch politick\u00fdch stran. T\u00edm se jeho \u0161ance velmi sni\u017euj\u00ed. T\u0159eba  mi to vysv\u011btl\u00ed,\u201c reagoval sen\u00e1tor ODS <strong>Miroslav \u0160kaloud<\/strong>.<\/p>\n<h4>Nem\u00e1m r\u00e1d p\u0159\u00edmou volbu&#8230;<\/h4>\n<p>Dal\u0161\u00ed sen\u00e1to\u0159i ODS jsou ale k Jaklov\u011b kandidatu\u0159e skepti\u010dt\u00ed. \u201eJ\u00e1 ho  nepodpo\u0159\u00edm. Podle m\u011b je to beznad\u011bjn\u00e9 a nem\u00e1 \u0161anci. Nebudu mu to  usnad\u0148ovat. A\u0165 si t\u0159eba se\u017eene pades\u00e1t tis\u00edc podpis\u016f. M\u00e1m ho r\u00e1d, ale  \u0161anci nem\u00e1. P\u0159\u00edm\u00e1 volba prezidenta bude pouze show typu \u010cesko hled\u00e1  talent a nechci se toho z\u00fa\u010dast\u0148ovat. I kdy\u017e jako odp\u016frce p\u0159\u00edm\u00e9 volby  jej\u00ed zaveden\u00ed jako demokrat respektuji,\u201c vysv\u011btlil sen\u00e1tor ODS <strong>Ji\u0159\u00ed Posp\u00ed\u0161il<\/strong>.<\/p>\n<p>Nestranick\u00fd sen\u00e1tor <strong>Zden\u011bk Schwarz<\/strong> zvolen\u00fd za ODS  argumentuje podobn\u011b. \u201eJ\u00e1 jsem odp\u016frcem p\u0159\u00edm\u00e9 volby prezidenta a t\u00e9  \u0161a\u0161k\u00e1rny se nehodl\u00e1m nijak z\u00fa\u010dastnit,\u201c uvedl sen\u00e1tor.<\/p>\n<p>\u201eMy m\u00e1me vlastn\u00ed stranick\u00e9 prim\u00e1rky. Pokud by ho n\u011bkdo navrhl do  prim\u00e1rek ODS, je mo\u017en\u00e9 o tom uva\u017eovat, ale mimo prim\u00e1rky ODS nikomu  kandid\u00e1tn\u00ed listinu nepodep\u00ed\u0161u,\u201c informoval sen\u00e1tor ODS <strong>Pavel Eybert<\/strong>.<\/p>\n<p>\u201eP\u0159i v\u0161\u00ed \u00fact\u011b k panu Jaklovi bych jeho kandidaturu nepodpo\u0159il,\u201c uvedl sen\u00e1tor <strong>Karel \u0160ebek<\/strong>.  Jak by se zachovali dal\u0161\u00ed sen\u00e1to\u0159i ODS, je ot\u00e1zkou, proto\u017ee ti na dotaz  Parlamentn\u00edchList\u016f.cz nereagovali. Podle informac\u00ed redakce u\u017e ale nyn\u00ed  prob\u00edh\u00e1 \u201epodpisov\u00fd proces\u201c. Nap\u0159\u00edklad Milo\u0161 Zeman by m\u011bl m\u00edt k dispozici  ji\u017e dev\u011bt sen\u00e1torsk\u00fdch podpis\u016f.<\/p>\n<h4>Prim\u00e1rky ODS: Sobotka vs. To\u0161enovsk\u00fd<\/h4>\n<p>Sama ODS informovala, \u017ee v jej\u00edch stranick\u00fdch prim\u00e1rk\u00e1ch by se o to,  kdo bude za stranu kandidovat na prezidenta, m\u011bli utkat prvn\u00ed  m\u00edstop\u0159edseda Sen\u00e1tu P\u0159emysl Sobotka a europoslanec Ev\u017een To\u0161enovsk\u00fd.  P\u0159edsedkyn\u011b sn\u011bmovny Miroslava N\u011bmcov\u00e1 na posledn\u00ed chv\u00edli svou  kandidaturu vzdala.<\/p>\n<p>Posledn\u00ed dubnov\u00fd den odstartuj\u00ed ob\u010dan\u0161t\u00ed demokrat\u00e9 dev\u00edtit\u00fddenn\u00ed  prezidentsk\u00e9 prim\u00e1rky, ve kter\u00fdch vyberou sv\u00e9ho kandid\u00e1ta do p\u0159\u00edm\u00e9 volby  hlavy st\u00e1tu. Kandid\u00e1ti budou z\u00edsk\u00e1vat podporu na des\u00edtk\u00e1ch volebn\u00edch  shrom\u00e1\u017ed\u011bn\u00ed ve v\u0161ech kraj\u00edch \u010cesk\u00e9 republiky. Hlas m\u016f\u017ee v prim\u00e1rk\u00e1ch  odevzdat ka\u017ed\u00fd \u010dlen ODS, kter\u00fd spln\u00ed podm\u00ednky stanoven\u00e9 v\u00fdkonnou radou.<\/p>\n<p>Prezidentsk\u00e9 prim\u00e1rky ODS prob\u011bhnou v dev\u00edti volebn\u00edch regionech podle  dan\u00e9ho harmonogramu. V\u00edt\u011bzem prim\u00e1rn\u00edch voleb se stane kandid\u00e1t, kter\u00fd  obdr\u017e\u00ed nejvy\u0161\u0161\u00ed po\u010det platn\u00fdch odevzdan\u00fdch hlas\u016f. Ofici\u00e1ln\u00ed prezidentsk\u00fd  kandid\u00e1t ODS bude zn\u00e1m nejpozd\u011bji 1. \u010dervence leto\u0161n\u00edho roku.<\/p>\n<p>Kandid\u00e1ti budou p\u0159edstavovat sv\u00e9 priority a program na ve\u0159ejn\u00fdch  volebn\u00edch shrom\u00e1\u017ed\u011bn\u00edch, kter\u00e1 prob\u011bhnou na \u00farovni oblastn\u00edch sdru\u017een\u00ed.  Zde tak\u00e9 budou moci \u010dlenov\u00e9 ODS vhodit sv\u016fj hlasovac\u00ed l\u00edstek do volebn\u00ed  urny. Pokud se volebn\u00edho shrom\u00e1\u017ed\u011bn\u00ed nez\u00fa\u010dastn\u00ed, budou m\u00edt p\u0159\u00edle\u017eitost  hlasovat b\u011bhem dvou dn\u016f v oblastn\u00edch kancel\u00e1\u0159\u00edch ODS.<\/p>\n<p><a href=\"http:\/\/www.parlamentnilisty.cz\/rss\/zpravy\/Jakla-muze-podporit-na-prezidenta-nekolik-senatoru-I-z-ODS-230396\" target=\"_blank\">Zdroj<\/a><\/p>\n","protected":false},"excerpt":{"rendered":"<p>Parlamentn\u00edListy.cz informovaly, \u017ee tajemn\u00edk prezidenta republiky V\u00e1clava Klause Ladislav Jakl v\u00e1\u017en\u011b zva\u017euje svou kandidaturu na funkci prezidenta republiky. Redakce oslovila pravicov\u00e9 sen\u00e1tory a n\u011bkter\u00fdm z nich je jeho p\u0159\u00edpadn\u00e1 kandidatura sympatick\u00e1.<\/p>\n","protected":false},"author":1,"featured_media":0,"comment_status":"open","ping_status":"open","sticky":false,"template":"","format":"standard","meta":{"ngg_post_thumbnail":0,"footnotes":""},"categories":[11],"tags":[],"class_list":["post-1770","post","type-post","status-publish","format-standard","hentry","category-ozvena"],"_links":{"self":[{"href":"https:\/\/www.ladislavjakl.cz\/index.php?rest_route=\/wp\/v2\/posts\/1770","targetHints":{"allow":["GET"]}}],"collection":[{"href":"https:\/\/www.ladislavjakl.cz\/index.php?rest_route=\/wp\/v2\/posts"}],"about":[{"href":"https:\/\/www.ladislavjakl.cz\/index.php?rest_route=\/wp\/v2\/types\/post"}],"author":[{"embeddable":true,"href":"https:\/\/www.ladislavjakl.cz\/index.php?rest_route=\/wp\/v2\/users\/1"}],"replies":[{"embeddable":true,"href":"https:\/\/www.ladislavjakl.cz\/index.php?rest_route=%2Fwp%2Fv2%2Fcomments&post=1770"}],"version-history":[{"count":2,"href":"https:\/\/www.ladislavjakl.cz\/index.php?rest_route=\/wp\/v2\/posts\/1770\/revisions"}],"predecessor-version":[{"id":1772,"href":"https:\/\/www.ladislavjakl.cz\/index.php?rest_route=\/wp\/v2\/posts\/1770\/revisions\/1772"}],"wp:attachment":[{"href":"https:\/\/www.ladislavjakl.cz\/index.php?rest_route=%2Fwp%2Fv2%2Fmedia&parent=1770"}],"wp:term":[{"taxonomy":"category","embeddable":true,"href":"https:\/\/www.ladislavjakl.cz\/index.php?rest_route=%2Fwp%2Fv2%2Fcategories&post=1770"},{"taxonomy":"post_tag","embeddable":true,"href":"https:\/\/www.ladislavjakl.cz\/index.php?rest_route=%2Fwp%2Fv2%2Ftags&post=1770"}],"curies":[{"name":"wp","href":"https:\/\/api.w.org\/{rel}","templated":true}]}}