{"id":1775,"date":"2012-05-03T13:11:17","date_gmt":"2012-05-03T11:11:17","guid":{"rendered":"http:\/\/www.ladislavjakl.cz\/?p=1775"},"modified":"2012-05-03T13:11:17","modified_gmt":"2012-05-03T11:11:17","slug":"jen-ne-pod-obraz-pane-prezidente-takto-klaus-kostoval-pivo","status":"publish","type":"post","link":"https:\/\/www.ladislavjakl.cz\/?p=1775","title":{"rendered":"Jen ne pod obraz, pane prezidente. Takto Klaus ko\u0161toval pivo"},"content":{"rendered":"<p>REVUE  Prezident republiky V\u00e1clav Klaus ve st\u0159edu slavnostn\u011b otev\u0159el  nov\u00fd mikropivovar a restauraci u T\u0159\u00ed r\u016f\u017e\u00ed v Husov\u011b ulici na Star\u00e9m  M\u011bst\u011b.<\/p>\n<p><!--more--><\/p>\n<p>\u201eVid\u00edm, \u017ee tu jsou i Parlamentn\u00ed listy. Tak\u017ee to je to asi fakt v\u00fdznamn\u00e1 ud\u00e1lost,\u201c vtipkoval prezident Klaus p\u0159i sv\u00e9m p\u0159\u00edchodu.<\/p>\n<p>Varnu na pivo vysv\u011btil p\u0159evor dominik\u00e1nsk\u00e9ho kl\u00e1\u0161tera Anton\u00edn Krasucki.  \u201e\u010clov\u011bk je stvo\u0159en k obrazu Bo\u017e\u00edmu a kdy\u017e pros\u00edme o Bo\u017e\u00ed po\u017eehn\u00e1n\u00ed, je  to v\u017edy proto, aby \u010dlov\u011bk k Bo\u017e\u00edmu obrazu z\u016fstal, a nikoli aby byl pod  Bo\u017e\u00ed obraz,\u201c \u0159ekl na \u00favod p\u0159evor.<\/p>\n<h4>Kde m\u00e1m Jakla?<\/h4>\n<p>Potom ji\u017e prezident Klaus narazil a nato\u010dil prvn\u00ed pivo pr\u00e1v\u011b otev\u0159en\u00e9ho  pivovaru. \u201eJ\u00e1 budu jenom asistovat,\u201c zdr\u00e1hal se Klaus narazit sud. Ale  nakonec se chopil d\u00edla: \u201eM\u00e1m to vz\u00edt takhle backhandem?\u201c a za\u010dal  nar\u00e1\u017eet. \u201eOno to opravdu te\u010de,\u201c podivil se prezident, \u017ee mu sud poda\u0159ilo  narazit.<\/p>\n<p>\u201eKde m\u00e1m sv\u00fdho poradce Jakla? Jestli to d\u011bl\u00e1m spr\u00e1vn\u011b?\u201c vtipkoval dob\u0159e  nalad\u011bn\u00fd prezident. \u201eTo u\u017e je dobr\u00fd ne. To sta\u010d\u00ed?\u201c \u0159ekl Klaus, kdy\u017e  dot\u00e1\u010del pivo, kter\u00e9 vz\u00e1p\u011bt\u00ed ochutnal.<\/p>\n<h4>Tradice bez norem Bruselu<\/h4>\n<p>Klaus potom pop\u0159\u00e1l pivovaru v\u0161e dobr\u00e9: \u201eV\u0161ichni doufaj\u00ed, \u017ee to je  nav\u00e1z\u00e1n\u00ed na takov\u00e9 dobr\u00e9 \u010desk\u00e9 tradice. Douf\u00e1m, \u017ee to bude d\u016fstojn\u00e9  nav\u00e1z\u00e1n\u00ed, \u010dili tady nebudou platit normy Evropsk\u00e9 unie. Douf\u00e1m, \u017ee se tu  taky nebude to\u010dit n\u011bjak\u00fd nealkoholick\u00fd pivo \u010di n\u011bjak\u00e9 takov\u00e9 antipivo.  To bych v\u00e1m velmi p\u0159\u00e1l. Douf\u00e1m, \u017ee a\u017e se stanu zase norm\u00e1ln\u00edm ob\u010danem,  neprezidentem, a p\u016fjdu tak\u00e9 n\u011bkdy p\u011b\u0161ky po t\u00e9to ulici, tak\u017ee se tady u  v\u00e1s zastav\u00edm.\u201c<\/p>\n<p>Potom si prezident prohl\u00e9dl pivovar, p\u00e1r piv, shl\u00e9dl vystoupen\u00ed  provazochodkyn\u011b a asi po hodin\u011b se vr\u00e1til na Hrad se soudkem piva, kter\u00fd  obdr\u017eel jako d\u00e1rek. Na akci se objevil i prezident\u016fv vicekancl\u00e9\u0159 Petr  H\u00e1jek, sen\u00e1tor Petr Pakosta \u010di p\u0159edseda konzervativn\u00ed Akce D.O.S.T.  Michal Sem\u00edn.<\/p>\n<h4>Prezident m\u00e1 pivo r\u00e1d, ale fajn\u0161mekr to zrovna nen\u00ed<\/h4>\n<p>Zn\u00e1m\u00fd piva\u0159 a Klaus\u016fv tajemn\u00edk Ladislav Jakl osv\u011btlil  Parlamentn\u00edmList\u016fm.cz Klaus\u016fv vztah k pivu. \u201ePan prezident se piva  nez\u0159\u00edk\u00e1. Pova\u017euje ho spr\u00e1vn\u011b za dobr\u00fd \u010desk\u00fd tradi\u010dn\u00ed n\u00e1poj. \u0158\u00edkal, \u017ee v  dob\u011b, kdy sportoval, ho po sportu nenapadlo p\u00edt n\u011bco jin\u00e9ho. Nicm\u00e9n\u011b, \u017ee  by byl n\u011bjak\u00fd fajn\u0161mekr, kter\u00fd by se o pivo zvl\u00e1\u0161\u0165 zaj\u00edmal, to ne. L\u00e9ta  u\u017e se sna\u017e\u00edm roz\u0161i\u0159ovat jeho pivn\u00ed obzory s \u00fasp\u011bchem na tu dobu  st\u0159\u00eddav\u00fdm a\u017e mal\u00fdm, na druhou stranu nikoli nulov\u00fdm. Te\u010f u\u017e by ne\u0159ekl  odsuzuj\u00edc\u00ed v\u011bty na jak\u00e9koli jin\u00e9 pivo, ne\u017e je zvykl\u00fd, jako toho byl  schopen t\u0159eba p\u0159ed deseti lety,\u201c \u0159ekl Jakl.<\/p>\n<p>Jakl dodal, \u017ee v\u011b\u0159\u00ed, \u017ee nov\u00fd pivovar p\u0159inese p\u0159idanou hodnotu. Nem\u011blo  by to b\u00fdt podle n\u011bj pouze o tom, \u017ee vlastn\u00ed pivo je pouze ozvl\u00e1\u0161tn\u011bn\u00edm  podniku. Podle n\u011bho by m\u011blo b\u00fdt pivo origin\u00e1ln\u00ed. Pivo se ve star\u00e9m dom\u011b u  T\u0159\u00ed r\u016f\u017e\u00ed va\u0159ilo u\u017e ve st\u0159edov\u011bku, kdy zde p\u016fsobil sl\u00e1dek Bene\u0161.<\/p>\n<p><a href=\"http:\/\/www.parlamentnilisty.cz\/zpravy\/Jen-ne-pod-obraz-pane-prezidente-Takto-Klaus-kostoval-pivo-231310\" target=\"_blank\">Zdroj<\/a><\/p>\n","protected":false},"excerpt":{"rendered":"<p>REVUE Prezident republiky V\u00e1clav Klaus ve st\u0159edu slavnostn\u011b otev\u0159el nov\u00fd mikropivovar a restauraci u T\u0159\u00ed r\u016f\u017e\u00ed v Husov\u011b ulici na Star\u00e9m M\u011bst\u011b.<\/p>\n","protected":false},"author":1,"featured_media":0,"comment_status":"open","ping_status":"open","sticky":false,"template":"","format":"standard","meta":{"ngg_post_thumbnail":0,"footnotes":""},"categories":[11],"tags":[],"class_list":["post-1775","post","type-post","status-publish","format-standard","hentry","category-ozvena"],"_links":{"self":[{"href":"https:\/\/www.ladislavjakl.cz\/index.php?rest_route=\/wp\/v2\/posts\/1775","targetHints":{"allow":["GET"]}}],"collection":[{"href":"https:\/\/www.ladislavjakl.cz\/index.php?rest_route=\/wp\/v2\/posts"}],"about":[{"href":"https:\/\/www.ladislavjakl.cz\/index.php?rest_route=\/wp\/v2\/types\/post"}],"author":[{"embeddable":true,"href":"https:\/\/www.ladislavjakl.cz\/index.php?rest_route=\/wp\/v2\/users\/1"}],"replies":[{"embeddable":true,"href":"https:\/\/www.ladislavjakl.cz\/index.php?rest_route=%2Fwp%2Fv2%2Fcomments&post=1775"}],"version-history":[{"count":1,"href":"https:\/\/www.ladislavjakl.cz\/index.php?rest_route=\/wp\/v2\/posts\/1775\/revisions"}],"predecessor-version":[{"id":1776,"href":"https:\/\/www.ladislavjakl.cz\/index.php?rest_route=\/wp\/v2\/posts\/1775\/revisions\/1776"}],"wp:attachment":[{"href":"https:\/\/www.ladislavjakl.cz\/index.php?rest_route=%2Fwp%2Fv2%2Fmedia&parent=1775"}],"wp:term":[{"taxonomy":"category","embeddable":true,"href":"https:\/\/www.ladislavjakl.cz\/index.php?rest_route=%2Fwp%2Fv2%2Fcategories&post=1775"},{"taxonomy":"post_tag","embeddable":true,"href":"https:\/\/www.ladislavjakl.cz\/index.php?rest_route=%2Fwp%2Fv2%2Ftags&post=1775"}],"curies":[{"name":"wp","href":"https:\/\/api.w.org\/{rel}","templated":true}]}}