{"id":1784,"date":"2012-05-04T11:05:17","date_gmt":"2012-05-04T09:05:17","guid":{"rendered":"http:\/\/www.ladislavjakl.cz\/?p=1784"},"modified":"2012-05-04T11:05:17","modified_gmt":"2012-05-04T09:05:17","slug":"tajemnik-prezidenta-ladislav-jakl-denik-mfd-sam-realizuje-odposlechy-sefredaktor-casensky-vy-jste-se-zblaznil","status":"publish","type":"post","link":"https:\/\/www.ladislavjakl.cz\/?p=1784","title":{"rendered":"Tajemn\u00edk prezidenta Ladislav Jakl: Den\u00edk MfD s\u00e1m realizuje odposlechy. \u0160\u00e9fredaktor \u010c\u00e1sensk\u00fd: Vy jste se zbl\u00e1znil!"},"content":{"rendered":"<p><span>\u017dalovateln\u00e1 jsou podle pr\u00e1vni\u010dky Hany Marvanov\u00e9  slova tajemn\u00edka prezidenta republiky Ladislava Jakla na adresu  nej\u010dten\u011bj\u0161\u00edho seri\u00f3zn\u00edho den\u00edku Mlad\u00e9 fronty DNES. Jakl se na p\u0159\u00edpadn\u00fd  soudn\u00ed spor pr\u00fd t\u011b\u0161\u00ed. \u0160\u00e9f politick\u00e9ho odboru a tajemn\u00edk V\u00e1clava Klause  v\u010dera p\u0159i pravideln\u00fdch Rozprav\u00e1ch o \u010desk\u00fdch m\u00e9di\u00edch redakci MfD obvinil z  toho, \u017ee plat\u00ed za z\u00edskan\u00e9 informace a sama realizuje odposlechy. <\/span><\/p>\n<p><span><!--more--><br \/>\nTo  nenechalo chladn\u00fdm \u0161\u00e9fredaktora den\u00edku Roberta \u010c\u00e1sensk\u00e9ho, kter\u00fd se  ost\u0159e ohradil a prohl\u00e1sil, \u017ee se Jakl musel zbl\u00e1znit, pokud n\u011bco  takov\u00e9ho \u0159\u00edk\u00e1. Robert \u010c\u00e1sensk\u00fd v diskusi na t\u00e9ma \u00fanik\u016f odposlech\u016f do  m\u00e9di\u00ed zd\u016fraznil, \u017ee na odposlechy telefonick\u00fdch hovor\u016f by si redakce  obecn\u011b m\u011bly d\u00e1vat pozor. MF Dnes pouze dvakr\u00e1t za posledn\u00edch n\u011bkolik let  zve\u0159ejnila a pouze s v\u011bdom\u00edm, \u017ee tyto hovory mohou popsat a\u017e krimin\u00e1ln\u00ed  skute\u010dnosti. To je, podle \u010c\u00e1sensk\u00e9ho ve ve\u0159ejn\u00e9m z\u00e1jmu. \u0160\u00e9f MfD odm\u00edtl,  \u017ee by se zve\u0159ejn\u011bn\u00edm odposlech\u016f nebo telefonick\u00fdch hovor\u016f MfD dostala  do role \u201eu\u017eite\u010dn\u00e9ho idiota\u201c, nahr\u00e1vky byly d\u016fkladn\u011b vyhodnoceny a do  redakce se nav\u00edc pr\u00fd dostaly jako vedlej\u0161\u00ed produkt, nikoliv prvopl\u00e1nov\u011b.  \u201eMn\u011b vad\u00ed, \u017ee se ne\u0159e\u0161\u00ed situace, \u017ee z BIS zmiz\u00ed odposlechy a nemohu se  spolehnout na p\u0159\u00edslu\u0161n\u00e9 org\u00e1ny,\u201c \u0159ekl v ve sv\u00e9m vystoupen\u00ed v diskusn\u00edm  panelu pedagog Milan \u0160m\u00edd s t\u00edm, \u017ee by byl r\u00e1d, kdyby n\u011bkdo podal na MfD  trestn\u00ed ozn\u00e1men\u00ed, co\u017e by otev\u0159elo diskusi o praktik\u00e1ch na \u00farovni soudu a  vyplynula by n\u011bjak\u00e1 rozhodnut\u00ed.<\/p>\n<p>Mo\u017en\u00e1 takov\u00e1 \u00favaha vyprovokovala  Ladislava Jakla, kdy\u017e prohl\u00e1sil: \u201eNeleg\u00e1ln\u00ed, neopr\u00e1vn\u011bn\u00e9 odposlechy a  neleg\u00e1ln\u00ed f\u00edzlov\u00e1n\u00ed lid\u00ed nev\u00edm, jestli ni\u010d\u00ed demokracii, ale ni\u010d\u00ed  spole\u010densk\u00e9 klima a lidsk\u00e9 osudy.\u201c Jakl zd\u016fraznil, \u017ee leg\u00e1ln\u00ed n\u00e1stroj  odposlech\u016f je o\u0161et\u0159en p\u0159\u00edsn\u00fdmi pravidly, u n\u00e1s nejsou asi \u00fapln\u011b dokonal\u00e1  a jsou hrub\u011b poru\u0161ov\u00e1na. \u201eZa jednoho z hybatel\u016f t\u00e9to praxe pova\u017euji  den\u00edk Mlad\u00e1 fronta DNES, kter\u00fd vznikl na podvodu a zlo\u010dinu, loupe\u017e\u00ed za  b\u00edl\u00e9ho dne,\u201c prohl\u00e1sil Jakl a vylo\u017eil historii tohoto nej\u010dten\u011bj\u0161\u00edho  seri\u00f3zn\u00edho den\u00edku, kter\u00fd se fakticky vyvinul z p\u0159edrevolu\u010dn\u00edch struktur.  \u201eI \u0161patn\u00e9 v\u011bci jsou schopny v\u00fdvoje, vyv\u00edjej\u00ed se ale je\u0161t\u011b hor\u0161\u00edm  zp\u016fsobem,\u201c dodal Jakl s t\u00edm, \u017ee b\u011b\u017enou prax\u00ed je upl\u00e1cen\u00ed novin\u00e1\u0159\u016f MfD za  \u00fa\u010delem ni\u010den\u00ed obchodn\u00edch a jin\u00fdch konkurent\u016f. \u201eMlad\u00e1 fronta nikdy za  informace neplat\u00ed. J\u00e1 jsem nebyl nikdy nik\u00fdm korumpov\u00e1n,\u201c reagoval  \u010c\u00e1sensk\u00fd. Jakl d\u00e1le obvinil MfD z toho, \u017ee postupuje jako Murdochova  britsk\u00e1 m\u00e9dia, kdy\u017e sama realizuje odposlechy. \u010c\u00e1sensk\u00fd zopakoval, \u017ee si  den\u00edk MfD nikdy \u017e\u00e1dn\u00e9 odposlechy sama neopat\u0159ovala, nem\u00e1 na to ani  techniku: &#8222;Nezlobte se, zd\u00e1 se mi, \u017ee jste se trochu zbl\u00e1znil.&#8220;<\/span><\/p>\n<p><span><a href=\"http:\/\/www.ceskamedia.cz\/media\/432494\/media-tajemnik-prezidenta-ladislav-jakl-denik-mfd-sam-realizuje-odposlechy-sefredaktor-casensky-vy-jste-se-zblaznil!\" target=\"_blank\">Zdroj<\/a><br \/>\n<\/span><\/p>\n","protected":false},"excerpt":{"rendered":"<p>\u017dalovateln\u00e1 jsou podle pr\u00e1vni\u010dky Hany Marvanov\u00e9 slova tajemn\u00edka prezidenta republiky Ladislava Jakla na adresu nej\u010dten\u011bj\u0161\u00edho seri\u00f3zn\u00edho den\u00edku Mlad\u00e9 fronty DNES. Jakl se na p\u0159\u00edpadn\u00fd soudn\u00ed spor pr\u00fd t\u011b\u0161\u00ed. \u0160\u00e9f politick\u00e9ho odboru a tajemn\u00edk V\u00e1clava Klause v\u010dera p\u0159i pravideln\u00fdch Rozprav\u00e1ch o \u010desk\u00fdch m\u00e9di\u00edch redakci MfD obvinil z toho, \u017ee plat\u00ed za z\u00edskan\u00e9 informace a sama realizuje [&hellip;]<\/p>\n","protected":false},"author":1,"featured_media":0,"comment_status":"open","ping_status":"open","sticky":false,"template":"","format":"standard","meta":{"ngg_post_thumbnail":0,"footnotes":""},"categories":[11],"tags":[],"class_list":["post-1784","post","type-post","status-publish","format-standard","hentry","category-ozvena"],"_links":{"self":[{"href":"https:\/\/www.ladislavjakl.cz\/index.php?rest_route=\/wp\/v2\/posts\/1784","targetHints":{"allow":["GET"]}}],"collection":[{"href":"https:\/\/www.ladislavjakl.cz\/index.php?rest_route=\/wp\/v2\/posts"}],"about":[{"href":"https:\/\/www.ladislavjakl.cz\/index.php?rest_route=\/wp\/v2\/types\/post"}],"author":[{"embeddable":true,"href":"https:\/\/www.ladislavjakl.cz\/index.php?rest_route=\/wp\/v2\/users\/1"}],"replies":[{"embeddable":true,"href":"https:\/\/www.ladislavjakl.cz\/index.php?rest_route=%2Fwp%2Fv2%2Fcomments&post=1784"}],"version-history":[{"count":1,"href":"https:\/\/www.ladislavjakl.cz\/index.php?rest_route=\/wp\/v2\/posts\/1784\/revisions"}],"predecessor-version":[{"id":1785,"href":"https:\/\/www.ladislavjakl.cz\/index.php?rest_route=\/wp\/v2\/posts\/1784\/revisions\/1785"}],"wp:attachment":[{"href":"https:\/\/www.ladislavjakl.cz\/index.php?rest_route=%2Fwp%2Fv2%2Fmedia&parent=1784"}],"wp:term":[{"taxonomy":"category","embeddable":true,"href":"https:\/\/www.ladislavjakl.cz\/index.php?rest_route=%2Fwp%2Fv2%2Fcategories&post=1784"},{"taxonomy":"post_tag","embeddable":true,"href":"https:\/\/www.ladislavjakl.cz\/index.php?rest_route=%2Fwp%2Fv2%2Ftags&post=1784"}],"curies":[{"name":"wp","href":"https:\/\/api.w.org\/{rel}","templated":true}]}}