{"id":1797,"date":"2012-05-04T15:35:21","date_gmt":"2012-05-04T13:35:21","guid":{"rendered":"http:\/\/www.ladislavjakl.cz\/?p=1797"},"modified":"2012-05-04T15:35:21","modified_gmt":"2012-05-04T13:35:21","slug":"klausuv-jakl-mf-dnes-vznikla-kradezi-a-jeji-novinari-se-nechavaji-uplacet","status":"publish","type":"post","link":"https:\/\/www.ladislavjakl.cz\/?p=1797","title":{"rendered":"Klaus\u016fv Jakl: MF Dnes vznikla kr\u00e1de\u017e\u00ed a jej\u00ed novin\u00e1\u0159i se nech\u00e1vaj\u00ed upl\u00e1cet"},"content":{"rendered":"<p>Tajemn\u00edk prezidenta V\u00e1clava Klause Ladislav Jakl obvinil den\u00edk MF DNES z toho, \u017ee si kupuje informace a odposlechy, s\u00e1m odposlouch\u00e1v\u00e1 a nejedn\u00e1 ve ve\u0159ejn\u00e9m z\u00e1jmu. \u0160\u00e9fredaktor den\u00edku Robert \u010c\u00e1sensk\u00fd to jednozna\u010dn\u011b pop\u0159el.<\/p>\n<p><!--more--><\/p>\n<p>\u201eNeleg\u00e1ln\u00ed, neopr\u00e1vn\u011bn\u00e9 odposlechy a neleg\u00e1ln\u00ed f\u00edzlov\u00e1n\u00ed lid\u00ed nev\u00edm,  jestli ni\u010d\u00ed demokracii, ale ni\u010d\u00ed spole\u010densk\u00e9 klima a lidsk\u00e9 osudy,\u201c  uvedl podle serveru \u010cesk\u00e1 m\u00e9dia Jakl. Zd\u016fraznil, \u017ee leg\u00e1ln\u00ed n\u00e1stroj  odposlech\u016f je o\u0161et\u0159en p\u0159\u00edsn\u00fdmi pravidly, u n\u00e1s ov\u0161em nejsou dokonal\u00e1 a  jsou hrub\u011b poru\u0161ov\u00e1na. \u201eZa jednoho z hybatel\u016f t\u00e9to praxe pova\u017euji den\u00edk  Mlad\u00e1 fronta DNES, kter\u00fd vznikl na podvodu a zlo\u010dinu, loupe\u017e\u00ed za b\u00edl\u00e9ho  dne,\u201c prohl\u00e1sil Jakl.<\/p>\n<h4>Korupce? Nikdy, \u0159\u00edk\u00e1 \u010c\u00e1sensk\u00fd<\/h4>\n<p>\u201eI \u0161patn\u00e9 v\u011bci jsou schopny v\u00fdvoje, vyv\u00edjej\u00ed se ale je\u0161t\u011b hor\u0161\u00edm  zp\u016fsobem,\u201c dodal Jakl s t\u00edm, \u017ee b\u011b\u017enou prax\u00ed je upl\u00e1cen\u00ed novin\u00e1\u0159\u016f MF  DNES za \u00fa\u010delem ni\u010den\u00ed obchodn\u00edch a jin\u00fdch konkurent\u016f. \u201eMlad\u00e1 fronta  nikdy za informace neplat\u00ed. J\u00e1 jsem nebyl nikdy nik\u00fdm korumpov\u00e1n,\u201c  reagoval \u010c\u00e1sensk\u00fd.<\/p>\n<p>Podle pr\u00e1vni\u010dky hany Marvanov\u00e9 jsou Jaklova slova \u017ealovateln\u00e1. Klaus\u016fv  tajemn\u00edk m\u00e1 za to, \u017ee MF DNES postupuje stejn\u011b jako Murdochova m\u00e9dia,  kter\u00e1 sama odposlouch\u00e1vala \u010di si odposlechy kupovala. &#8222;Nezlobte se, zd\u00e1  se mi, \u017ee jste se trochu zbl\u00e1znil,&#8220; \u0159ekl mu \u010c\u00e1sensk\u00fd.<\/p>\n<p><a href=\"http:\/\/www.parlamentnilisty.cz\/rss\/zpravy\/Klausuv-Jakl-MF-Dnes-vznikla-kradezi-a-jeji-novinari-se-nechavaji-uplacet-231418\" target=\"_blank\">Zdroj<\/a><\/p>\n","protected":false},"excerpt":{"rendered":"<p>Tajemn\u00edk prezidenta V\u00e1clava Klause Ladislav Jakl obvinil den\u00edk MF DNES z toho, \u017ee si kupuje informace a odposlechy, s\u00e1m odposlouch\u00e1v\u00e1 a nejedn\u00e1 ve ve\u0159ejn\u00e9m z\u00e1jmu. \u0160\u00e9fredaktor den\u00edku Robert \u010c\u00e1sensk\u00fd to jednozna\u010dn\u011b pop\u0159el.<\/p>\n","protected":false},"author":1,"featured_media":0,"comment_status":"open","ping_status":"open","sticky":false,"template":"","format":"standard","meta":{"ngg_post_thumbnail":0,"footnotes":""},"categories":[6,11],"tags":[],"class_list":["post-1797","post","type-post","status-publish","format-standard","hentry","category-co-jsem-nerekl","category-ozvena"],"_links":{"self":[{"href":"https:\/\/www.ladislavjakl.cz\/index.php?rest_route=\/wp\/v2\/posts\/1797","targetHints":{"allow":["GET"]}}],"collection":[{"href":"https:\/\/www.ladislavjakl.cz\/index.php?rest_route=\/wp\/v2\/posts"}],"about":[{"href":"https:\/\/www.ladislavjakl.cz\/index.php?rest_route=\/wp\/v2\/types\/post"}],"author":[{"embeddable":true,"href":"https:\/\/www.ladislavjakl.cz\/index.php?rest_route=\/wp\/v2\/users\/1"}],"replies":[{"embeddable":true,"href":"https:\/\/www.ladislavjakl.cz\/index.php?rest_route=%2Fwp%2Fv2%2Fcomments&post=1797"}],"version-history":[{"count":2,"href":"https:\/\/www.ladislavjakl.cz\/index.php?rest_route=\/wp\/v2\/posts\/1797\/revisions"}],"predecessor-version":[{"id":1799,"href":"https:\/\/www.ladislavjakl.cz\/index.php?rest_route=\/wp\/v2\/posts\/1797\/revisions\/1799"}],"wp:attachment":[{"href":"https:\/\/www.ladislavjakl.cz\/index.php?rest_route=%2Fwp%2Fv2%2Fmedia&parent=1797"}],"wp:term":[{"taxonomy":"category","embeddable":true,"href":"https:\/\/www.ladislavjakl.cz\/index.php?rest_route=%2Fwp%2Fv2%2Fcategories&post=1797"},{"taxonomy":"post_tag","embeddable":true,"href":"https:\/\/www.ladislavjakl.cz\/index.php?rest_route=%2Fwp%2Fv2%2Ftags&post=1797"}],"curies":[{"name":"wp","href":"https:\/\/api.w.org\/{rel}","templated":true}]}}