{"id":1819,"date":"2012-05-16T12:09:49","date_gmt":"2012-05-16T10:09:49","guid":{"rendered":"http:\/\/www.ladislavjakl.cz\/?p=1819"},"modified":"2012-05-16T12:09:49","modified_gmt":"2012-05-16T10:09:49","slug":"jakluv-povzdech-nad-poslanci-kmotri-zezelenali","status":"publish","type":"post","link":"https:\/\/www.ladislavjakl.cz\/?p=1819","title":{"rendered":"Jakl\u016fv povzdech nad poslanci: Kmot\u0159i zezelenali"},"content":{"rendered":"<p>Poslanci jako jeden mu\u017e p\u0159ehlasovali prezidentovo veto z\u00e1kona o obnoviteln\u00fdch zdroj\u00edch. Takov\u00e1 jednota je a\u017e podez\u0159el\u00e1.<\/p>\n<p><!--more--><\/p>\n<div style=\"margin-top: 15px;\"><strong><span style=\"font-size: x-small;\">10.kv\u011bten 2012<\/span><\/strong> &#8211; <strong><span style=\"font-size: x-small;\">21:00<\/span><\/strong><\/div>\n<p>Veto prezidenta  V\u00e1clava Klause toti\u017e ve st\u0159edu podpo\u0159ilo jen osm poslanc\u016f a n\u011bkolik m\u00e1lo  (21) se jich zdr\u017eelo. Drtiv\u00e1 v\u011bt\u0161ina sn\u011bmovny nap\u0159\u00ed\u010d politick\u00fdm  spektrem hlasovala pro dal\u0161\u00ed podporu obnoviteln\u00fdch zdroj\u016f, kter\u00e1 znamen\u00e1  dal\u0161\u00ed zdra\u017eov\u00e1n\u00ed elektrick\u00e9 energie.<\/p>\n<p>A to p\u0159esto, \u017ee p\u0159ed  n\u011bkolika dny Energetick\u00fd regula\u010dn\u00ed \u00fa\u0159ad (ER\u00da) ozn\u00e1mil, \u017ee do roku 2014  pl\u00e1nuje podporu obnoviteln\u00fdch zdroj\u016f stopnout, proto\u017ee jej\u00ed sou\u010dasn\u00e1  v\u00fd\u0161e je za hranic\u00ed ekonomick\u00fdch mo\u017enost\u00ed zem\u011b a sni\u017euje  konkurenceschopnost firem a zat\u011b\u017euje dom\u00e1cnosti.<\/p>\n<p>P\u0159ekvapuj\u00edc\u00ed  nap\u0159\u00edklad je postoj Ob\u010dansk\u00e9 demokratick\u00e9 strany, ve kter\u00e9 se nena\u0161el  ani jedin\u00fd poslanec, kter\u00fd by prezidenta v jeho odporu proti zelen\u00e9mu  &#8222;\u0161\u00edlenstv\u00ed&#8220; podpo\u0159il.<\/p>\n<p>Zdr\u017eel se pouze poslanec Jaroslav Plach\u00fd,  David Vodr\u00e1\u017eka a Boris \u0160\u0165astn\u00fd, stejn\u011b jako exprim\u00e1tor Pavel B\u00e9m (kter\u00fd  je ale v sou\u010dasnosti mimo klub ODS).<\/p>\n<p>To u\u017e i v \u010cSSD se na\u0161lo v\u00edce  pragmaticky uva\u017euj\u00edc\u00edch politik\u016f, kte\u0159\u00ed maj\u00ed ze zelen\u00fdch z\u00e1kon\u016f \u0161patn\u00e9  sv\u011bdom\u00ed a necht\u011bj\u00ed pro n\u011b zvednout ruku. Prezidenta tak podpo\u0159ilo jen  \u0161est socialistick\u00fdch poslanc\u016f (Pavel Anton\u00edn, B\u0159etislav Petr, Miroslav  V\u00e1\u0148a, Ji\u0159\u00ed Petr\u016f, Josef Novotn\u00fd ml., V\u00edt\u011bzslav Jand\u00e1k) a jeden\u00e1ct  dal\u0161\u00edch se p\u0159i hlasov\u00e1n\u00ed zdr\u017eelo. Z dal\u0161\u00edch stran to pak byl Stanislav  Pol\u010d\u00e1k z TOP 09 a Josef Novotn\u00fd st. z V\u011bc\u00ed ve\u0159ejn\u00fdch. Zdr\u017eeli se je\u0161t\u011b  t\u0159i komunist\u00e9 a po jednom poslanec VV, TOP 09 a poslankyn\u011b LIDEM.<\/p>\n<p>Naopak  145 poslanc\u016f pro obnoviteln\u00e9 zdroje energie zdvihlo ruku a rozhodlo se  ignorovat Klausovy v\u00fdhrady nad nekvalitn\u00edm a \u0161kodliv\u00fdm z\u00e1konem.<\/p>\n<p>\u010clov\u011bku  se v t\u00e9 situaci vybavuje chv\u00e1st\u00e1n\u00ed velkopodnikatele Andreje Babi\u0161e,  kter\u00fd p\u0159ed podobn\u00fdm hlasov\u00e1n\u00edm p\u0159ed n\u011bkolika lety tvrdil, \u017ee m\u00e1 pro  z\u00e1kon, ze kter\u00e9ho profituje, podporu nap\u0159\u00ed\u010d politick\u00fdm spektrem a sna\u017eil  se pro n\u011bj z\u00edskat i Machovy Svobodn\u00e9. Ti sice ve sn\u011bmovn\u011b nem\u011bli a  nemaj\u00ed jedin\u00e9ho \u010dlov\u011bka, ale Babi\u0161ovi vadila i pouh\u00e1 Machova r\u00e9torika,  se kterou z\u00e1kony o obnoviteln\u00fdch zdroj\u00edch kritizuje. Jako kdyby Babi\u0161ovi  ne\u0161lo jen o samotn\u00e9 hlasy, ale i o zastaven\u00ed jak\u00e9koli debaty na toto  t\u00e9ma.<\/p>\n<p>St\u011b\u017e\u00ed si ale p\u0159edstavit, \u017ee by Babi\u0161 nebo jemu podobn\u00ed  obch\u00e1zeli jednoho poslance po druh\u00e9m, sp\u00ed\u0161e z\u00edsk\u00e1 na svou stranu  jednotliv\u00e9 region\u00e1ln\u00ed form\u00e1ln\u00ed i neform\u00e1ln\u00ed l\u00eddry, kte\u0159\u00ed pak daj\u00ed sv\u00fdm  poslanc\u016fm doporu\u010den\u00ed, jak hlasovat.<\/p>\n<p>To z\u0159ejm\u011b m\u011bl na mysli  prezident\u016fv tajemn\u00edk Ladislav Jakl, kter\u00fd si nad katastrof\u00e1ln\u00ed situac\u00ed  ve Sn\u011bmovn\u011b, kdy poslanci nejsou schopni dohl\u00e9dnout \u0161kodlivosti  podobn\u00fdch z\u00e1kon\u016f, posteskl v exkluzivn\u00edm vyj\u00e1d\u0159en\u00edm pro server  Prvnizpravy.cz. V n\u011bm st\u0159ede\u010dn\u00ed hlasov\u00e1n\u00ed ozna\u010dil za pr\u00e1ci &#8222;zelen\u00fdch  kmotr\u016f&#8220;.<\/p>\n<p>&#8222;Je na \u010dase pod\u00edvat se na zoubek i t\u011bm zelen\u00fdm kmotr\u016fm.  Ti n\u011bkdy dok\u00e1\u017eou s parlamentem p\u0159\u00edmo z\u00e1zraky&#8230;,&#8220; uvedl \u0159editel  politick\u00e9ho odboru kancel\u00e1\u0159e prezidenta republiky.<\/p>\n<p>Slova ministra  pr\u016fmyslu a obchodu Martina Kuby jako by mu d\u00e1vala za pravdu. Politik,  kter\u00fd m\u00e1 v m\u00e9di\u00edch n\u00e1lepku exponenta kmotrovsk\u00fdch struktur, m\u011bl sice k  z\u00e1konu slovn\u00ed v\u00fdhrady, ale nakonec pro n\u011bj ruku zvednul.<\/p>\n<p>&#8222;J\u00e1  nejsem v\u00fdznamn\u00fdm podporovatelem neefektivn\u00ed podpory obnoviteln\u00fdch  zdroj\u016f. Mysl\u00edm si, \u017ee se energetika st\u00e1v\u00e1 v Evrop\u011b jednou z kl\u00ed\u010dov\u00fdch  oblast\u00ed a ani tento z\u00e1kon nen\u00ed z\u0159ejm\u011b kone\u010dn\u00fdm \u0159e\u0161en\u00edm,&#8220; uvedl ve st\u0159edu  b\u011bhem projedn\u00e1v\u00e1n\u00ed z\u00e1kona ministr pr\u016fmyslu a obchodu Martin Kuba (ODS).  Podpora obnoviteln\u00fdch zdroj\u016f energie by podle n\u011bj m\u011bla sm\u011b\u0159ovat jen k  efektivn\u00edm a smyslupln\u00fdm projekt\u016fm a v minulosti byla p\u0159ehnan\u011b \u0161t\u011bdr\u00e1.<\/p>\n<p>V  rozporu s t\u011bmito slovy p\u0159esto nakonec nelogicky doporu\u010dil z\u00e1kon  podpo\u0159it. &#8222;P\u0159esto, \u017ee tento z\u00e1kon m\u00e1 ur\u010dit\u00e9 parametry, se kter\u00fdmi m\u016f\u017eeme  m\u00edt probl\u00e9my, tak jsem p\u0159esv\u011bd\u010den, \u017ee jde o posun dop\u0159edu. Za  ministerstvo pr\u016fmyslu a obchodu chci v\u0161em poslanc\u016fm sl\u00edbit, \u017ee budeme  d\u00e1le pracovat na \u00faprav\u011b t\u00e9to legislativy tak, aby podpora sm\u011b\u0159ovala do  efektivn\u00edch oblast\u00ed,&#8220; dodal Kuba.<\/p>\n<p>Nelogi\u010dnosti ministrova  vystoupen\u00ed si v\u0161imli i n\u011bkte\u0159\u00ed p\u0159em\u00fd\u0161l\u00edv\u00ed poslanci. &#8222;Jak jsem bedliv\u011b  poslouchal vystoupen\u00ed pana ministra, m\u00e1m dojem, \u017ee to, co \u0159ekl v \u00favodu  sv\u00e9ho vystoupen\u00ed, v z\u00e1v\u011bre\u010dn\u00e9 \u010d\u00e1sti pop\u0159el,&#8220; \u0159ekl nap\u0159\u00edklad v rozprav\u011b  B\u0159etislav Petr z \u010cSSD.<\/p>\n<p>Zdaleka ale nejde jen o Kubu, kter\u00fd nav\u00edc  ani nen\u00ed poslancem. P\u0159ekvapuj\u00edc\u00ed je sp\u00ed\u0161e fakt, \u017ee ze v\u0161ech poslanc\u016f  ODS, tedy ze v\u0161ech region\u00e1ln\u00edch vnitrostranick\u00fdch &#8222;klik&#8220; a skupin, kter\u00e9  v ODS, jako v ka\u017ed\u00e9 jin\u00e9 stran\u011b, existuj\u00ed, se nena\u0161la jedin\u00e1, kter\u00e1 by  h\u00e1jila d\u0159\u00edv\u011bj\u0161\u00ed pravicov\u00e9 z\u00e1sady ODS a z principu tak odm\u00edtala podporu  obnoviteln\u00fdch zdroj\u016f coby socialistick\u00fd a svobodn\u00fd trh deformuj\u00edc\u00ed  v\u00fdmysl.<\/p>\n<p>Snad a\u017e na v\u00fdjimku Prahy, kter\u00e1 byla v\u017edy pova\u017eovan\u00e1 za  ba\u0161tu klausovsk\u00e9 ODS a kde se dva, s B\u00e9mem t\u0159i, jej\u00ed poslanci zdr\u017eeli. I  to je ale \u017ealostn\u011b m\u00e1lo. \u017d\u00e1dn\u00fd toti\u017e nena\u0161el odvahu hlasovat p\u0159\u00edmo  proti p\u0159ehlasov\u00e1n\u00ed prezidentova veta.<\/p>\n<p>Sn\u011bmovna se tak nakonec  silou 145 poslanc\u016f postavila proti n\u00e1zoru hlavy st\u00e1tu, kter\u00e1 p\u0159ed \u010dasem  n\u00e1vrh vetovala s t\u00edm, \u017ee je nekvalitn\u011b zpracovan\u00fd, povede ke zdra\u017een\u00ed  cen energi\u00ed a zahrnut\u00ed biometanu mezi podporovan\u00e9 zdroje m\u016f\u017ee v\u00e1\u017en\u011b  zhor\u0161it \u017eivotn\u00ed prost\u0159ed\u00ed.<\/p>\n<p>&#8222;Z\u00e1kon nep\u0159in\u00e1\u0161\u00ed \u00faspory, ale naopak  nav\u00fd\u0161en\u00ed nesyst\u00e9mov\u00fdch podpor vybran\u00fdch zdroj\u016f energie z ve\u0159ejn\u00fdch  prost\u0159edk\u016f, a to v dob\u011b, kdy po \u00faspor\u00e1ch vol\u00e1me. P\u0159inese nejen nov\u00e9  n\u00e1klady pro ve\u0159ejn\u00e9 rozpo\u010dty, ale tak\u00e9 zv\u00fd\u0161en\u00ed cen energi\u00ed, kter\u00e9 plat\u00ed  ob\u010dan\u00e9 a podniky, a to zp\u016fsobem, kter\u00fd nyn\u00ed nikdo nen\u00ed schopen ani  odhadnout,&#8220; zd\u016fvodnil sv\u016fj krok prezident.<\/p>\n<p>Podle Klause norma  je\u0161t\u011b v\u00edce roz\u0161i\u0159uje okruh podporovan\u00fdch zdroj\u016f energie v situaci, kdy  je u\u017e te\u010f podpora vybran\u00fdch zdroj\u016f &#8222;ne\u00fanosn\u011b vysok\u00e1&#8220; a &#8222;zcela  kontraproduktivn\u00ed&#8220;.<\/p>\n<p>&#8222;Zahrnut\u00edm biometanu mezi podporovan\u00e9 zdroje  m\u016f\u017ee z\u00e1kon v\u00e1\u017en\u011b zhor\u0161it \u017eivotn\u00ed prost\u0159ed\u00ed u n\u00e1s, proto\u017ee nejsp\u00ed\u0161e  povede k masivn\u00edmu dovozu odpad\u016f z cel\u00e9 Evropy, aby u n\u00e1s mohly zahn\u00edvat  a vytv\u00e1\u0159et t\u00edm biometan,&#8220; p\u0159idal prezident dal\u0161\u00ed d\u016fvod sv\u00e9ho  negativn\u00edho postoje.<\/p>\n<p>Z\u00e1kon sjednocuje podporu pro obnoviteln\u00e9 zdroje, druhotn\u00e9 zdroje a kombinovanou v\u00fdrobu elekt\u0159iny a tepla z obnoviteln\u00fdch zdroj\u016f.<\/p>\n<p>Jen  do leto\u0161n\u00edho roku u\u017e bylo na podporu obnoviteln\u00fdch zdroj\u016f vyplaceno 93  miliard a 600 milion\u016f korun. Tyto n\u00e1klady budou podle ER\u00da v\u00fdrazn\u011b  nar\u016fstat, proto\u017ee by m\u011bl nastat obrovsk\u00fd n\u00e1r\u016fst v\u00fdroby z biomasy a bude  nav\u00edc pokra\u010dovat i st\u00e1vaj\u00edc\u00ed boom sol\u00e1rn\u00edch elektr\u00e1ren.<\/p>\n<p>Pokud by  se podpora opravdu v roce 2014 zastavila, tak na u\u017e funguj\u00edc\u00ed zdroje  bude do roku 2034 vyplaceno dal\u0161\u00edch 874 miliard korun. Kdyby se ale  podpora zastavila a\u017e v roce 2020, tak by n\u00e1klady do roku 2040 dos\u00e1hly  astronomick\u00fdch jednoho bilionu a 72 miliard korun.<\/p>\n<p>Podle platn\u00fdch  z\u00e1kon\u016f v\u0161ak ER\u00da nem\u00e1 pravomoc podporu jen tak stopnout. Vit\u00e1skov\u00e1 proto  vyzvala ke zm\u011bn\u011b legislativy, aby mohl jej\u00ed \u00fa\u0159ad za\u010d\u00edt konat.<\/p>\n<p><a href=\"http:\/\/www.prvnizpravy.cz\/zpravy\/z-domova\/jakluv-povzdech-nad-poslanci-kmotri-zezelenali\/\" target=\"_blank\">Zdroj<\/a><\/p>\n","protected":false},"excerpt":{"rendered":"<p>Poslanci jako jeden mu\u017e p\u0159ehlasovali prezidentovo veto z\u00e1kona o obnoviteln\u00fdch zdroj\u00edch. Takov\u00e1 jednota je a\u017e podez\u0159el\u00e1.<\/p>\n","protected":false},"author":1,"featured_media":0,"comment_status":"open","ping_status":"open","sticky":false,"template":"","format":"standard","meta":{"ngg_post_thumbnail":0,"footnotes":""},"categories":[11],"tags":[],"class_list":["post-1819","post","type-post","status-publish","format-standard","hentry","category-ozvena"],"_links":{"self":[{"href":"https:\/\/www.ladislavjakl.cz\/index.php?rest_route=\/wp\/v2\/posts\/1819","targetHints":{"allow":["GET"]}}],"collection":[{"href":"https:\/\/www.ladislavjakl.cz\/index.php?rest_route=\/wp\/v2\/posts"}],"about":[{"href":"https:\/\/www.ladislavjakl.cz\/index.php?rest_route=\/wp\/v2\/types\/post"}],"author":[{"embeddable":true,"href":"https:\/\/www.ladislavjakl.cz\/index.php?rest_route=\/wp\/v2\/users\/1"}],"replies":[{"embeddable":true,"href":"https:\/\/www.ladislavjakl.cz\/index.php?rest_route=%2Fwp%2Fv2%2Fcomments&post=1819"}],"version-history":[{"count":1,"href":"https:\/\/www.ladislavjakl.cz\/index.php?rest_route=\/wp\/v2\/posts\/1819\/revisions"}],"predecessor-version":[{"id":1820,"href":"https:\/\/www.ladislavjakl.cz\/index.php?rest_route=\/wp\/v2\/posts\/1819\/revisions\/1820"}],"wp:attachment":[{"href":"https:\/\/www.ladislavjakl.cz\/index.php?rest_route=%2Fwp%2Fv2%2Fmedia&parent=1819"}],"wp:term":[{"taxonomy":"category","embeddable":true,"href":"https:\/\/www.ladislavjakl.cz\/index.php?rest_route=%2Fwp%2Fv2%2Fcategories&post=1819"},{"taxonomy":"post_tag","embeddable":true,"href":"https:\/\/www.ladislavjakl.cz\/index.php?rest_route=%2Fwp%2Fv2%2Ftags&post=1819"}],"curies":[{"name":"wp","href":"https:\/\/api.w.org\/{rel}","templated":true}]}}