{"id":1828,"date":"2012-05-16T12:18:07","date_gmt":"2012-05-16T10:18:07","guid":{"rendered":"http:\/\/www.ladislavjakl.cz\/?p=1828"},"modified":"2012-05-21T15:22:33","modified_gmt":"2012-05-21T13:22:33","slug":"hrani-je-muj-zpusob-zivota","status":"publish","type":"post","link":"https:\/\/www.ladislavjakl.cz\/?p=1828","title":{"rendered":"Hran\u00ed je m\u016fj zp\u016fsob \u017eivota"},"content":{"rendered":"<p>Kde kdo se pohor\u0161uje nad jeho viz\u00e1\u017e\u00ed i slovn\u00edkem. Prezident\u016fv tajemn\u00edk Ladislav Jakl toti\u017e nejde k \u0159\u00edzn\u00e9mu v\u00fdrazu daleko a na hlav\u011b se p\u011bstuje pro\u0159\u00eddlou k\u0161tici dlouh\u00fdch vlas\u016f.<\/p>\n<p><!--more-->\u010cl\u00e1nek v pdf <a href=\"https:\/\/www.ladislavjakl.cz\/data\/Pravo.pdf\" target=\"_blank\">ZDE<\/a><\/p>\n<p>Kdekdo se pohor\u0161uje nad jeho viz\u00e1\u017e\u00ed i slovn\u00edkem. Prezident\u016fv tajemn\u00edk <strong>Ladislav<\/strong> <strong>Jakl<\/strong> toti\u017e nejde k \u0159\u00edzn\u00e9mu v\u00fdrazu daleko a na hlav\u011b si p\u011bstuje pro\u0159\u00eddlou k\u0161tici dlouh\u00fdch vlas\u016f. To ale nen\u00ed nic proti tomu, s jakou chut\u00ed bo\u0159\u00ed konvence ve sv\u00e9 bigbeatov\u00e9 kapele Folimanka Blues, kterou zalo\u017eil p\u0159ed bezm\u00e1la dvaceti lety.<\/p>\n<p>Z p\u016fvodn\u00ed sestavy z\u016fstal ve sv\u00fdch dvaapades\u00e1ti letech na\u017eivu jako jedin\u00fd. Mo\u017en\u00e1 proto jsou texty na posledn\u00ed desce z roku 2011 Krajina po bitv\u011b je\u0161t\u011b temn\u011bj\u0161\u00ed ne\u017e d\u0159\u00edv. &#8222;V\u017edycky jsem m\u011bl sklony k tvrd\u0161\u00edm t\u00e9mat\u016fm ne\u017e k povrchn\u00ed z\u00e1bav\u011b. Tou prokl\u00e1d\u00e1m koncerty i desky jen pro odleh\u010den\u00ed. Slovem blues v n\u00e1zvu kapely jsem nem\u011bl na mysli hudebn\u00ed formu, ale pr\u00e1v\u011b tu n\u00e1ladu, ho\u0159kost a bolest. Tvrd\u00e1 muzika se zkr\u00e1tka pozn\u00e1 podle toho, \u017ee do n\u00ed \u010dlov\u011bk d\u00e1 svou krev, i kdy\u017e mu j\u00ed u\u017e moc nezb\u00fdv\u00e1,&#8220; vysv\u011btluje sv\u016fj styl autor, kytarista a zp\u011bv\u00e1k v jedn\u00e9 osob\u011b.<\/p>\n<p><strong>Hrozn\u00e1 shoda okolnost\u00ed? <\/strong><\/p>\n<p>&#8222;Pokud je snad posledn\u00ed deska je\u0161t\u011b v\u00e1\u017en\u011bj\u0161\u00ed, pak za to asi m\u016f\u017ee \u00famrt\u00ed nejlep\u0161\u00edho kamar\u00e1da a buben\u00edka Zde\u0148ka Cimmermana p\u0159ed sedmi lety. Hrozn\u00e9 je i to, \u017ee se Krajina po bitv\u011b nahr\u00e1vala b\u011bhem v\u00e1\u017en\u00e9 nemoci pianisty Robbyho \u010cern\u00e9ho, kter\u00fd se jej\u00edho vyd\u00e1n\u00ed nedo\u017eil, jen stihl nahr\u00e1t sv\u00e9 party,&#8220; vypo\u010d\u00edt\u00e1v\u00e1 Jakl n\u011bkter\u00e9 tragick\u00e9 momenty v kapele za posledn\u00ed roky. P\u0159esto se poka\u017ed\u00e9 oklepali a jeli d\u00e1l. &#8222;Hran\u00ed je m\u016fj zp\u016fsob \u017eivota a neum\u00edm to jinak.&#8220;<br \/>\nA \u010d\u00edm si tak vysokou \u00famrtnost ve sv\u00e9 bl\u00edzkosti vysv\u011btluje? &#8222;J\u00e1 fakt nev\u00edm. Divok\u00fdm stylem \u017eivota? To se samo nab\u00edz\u00ed, ale t\u0159eba je to jen hrozn\u00e1 shoda okolnost\u00ed. I kdy\u017e statisticky hodn\u011b podivn\u00e1. Nebo \u017ee bych ty lidi utr\u00e1pil j\u00e1? Ach, to snad ne\u2026&#8220; Ka\u017edop\u00e1dn\u011b na sv\u00e9m \u017eivotn\u00edm stylu kv\u016fli tomu nic m\u011bnit nehodl\u00e1. V\u017edycky bude zap\u0159is\u00e1hl\u00fd antisportovec, kter\u00fd d\u00e1 p\u0159ednost hospod\u011b p\u0159ed tenisov\u00fdm kurtem, co\u017e u\u017e d\u00e1vno pochopil i jeho \u0161\u00e9f <strong>V\u00e1clav<\/strong> <strong>Klaus<\/strong>.<br \/>\n&#8222;Pamatuju si, \u017ee jako d\u00edt\u011b jsem k narozenin\u00e1m dostal hokejku a o t\u00fdden pozd\u011bji k V\u00e1noc\u016fm puk. Na Silvestra jsem si hokejkou skrz naskrz rozrazil ret, st\u00e1lo m\u011b to asi p\u016fl litru krve a byl jsem otekl\u00fd a\u017e do jara. Byla to jedna z m\u00e1la m\u00fdch koket\u00e9ri\u00ed se sportem.&#8220; M\u00edsto sportu u\u017e od p\u011bti let za\u010dal d\u00edky star\u0161\u00edm bratr\u016fm pronikat do sv\u011bta bigbeatu. &#8222;Kdy\u017e jsem st\u00e1l poprv\u00e9 ve zku\u0161ebn\u011b, myslel jsem si, \u017ee to nep\u0159e\u017eiju. Ale p\u0159e\u017eil jsem a te\u010f u\u017e m\u011b nezabije asi nic.&#8220;<\/p>\n<p><strong>Fanou\u0161ci n\u00e1s cht\u011bj\u00ed op\u00edt <\/strong><\/p>\n<p>Jeho z\u00e1\u017eitky s fanou\u0161ky, kte\u0159\u00ed se objevuj\u00ed na koncertech Folimanky po cel\u00e9 republice, by vydaly na n\u011bkolik knih. &#8222;Ale v mnoh\u00e9m se podobaj\u00ed, v\u011bt\u0161inou se n\u00e1s v\u0161ude sna\u017e\u00ed po koncert\u011b op\u00edt. A b\u00fdvaj\u00ed v tom \u010dasto hodn\u011b origin\u00e1ln\u00ed,&#8220; p\u0159izn\u00e1v\u00e1 rod\u00e1k z Chebu, kter\u00fd m\u00e1 ale nejrad\u0161i vystoupen\u00ed v opa\u010dn\u00e9 \u010d\u00e1sti republiky. &#8222;\u010c\u00edm men\u0161\u00ed m\u00edsto a \u010d\u00edm v\u00fdchodn\u011bji, t\u00edm srde\u010dn\u011bj\u0161\u00ed je p\u0159ijet\u00ed. Ale neplat\u00ed to absolutn\u011b. V\u017edycky z\u00edr\u00e1m, jak se n\u011bkte\u0159\u00ed z na\u0161ich nejv\u011brn\u011bj\u0161\u00edch fand\u016f zjev\u00ed i v tom nejv\u011bt\u0161\u00edm zapad\u00e1kov\u011b.&#8220;<br \/>\nKv\u016fli zkou\u0161k\u00e1m a koncertov\u00e1n\u00ed s kapelou se <strong>Ladislav<\/strong> <strong>Jakl<\/strong> obvykle z\u0159\u00edk\u00e1 i cest s prezidentem po sv\u011bt\u011b. Koneckonc\u016f, mnohem rad\u011bji podnik\u00e1 v\u00fdlety po \u010cesk\u00e9 republice.<br \/>\nCo bude, a\u017e <strong>V\u00e1clav<\/strong> <strong>Klaus<\/strong> p\u0159\u00ed\u0161t\u00ed rok do\u00fa\u0159aduje? Mohl by se muzikou \u017eivit? &#8222;J\u00e1 nejsem pl\u00e1novac\u00ed \u010dlov\u011bk.<br \/>\nN\u011bjak to dopadne.<br \/>\nAle s t\u00edm \u017eiven\u00edm, to je asi blbost. To bych musel hr\u00e1t n\u011bco jin\u00e9ho. A to by m\u011b zas nebavilo,&#8220; \u0159\u00edk\u00e1 na rovinu prezident\u016fv tajemn\u00edk, kter\u00e9mu kv\u016fli boh\u00e9msk\u00e9mu zevn\u011bj\u0161ku p\u0159ich\u00e1zej\u00ed dodnes dopisy od pohor\u0161en\u00fdch ob\u010dan\u016f.<br \/>\nCo\u017e teprve, kdyby ho vid\u011bli zpocen\u00e9ho a rozcuchan\u00e9ho v t\u00edlku na p\u00f3diu, kde si p\u0159i um\u011bleck\u00e9m v\u00fdstupu div nerve vnit\u0159nosti z t\u011bla! &#8222;Ur\u010dit\u011b ned\u011bl\u00e1m muziku kv\u016fli tomu, abych si kompenzoval n\u011bco, co mi v pr\u00e1ci nedovol\u00ed. Kdybych cht\u011bl ze sebe dost\u00e1vat emoce, mohl bych hr\u00e1t do zdi. J\u00e1 se sna\u017e\u00edm muzikou n\u011bkomu cosi \u0159\u00edkat. Jazykem, kter\u00fd n\u011bkter\u00e9 v\u011bci um\u00ed \u0159\u00edct l\u00edp ne\u017e jazyky jin\u00e9.&#8220;<\/p>\n","protected":false},"excerpt":{"rendered":"<p>Kde kdo se pohor\u0161uje nad jeho viz\u00e1\u017e\u00ed i slovn\u00edkem. Prezident\u016fv tajemn\u00edk Ladislav Jakl toti\u017e nejde k \u0159\u00edzn\u00e9mu v\u00fdrazu daleko a na hlav\u011b se p\u011bstuje pro\u0159\u00eddlou k\u0161tici dlouh\u00fdch vlas\u016f.<\/p>\n","protected":false},"author":1,"featured_media":0,"comment_status":"open","ping_status":"open","sticky":false,"template":"","format":"standard","meta":{"ngg_post_thumbnail":0,"footnotes":""},"categories":[11],"tags":[],"class_list":["post-1828","post","type-post","status-publish","format-standard","hentry","category-ozvena"],"_links":{"self":[{"href":"https:\/\/www.ladislavjakl.cz\/index.php?rest_route=\/wp\/v2\/posts\/1828","targetHints":{"allow":["GET"]}}],"collection":[{"href":"https:\/\/www.ladislavjakl.cz\/index.php?rest_route=\/wp\/v2\/posts"}],"about":[{"href":"https:\/\/www.ladislavjakl.cz\/index.php?rest_route=\/wp\/v2\/types\/post"}],"author":[{"embeddable":true,"href":"https:\/\/www.ladislavjakl.cz\/index.php?rest_route=\/wp\/v2\/users\/1"}],"replies":[{"embeddable":true,"href":"https:\/\/www.ladislavjakl.cz\/index.php?rest_route=%2Fwp%2Fv2%2Fcomments&post=1828"}],"version-history":[{"count":4,"href":"https:\/\/www.ladislavjakl.cz\/index.php?rest_route=\/wp\/v2\/posts\/1828\/revisions"}],"predecessor-version":[{"id":1831,"href":"https:\/\/www.ladislavjakl.cz\/index.php?rest_route=\/wp\/v2\/posts\/1828\/revisions\/1831"}],"wp:attachment":[{"href":"https:\/\/www.ladislavjakl.cz\/index.php?rest_route=%2Fwp%2Fv2%2Fmedia&parent=1828"}],"wp:term":[{"taxonomy":"category","embeddable":true,"href":"https:\/\/www.ladislavjakl.cz\/index.php?rest_route=%2Fwp%2Fv2%2Fcategories&post=1828"},{"taxonomy":"post_tag","embeddable":true,"href":"https:\/\/www.ladislavjakl.cz\/index.php?rest_route=%2Fwp%2Fv2%2Ftags&post=1828"}],"curies":[{"name":"wp","href":"https:\/\/api.w.org\/{rel}","templated":true}]}}