{"id":1842,"date":"2012-05-21T15:21:22","date_gmt":"2012-05-21T13:21:22","guid":{"rendered":"http:\/\/www.ladislavjakl.cz\/?p=1842"},"modified":"2012-05-21T15:21:22","modified_gmt":"2012-05-21T13:21:22","slug":"pivo-v-lahvi-je-za-trest-tvrdi-pivar-klaus","status":"publish","type":"post","link":"https:\/\/www.ladislavjakl.cz\/?p=1842","title":{"rendered":"Pivo v lahvi je za trest, tvrd\u00ed piva\u0159 Klaus"},"content":{"rendered":"<p>Prezident V\u00e1clav Klaus si v p\u00e1tek odsko\u010dil na jedno. Pivo si dal na pivn\u00edm festivalu na pra\u017esk\u00e9m hole\u0161ovick\u00e9m v\u00fdstavi\u0161ti. Bez okolk\u016f pak p\u0159iznal, \u017ee si p\u011bniv\u00fd n\u00e1poj dop\u0159\u00e1v\u00e1 denn\u011b, aby j\u00edm zapil ob\u011bd nebo ve\u010de\u0159i. Naopak v\u00ednu pr\u00fd na chu\u0165 p\u0159\u00edli\u0161 nep\u0159i\u0161el.<br \/>\n<!--more--><br \/>\n&#8222;Jsem stoprocentn\u011b piva\u0159. Mnoho desetilet\u00ed sv\u00e9ho \u017eivota jsme pili vlastn\u011b jenom pivo. J\u00e1 od ml\u00e1d\u00ed sportovec a basketbalista jsem si po ka\u017ed\u00e9m tr\u00e9ninku a z\u00e1pase d\u00e1l p\u00e1r piv. Tenkr\u00e1t nebyly \u017e\u00e1dn\u00e9 m\u00f3dn\u00ed iontov\u00e9 n\u00e1poje,&#8220; \u0159ekl iDNES.cz Klaus na pra\u017esk\u00e9m pivn\u00edm festivalu.<\/p>\n<p>Spole\u010dnost u stolu mu d\u011blal jeho tajemn\u00edk Ladislav Jakl, kter\u00fd m\u00e1 pivo jako sv\u00e9ho \u017eivotn\u00edho kon\u00ed\u010dka. O \u010ce\u0161\u00edch ale tvrd\u00ed, \u017ee pivu nerozum\u00ed (v\u00edce o l\u00e1sce k pivu Ladislava Jakla \u010dt\u011bte zde).<\/p>\n<p>Na pivo ned\u00e1 prezident dopustit dodnes. &#8222;V podstat\u011b ho piju ka\u017ed\u00fd den. Po\u010det dn\u016f, kdy si pivo ned\u00e1m k ob\u011bdu nebo ve\u010de\u0159i, ten je naprosto miniaturn\u00ed,&#8220; dodal s t\u00edm, \u017ee preferuje to\u010den\u00e9 pivo z p\u016fllitru s uchem. Pivo v lahvi je podle n\u011bj sp\u00ed\u0161e za trest a piva\u0159 by se k n\u011bmu m\u011bl uch\u00fdlit jen v &#8222;p\u0159\u00edpad\u011b nouze&#8220;.<\/p>\n<p>U\u017e loni v \u0159\u00edjnu vy\u0161lo najevo, \u017ee prezident je nad\u0161en\u00fdm konzumentem chleba. &#8222;M\u016fj man\u017eel je velk\u00fd chlebista. V na\u0161\u00ed rodin\u011b si nedovedeme p\u0159edstavit den bez chleba,&#8220; \u0159ekla o n\u011bm na oslav\u00e1ch Sv\u011btov\u00e9ho dne chleba jeho man\u017eelka Livia Klausov\u00e1.<\/p>\n<p><a href=\"http:\/\/zpravy.idnes.cz\/klaus-pivo-cwc-\/domaci.aspx?c=A120518_211509_domaci_hv\" target=\"_blank\">Zdroj<\/a><\/p>\n","protected":false},"excerpt":{"rendered":"<p>Prezident V\u00e1clav Klaus si v p\u00e1tek odsko\u010dil na jedno. Pivo si dal na pivn\u00edm festivalu na pra\u017esk\u00e9m hole\u0161ovick\u00e9m v\u00fdstavi\u0161ti. Bez okolk\u016f pak p\u0159iznal, \u017ee si p\u011bniv\u00fd n\u00e1poj dop\u0159\u00e1v\u00e1 denn\u011b, aby j\u00edm zapil ob\u011bd nebo ve\u010de\u0159i. Naopak v\u00ednu pr\u00fd na chu\u0165 p\u0159\u00edli\u0161 nep\u0159i\u0161el.<\/p>\n","protected":false},"author":1,"featured_media":0,"comment_status":"open","ping_status":"open","sticky":false,"template":"","format":"standard","meta":{"ngg_post_thumbnail":0,"footnotes":""},"categories":[11],"tags":[],"class_list":["post-1842","post","type-post","status-publish","format-standard","hentry","category-ozvena"],"_links":{"self":[{"href":"https:\/\/www.ladislavjakl.cz\/index.php?rest_route=\/wp\/v2\/posts\/1842","targetHints":{"allow":["GET"]}}],"collection":[{"href":"https:\/\/www.ladislavjakl.cz\/index.php?rest_route=\/wp\/v2\/posts"}],"about":[{"href":"https:\/\/www.ladislavjakl.cz\/index.php?rest_route=\/wp\/v2\/types\/post"}],"author":[{"embeddable":true,"href":"https:\/\/www.ladislavjakl.cz\/index.php?rest_route=\/wp\/v2\/users\/1"}],"replies":[{"embeddable":true,"href":"https:\/\/www.ladislavjakl.cz\/index.php?rest_route=%2Fwp%2Fv2%2Fcomments&post=1842"}],"version-history":[{"count":1,"href":"https:\/\/www.ladislavjakl.cz\/index.php?rest_route=\/wp\/v2\/posts\/1842\/revisions"}],"predecessor-version":[{"id":1843,"href":"https:\/\/www.ladislavjakl.cz\/index.php?rest_route=\/wp\/v2\/posts\/1842\/revisions\/1843"}],"wp:attachment":[{"href":"https:\/\/www.ladislavjakl.cz\/index.php?rest_route=%2Fwp%2Fv2%2Fmedia&parent=1842"}],"wp:term":[{"taxonomy":"category","embeddable":true,"href":"https:\/\/www.ladislavjakl.cz\/index.php?rest_route=%2Fwp%2Fv2%2Fcategories&post=1842"},{"taxonomy":"post_tag","embeddable":true,"href":"https:\/\/www.ladislavjakl.cz\/index.php?rest_route=%2Fwp%2Fv2%2Ftags&post=1842"}],"curies":[{"name":"wp","href":"https:\/\/api.w.org\/{rel}","templated":true}]}}