{"id":1866,"date":"2012-05-29T10:25:22","date_gmt":"2012-05-29T08:25:22","guid":{"rendered":"http:\/\/www.ladislavjakl.cz\/?p=1866"},"modified":"2012-05-29T10:25:22","modified_gmt":"2012-05-29T08:25:22","slug":"do-boje-o-hrad-se-muze-zapojit-jakl-klausova-poradce-oslovili-svobodni","status":"publish","type":"post","link":"https:\/\/www.ladislavjakl.cz\/?p=1866","title":{"rendered":"Do boje o Hrad se m\u016f\u017ee zapojit Jakl. Klausova poradce oslovili Svobodn\u00ed"},"content":{"rendered":"<p>Souboje o p\u0159\u00ed\u0161t\u00edho prezidenta by se mohl z\u00fa\u010dastnit i Ladislav Jakl, bl\u00edzk\u00fd spolupracovn\u00edk nyn\u011bj\u0161\u00ed hlavy st\u00e1tu V\u00e1clava Klause. O jeho nasazen\u00ed uva\u017euje neparlamentn\u00ed Strana svobodn\u00fdch ob\u010dan\u016f, kterou vede b\u00fdval\u00fd Klaus\u016fv poradce Petr Mach. &#8222;Budeme o n\u011bm hlasovat v na\u0161ich prim\u00e1rk\u00e1ch,&#8220; \u0159ekl iDNES.cz Mach. Jakl potvrdil, \u017ee o kandidatu\u0159e uva\u017euje.<\/p>\n<p><!--more--><\/p>\n<p>&#8222;Nepochybuji, \u017ee bychom pro n\u011bj pot\u0159ebn\u00fdch 50 tis\u00edc hlas\u016f, aby mohl kandidovat, sehnali,&#8220; uvedl Mach. Po\u010d\u00edt\u00e1 s t\u00edm, \u017ee petici na podporu Jaklovy kandidatury by vystavil na internetu.<\/p>\n<p>O sv\u00e9m jedn\u00e1n\u00ed s Jaklem, kter\u00fd na nominaci k\u00fdvl, informoval Mach o v\u00edkendu republikov\u00fd v\u00fdbor Svobodn\u00fdch, kter\u00fd se se\u0161el v Chrudimi a schvaloval kandid\u00e1ty pro podzimn\u00ed volby.<\/p>\n<p>&#8222;Do 6. \u010dervna je term\u00edn pro nominace do prim\u00e1rek. Pokud bude v\u00edce kandid\u00e1t\u016f, bude se hlasovat o nich, pokud bude navr\u017een jen pan Jakl, kter\u00fd je na\u0161\u00edm p\u0159\u00edznivcem, bude se hlasovat jen o n\u011bm. Definitivn\u011b jasno bude do 17. \u010dervna, kdy se kon\u00e1 n\u00e1\u0161 sn\u011bm,&#8220; vysv\u011btlil Mach.<br \/>\nJakl: Je to pro m\u011b zaj\u00edmav\u00fd podn\u011bt<\/p>\n<p>Jakl iDNES.cz potvrdil, \u017ee se na n\u011bj veden\u00ed Svobodn\u00fdch s nab\u00eddkou obr\u00e1tilo. &#8222;A proto\u017ee jsem p\u0159\u00edznivcem t\u00e9to strany, je to pro mne ur\u010dit\u011b zaj\u00edmav\u00fd podn\u011bt k \u00favaze,&#8220; uvedl v pond\u011bl\u00ed Jakl.<\/p>\n<p>Mo\u017enost, \u017ee by za jist\u00fdch okolnost\u00ed mohl kandidovat na Hrad, nazna\u010dil poprv\u00e9 letos v b\u0159eznu v rozhovoru pro T\u00fdden. &#8222;J\u00e1 m\u00e1m o sob\u011b docela dobr\u00e9 m\u00edn\u011bn\u00ed. \u0158ekn\u011bte deset d\u016fvod\u016f, pro\u010d ne. Jsem blb\u011bj\u0161\u00ed ne\u017e jm\u00e9na, o kter\u00fdch se mluv\u00ed?&#8220; \u0159ekl tehdy Jakl.<\/p>\n<p>A na dotaz, zda by tedy kandidoval, kdyby pro n\u011bj n\u011bkdo cht\u011bl nasb\u00edrat pot\u0159ebn\u00e9 podpisy, odv\u011btil: &#8222;Tak, rozmyslel bych se, jestli by m\u011b v\u00edc nebavilo va\u0159it pivo a d\u011blat muziku. V t\u00e9 prezidentsk\u00e9 roli by se mi to d\u011blalo h\u016f\u0159. Hodn\u011b bych to zva\u017eoval. Ale kdyby m\u011b hodn\u011b p\u0159emlouvali, co j\u00e1 v\u00edm.&#8220;<\/p>\n<p>Dvaapades\u00e1tilet\u00fd Jakl je nyn\u00ed \u0159editelem politick\u00e9ho odboru Klausovy prezidentsk\u00e9 kancel\u00e1\u0159e. Od \u010dervna 1990 do z\u00e1\u0159\u00ed 1991 byl poslancem \u010cesk\u00e9 n\u00e1rodn\u00ed rady za Ob\u010dansk\u00e9 f\u00f3rum. N\u011bkolik let pracoval jako novin\u00e1\u0159 v Lidov\u00fdch novin\u00e1ch. Klausov\u00fdm poradcem je od roku 1997 a pat\u0159\u00ed k jeho nejbli\u017e\u0161\u00edm spolupracovn\u00edk\u016fm. Podobn\u011b jako nyn\u011bj\u0161\u00ed prezident m\u00e1 kritick\u00e9 n\u00e1zory na sou\u010dasn\u00e9 sm\u011b\u0159ov\u00e1n\u00ed EU.<\/p>\n<p><a href=\"http:\/\/zpravy.idnes.cz\/volby-prezidenta-republiky-by-se-mohl-zucastnil-i-klausuv-poradce-jakl-13l-\/domaci.aspx?c=A120528_111143_domaci_kop\" target=\"_blank\">Zdroj<\/a><\/p>\n","protected":false},"excerpt":{"rendered":"<p>Souboje o p\u0159\u00ed\u0161t\u00edho prezidenta by se mohl z\u00fa\u010dastnit i Ladislav Jakl, bl\u00edzk\u00fd spolupracovn\u00edk nyn\u011bj\u0161\u00ed hlavy st\u00e1tu V\u00e1clava Klause. O jeho nasazen\u00ed uva\u017euje neparlamentn\u00ed Strana svobodn\u00fdch ob\u010dan\u016f, kterou vede b\u00fdval\u00fd Klaus\u016fv poradce Petr Mach. &#8222;Budeme o n\u011bm hlasovat v na\u0161ich prim\u00e1rk\u00e1ch,&#8220; \u0159ekl iDNES.cz Mach. Jakl potvrdil, \u017ee o kandidatu\u0159e uva\u017euje.<\/p>\n","protected":false},"author":1,"featured_media":0,"comment_status":"open","ping_status":"open","sticky":false,"template":"","format":"standard","meta":{"ngg_post_thumbnail":0,"footnotes":""},"categories":[11],"tags":[],"class_list":["post-1866","post","type-post","status-publish","format-standard","hentry","category-ozvena"],"_links":{"self":[{"href":"https:\/\/www.ladislavjakl.cz\/index.php?rest_route=\/wp\/v2\/posts\/1866","targetHints":{"allow":["GET"]}}],"collection":[{"href":"https:\/\/www.ladislavjakl.cz\/index.php?rest_route=\/wp\/v2\/posts"}],"about":[{"href":"https:\/\/www.ladislavjakl.cz\/index.php?rest_route=\/wp\/v2\/types\/post"}],"author":[{"embeddable":true,"href":"https:\/\/www.ladislavjakl.cz\/index.php?rest_route=\/wp\/v2\/users\/1"}],"replies":[{"embeddable":true,"href":"https:\/\/www.ladislavjakl.cz\/index.php?rest_route=%2Fwp%2Fv2%2Fcomments&post=1866"}],"version-history":[{"count":1,"href":"https:\/\/www.ladislavjakl.cz\/index.php?rest_route=\/wp\/v2\/posts\/1866\/revisions"}],"predecessor-version":[{"id":1867,"href":"https:\/\/www.ladislavjakl.cz\/index.php?rest_route=\/wp\/v2\/posts\/1866\/revisions\/1867"}],"wp:attachment":[{"href":"https:\/\/www.ladislavjakl.cz\/index.php?rest_route=%2Fwp%2Fv2%2Fmedia&parent=1866"}],"wp:term":[{"taxonomy":"category","embeddable":true,"href":"https:\/\/www.ladislavjakl.cz\/index.php?rest_route=%2Fwp%2Fv2%2Fcategories&post=1866"},{"taxonomy":"post_tag","embeddable":true,"href":"https:\/\/www.ladislavjakl.cz\/index.php?rest_route=%2Fwp%2Fv2%2Ftags&post=1866"}],"curies":[{"name":"wp","href":"https:\/\/api.w.org\/{rel}","templated":true}]}}