{"id":1868,"date":"2012-05-29T10:26:57","date_gmt":"2012-05-29T08:26:57","guid":{"rendered":"http:\/\/www.ladislavjakl.cz\/?p=1868"},"modified":"2012-05-29T10:26:57","modified_gmt":"2012-05-29T08:26:57","slug":"klausuv-tajemnik-prezidentem-svobodni-oslovili-jakla","status":"publish","type":"post","link":"https:\/\/www.ladislavjakl.cz\/?p=1868","title":{"rendered":"Klaus\u016fv tajemn\u00edk prezidentem? Svobodn\u00ed oslovili Jakla"},"content":{"rendered":"<div><span>PRAHA &#8211; <\/span> Strana svobodn\u00fdch ob\u010dan\u016f hodl\u00e1 do boje o Hrad  nominovat Ladislava Jakla, tajemn\u00edka V\u00e1clava Klause. Podle p\u0159edsedy  strany Petra Macha, kter\u00fd b\u00fdval Klausov\u00fdm poradcem, by nem\u011bl probl\u00e9m pro  Jakla z\u00edskat pades\u00e1t tis\u00edc podpis\u016f.<\/div>\n<div><!--more-->Jakl na nab\u00eddku podle Macha k\u00fdvl. \u201eBudeme o n\u011bm hlasovat v na\u0161ich prim\u00e1rk\u00e1ch,\u201c \u0159ekl \u0161\u00e9f Svobodn\u00fdch serveru <a href=\"http:\/\/zpravy.idnes.cz\/volby-prezidenta-republiky-by-se-mohl-zucastnil-i-klausuv-poradce-jakl-13l-\/domaci.aspx?c=A120528_111143_domaci_kop\" target=\"_blank\">iDNES.cz<\/a>. Do nich se budou vyb\u00edrat osobnosti do 6. \u010dervna.<\/div>\n<p>Samotn\u00fd  \u0161\u00e9f hradn\u00edho politick\u00e9ho odboru se k nab\u00eddce Svobodn\u00fdch zat\u00edm  nevyj\u00e1d\u0159il. Svoji mo\u017enou kandidaturu v\u0161ak ale ji\u017e d\u0159\u00edve nevylou\u010dil. \u201eJ\u00e1  m\u00e1m o sob\u011b docela dobr\u00e9 m\u00edn\u011bn\u00ed. \u0158ekn\u011bte deset d\u016fvod\u016f, pro\u010d ne. Jsem  blb\u011bj\u0161\u00ed ne\u017e jm\u00e9na, o kter\u00fdch se mluv\u00ed?\u201c \u0159ekl nap\u0159\u00edklad v b\u0159eznu v  rozhovoru pro <a href=\"http:\/\/produkty.topkontakt.idnes.cz\/p\/publerocom-10997833\/10997833?rtype=V&amp;rmain=7832227&amp;ritem=10997833&amp;rclanek=13302100&amp;rslovo=420544&amp;showdirect=1\" target=\"_blank\">\u010dasopis<\/a> T\u00fdden.<\/p>\n<p>Pr\u016fzkumy p\u0159isuzuj\u00ed nejv\u011bt\u0161\u00ed \u0161ance v prezidentsk\u00fdch volb\u00e1ch Janu  \u0160vejnarovi a Janu Fischerovi. Do souboje o Hrad se v p\u0159\u00edm\u00e9 volb\u011b  chystaj\u00ed zas\u00e1hnout tak\u00e9 p\u0159edseda TOP 09 Karel Schwarzenberg,  m\u00edstop\u0159edseda Sen\u00e1tu P\u0159emysl Sobotka z ODS a jeho stranick\u00fd kolega  europoslanec Ev\u017een To\u0161enovsk\u00fd, n\u011bkdej\u0161\u00ed premi\u00e9r a p\u0159edseda Strany <a href=\"http:\/\/produkty.topkontakt.idnes.cz\/p\/pravo-obchodnich-spolecnosti\/940613?rtype=V&amp;rmain=7832492&amp;ritem=940613&amp;rclanek=13302100&amp;rslovo=420036&amp;showdirect=1\" target=\"_blank\">pr\u00e1v<\/a> ob\u010dan\u016f &#8211; zemanovci Milo\u0161 Zeman, europoslankyn\u011b za KDU-\u010cSL Zuzana Roithov\u00e1 \u010di \u0161\u00e9fka Suverenity Jana Bobo\u0161\u00edkov\u00e1.<\/p>\n<p>Lid\u00e9 maj\u00ed prezidenta volit mezi 60. a 30. <a href=\"http:\/\/produkty.topkontakt.idnes.cz\/p\/zprijemnete-si-vas-den-v-prvnim-a-jedinem-high-care-studiu-v-praze-11046303\/11046303?rtype=V&amp;rmain=7841963&amp;ritem=11046303&amp;rclanek=13302100&amp;rslovo=424662&amp;showdirect=1\" target=\"_blank\">dnem<\/a> p\u0159ed koncem mand\u00e1tu dosavadn\u00ed hlavy st\u00e1tu. V\u00e1clavu Klausovi skon\u010d\u00ed  funk\u010dn\u00ed obdob\u00ed 7. b\u0159ezna 2013, p\u0159\u00edm\u00e1 volba by se tedy m\u011bla poprv\u00e9 konat  mezi 6. lednem a 5. \u00fanorem p\u0159\u00ed\u0161t\u00edho roku.<\/p>\n<p><a href=\"http:\/\/www.lidovky.cz\/svobodni-oslovili-klausova-tajemnika-ladislava-jakla-chteji-ho-vyslat-do-prezidentskych-voleb-ijd-\/ln_domov.asp?c=A120528_122635_ln_domov_mev\" target=\"_blank\">Zdroj<\/a><\/p>\n","protected":false},"excerpt":{"rendered":"<p>PRAHA &#8211; Strana svobodn\u00fdch ob\u010dan\u016f hodl\u00e1 do boje o Hrad nominovat Ladislava Jakla, tajemn\u00edka V\u00e1clava Klause. Podle p\u0159edsedy strany Petra Macha, kter\u00fd b\u00fdval Klausov\u00fdm poradcem, by nem\u011bl probl\u00e9m pro Jakla z\u00edskat pades\u00e1t tis\u00edc podpis\u016f.<\/p>\n","protected":false},"author":1,"featured_media":0,"comment_status":"open","ping_status":"open","sticky":false,"template":"","format":"standard","meta":{"ngg_post_thumbnail":0,"footnotes":""},"categories":[11],"tags":[],"class_list":["post-1868","post","type-post","status-publish","format-standard","hentry","category-ozvena"],"_links":{"self":[{"href":"https:\/\/www.ladislavjakl.cz\/index.php?rest_route=\/wp\/v2\/posts\/1868","targetHints":{"allow":["GET"]}}],"collection":[{"href":"https:\/\/www.ladislavjakl.cz\/index.php?rest_route=\/wp\/v2\/posts"}],"about":[{"href":"https:\/\/www.ladislavjakl.cz\/index.php?rest_route=\/wp\/v2\/types\/post"}],"author":[{"embeddable":true,"href":"https:\/\/www.ladislavjakl.cz\/index.php?rest_route=\/wp\/v2\/users\/1"}],"replies":[{"embeddable":true,"href":"https:\/\/www.ladislavjakl.cz\/index.php?rest_route=%2Fwp%2Fv2%2Fcomments&post=1868"}],"version-history":[{"count":1,"href":"https:\/\/www.ladislavjakl.cz\/index.php?rest_route=\/wp\/v2\/posts\/1868\/revisions"}],"predecessor-version":[{"id":1869,"href":"https:\/\/www.ladislavjakl.cz\/index.php?rest_route=\/wp\/v2\/posts\/1868\/revisions\/1869"}],"wp:attachment":[{"href":"https:\/\/www.ladislavjakl.cz\/index.php?rest_route=%2Fwp%2Fv2%2Fmedia&parent=1868"}],"wp:term":[{"taxonomy":"category","embeddable":true,"href":"https:\/\/www.ladislavjakl.cz\/index.php?rest_route=%2Fwp%2Fv2%2Fcategories&post=1868"},{"taxonomy":"post_tag","embeddable":true,"href":"https:\/\/www.ladislavjakl.cz\/index.php?rest_route=%2Fwp%2Fv2%2Ftags&post=1868"}],"curies":[{"name":"wp","href":"https:\/\/api.w.org\/{rel}","templated":true}]}}