{"id":1870,"date":"2012-05-29T10:28:34","date_gmt":"2012-05-29T08:28:34","guid":{"rendered":"http:\/\/www.ladislavjakl.cz\/?p=1870"},"modified":"2012-05-29T10:28:34","modified_gmt":"2012-05-29T08:28:34","slug":"chci-byt-prezidentem-naznacil-jakl-oslovili-ho-svobodni","status":"publish","type":"post","link":"https:\/\/www.ladislavjakl.cz\/?p=1870","title":{"rendered":"Chci b\u00fdt prezidentem, nazna\u010dil Jakl. Oslovili ho Svobodn\u00ed"},"content":{"rendered":"<p><span><strong>V p\u0159\u00ed\u0161t\u00edch prezidentsk\u00fdch volb\u00e1ch by mohl kandidovat tak\u00e9  Ladislav Jakl, poradce sou\u010dasn\u00e9ho prezidenta V\u00e1clava Klause. Nominovat  jej chce Strana svobodn\u00fdch ob\u010dan\u016f. Jakl svou kandidaturu nevylou\u010dil.<\/strong><\/span><\/p>\n<p><span><strong><!--more--><\/strong><\/span><\/p>\n<p><span>Svobodn\u00ed budou o Jaklovi hlasovat v prim\u00e1rk\u00e1ch. Uz\u00e1v\u011brka  nominac\u00ed do nich je 6. \u010dervna, o kandid\u00e1tech budou Svobodn\u00ed hlasovat na  sv\u00e9m sn\u011bmu 17. \u010dervna. Bude-li navr\u017een pouze Jakl, bude sn\u011bm hlasovat  jen o n\u011bm. &#8222;Nepochybuji o tom, \u017ee bychom pro n\u011bj pot\u0159ebn\u00fdch 50 tis\u00edc  hlas\u016f, aby mohl kandidovat, sehnali,&#8220; \u0159ekl serveru iDnes.cz p\u0159edseda  strany Petr Mach, b\u00fdval\u00fd Klaus\u016fv poradce.<br \/>\n<\/span><br \/>\n<span>Jakl  potvrdil, \u017ee nab\u00eddku od Svobodn\u00fdch dostal. &#8222;A proto\u017ee jsem p\u0159\u00edznivcem  t\u00e9to strany, je to pro mne ur\u010dit\u011b zaj\u00edmav\u00fd podn\u011bt k \u00favaze,&#8220; \u0159ekl.<\/span><\/p>\n<p style=\"margin-bottom: 0cm;\">O mo\u017enosti kandidovat mluvil Jakl na ja\u0159e  v rozhovoru pro \u010dasopis T\u00ddDEN. &#8222;J\u00e1 m\u00e1m o sob\u011b docela dobr\u00e9 m\u00edn\u011bn\u00ed.  \u0158ekn\u011bte deset d\u016fvod\u016f, pro\u010d ne. Jsem blb\u011bj\u0161\u00ed ne\u017e jm\u00e9na, o kter\u00fdch se  mluv\u00ed? Kandidaturu bych hodn\u011b zva\u017eoval. Ale kdyby m\u011b hodn\u011b p\u0159emlouvali,  co j\u00e1 v\u00edm&#8230;,&#8220; \u0159ekl Jakl.<\/p>\n<p style=\"margin-bottom: 0cm;\"><span>Dvaapades\u00e1tilet\u00fd Jakl je \u0159editelem politick\u00e9ho odboru prezidentsk\u00e9 kancel\u00e1\u0159e. Klausov\u00fdm poradcem je od roku 1997.<\/span><\/p>\n<p style=\"margin-bottom: 0cm;\"><span><a href=\"http:\/\/www.tyden.cz\/rubriky\/domaci\/politika\/chci-byt-prezidentem-naznacil-jakl-oslovili-ho-svobodni_235861.html\" target=\"_blank\">Zdroj<\/a><br \/>\n<\/span><\/p>\n","protected":false},"excerpt":{"rendered":"<p>V p\u0159\u00ed\u0161t\u00edch prezidentsk\u00fdch volb\u00e1ch by mohl kandidovat tak\u00e9 Ladislav Jakl, poradce sou\u010dasn\u00e9ho prezidenta V\u00e1clava Klause. Nominovat jej chce Strana svobodn\u00fdch ob\u010dan\u016f. Jakl svou kandidaturu nevylou\u010dil.<\/p>\n","protected":false},"author":1,"featured_media":0,"comment_status":"open","ping_status":"open","sticky":false,"template":"","format":"standard","meta":{"ngg_post_thumbnail":0,"footnotes":""},"categories":[11],"tags":[],"class_list":["post-1870","post","type-post","status-publish","format-standard","hentry","category-ozvena"],"_links":{"self":[{"href":"https:\/\/www.ladislavjakl.cz\/index.php?rest_route=\/wp\/v2\/posts\/1870","targetHints":{"allow":["GET"]}}],"collection":[{"href":"https:\/\/www.ladislavjakl.cz\/index.php?rest_route=\/wp\/v2\/posts"}],"about":[{"href":"https:\/\/www.ladislavjakl.cz\/index.php?rest_route=\/wp\/v2\/types\/post"}],"author":[{"embeddable":true,"href":"https:\/\/www.ladislavjakl.cz\/index.php?rest_route=\/wp\/v2\/users\/1"}],"replies":[{"embeddable":true,"href":"https:\/\/www.ladislavjakl.cz\/index.php?rest_route=%2Fwp%2Fv2%2Fcomments&post=1870"}],"version-history":[{"count":2,"href":"https:\/\/www.ladislavjakl.cz\/index.php?rest_route=\/wp\/v2\/posts\/1870\/revisions"}],"predecessor-version":[{"id":1872,"href":"https:\/\/www.ladislavjakl.cz\/index.php?rest_route=\/wp\/v2\/posts\/1870\/revisions\/1872"}],"wp:attachment":[{"href":"https:\/\/www.ladislavjakl.cz\/index.php?rest_route=%2Fwp%2Fv2%2Fmedia&parent=1870"}],"wp:term":[{"taxonomy":"category","embeddable":true,"href":"https:\/\/www.ladislavjakl.cz\/index.php?rest_route=%2Fwp%2Fv2%2Fcategories&post=1870"},{"taxonomy":"post_tag","embeddable":true,"href":"https:\/\/www.ladislavjakl.cz\/index.php?rest_route=%2Fwp%2Fv2%2Ftags&post=1870"}],"curies":[{"name":"wp","href":"https:\/\/api.w.org\/{rel}","templated":true}]}}