{"id":1875,"date":"2012-05-29T10:32:13","date_gmt":"2012-05-29T08:32:13","guid":{"rendered":"http:\/\/www.ladislavjakl.cz\/?p=1875"},"modified":"2012-05-29T10:32:13","modified_gmt":"2012-05-29T08:32:13","slug":"jakl-muze-byt-dalsim-kandidatem-na-prezidenta-za-svobodne","status":"publish","type":"post","link":"https:\/\/www.ladislavjakl.cz\/?p=1875","title":{"rendered":"Jakl m\u016f\u017ee b\u00fdt dal\u0161\u00edm kandid\u00e1tem na prezidenta, za Svobodn\u00e9"},"content":{"rendered":"<p>Poradce prezidenta V\u00e1clava Klause Ladislav Jakl by se mohl za\u0159adit mezi  uchaze\u010de o prezidentsk\u00e9 k\u0159eslo. O jeho kandidatu\u0159e bude jednat Strana  svobodn\u00fdch ob\u010dan\u016f. Pokud se jej\u00ed \u010dlenov\u00e9 pro Jakla vyj\u00e1d\u0159\u00ed ve  stranick\u00fdch prim\u00e1rk\u00e1ch, za\u010dnou Svobodn\u00ed sb\u00edrat podpisy nutn\u00e9 pro  ofici\u00e1ln\u00ed kandidaturu.<\/p>\n<p><!--more--><\/p>\n<p>\u0160\u00e9f Strany svobodn\u00fdch ob\u010dan\u016f Petr Mach informaci o Jaklov\u011b podpo\u0159e  touto stranou potvrdil. \u201eAno,\u201c je to pravda,\u201c uvedl. O tom, \u017ee by  prezident\u016fv poradce mohl usilovat o zvolen\u00ed hlavou st\u00e1tu, informoval  server iDnes.cz.<\/p>\n<p>Je\u0161t\u011b v\u0161ak nen\u00ed jasn\u00e9, zda se Jakl do \u00fazk\u00e9ho  kruhu kandid\u00e1t\u016f na Hrad dostane. Svobodn\u00ed toti\u017e p\u0159ed volbami po\u0159\u00e1daj\u00ed  stranick\u00e9 prim\u00e1rky, z nich\u017e teprve vyplyne kone\u010dn\u00fd kandid\u00e1t. \u201eUva\u017eujeme o  tom, \u017ee navrhneme Jakla,\u201c \u0159ekl Novink\u00e1m Mach s t\u00edm, \u017ee pr\u00e1vo uch\u00e1zet se  o nominaci m\u00e1 i ka\u017ed\u00fd \u010dlen strany. \u201ePokud se nep\u0159ihl\u00e1s\u00ed jin\u00fd kandid\u00e1t  ne\u017e Jakl, kter\u00fd je do prim\u00e1rek p\u0159ihl\u00e1\u0161en, pak budou \u010dlenov\u00e9 strany  hlasovat pro a proti jeho kandidatu\u0159e,\u201c vysv\u011btlil Mach.<\/p>\n<h4>Podpis\u016f pod petici bude dost<\/h4>\n<p>V\u00fdsledek  vnitrostranick\u00fdch prim\u00e1rek bude zn\u00e1m kolem poloviny \u010dervna. V p\u0159\u00edpad\u011b,  \u017ee Svobodn\u00ed Jaklovu kandidaturu podpo\u0159\u00ed, za\u010dne strana sb\u00edrat mezi lidmi  podpisy, kter\u00fdch mus\u00ed b\u00fdt pro ofici\u00e1ln\u00ed kandidaturu na prezidenta  alespo\u0148 50 tis\u00edc. Podle Macha by ale nem\u011bl b\u00fdt probl\u00e9m tohoto po\u010dtu  dos\u00e1hnout. V\u011b\u0159\u00ed, \u017ee by se prezident\u016fv poradce p\u0159\u00edpadn\u011b dostal i do  druh\u00e9ho kola prezidentsk\u00e9 volby, proto\u017ee se jednotliv\u00e9 hlasy v prvn\u00edm  kole rozpt\u00fdl\u00ed mezi jednotliv\u00e9 kandid\u00e1ty.<\/p>\n<p>Svobodn\u00ed podle Macha  sledovali Jakla del\u0161\u00ed dobu. Imponuje jim zejm\u00e9na to, \u017ee by obhajoval  n\u00e1zory jejich strany. \u201eNem\u00e1me obavu, \u017ee by obhajoval jin\u00e9 n\u00e1zory, ne\u017e  jak\u00e9 m\u00e1 strana,\u201c \u0159ekl Mach. Podle n\u011bj by nap\u0159\u00edklad nikdy nepodepsal  eurosmlouvu typu fisk\u00e1ln\u00edho paktu nebo <a title=\"http:\/\/tema.novinky.cz\/lisabonska-smlouva\" href=\"http:\/\/tema.novinky.cz\/lisabonska-smlouva\">lisabonsk\u00e9 smlouvy<\/a>. Jakl tak\u00e9 podle Macha Stran\u011b svobodn\u00fdch ob\u010dan\u016f vyj\u00e1d\u0159il podporu u\u017e p\u0159i jej\u00edm vzniku v roce 2009.<\/p>\n<p><a href=\"http:\/\/www.novinky.cz\/domaci\/268836-jakl-muze-byt-dalsim-kandidatem-na-prezidenta-za-svobodne.html\" target=\"_blank\">Zdroj<\/a><\/p>\n","protected":false},"excerpt":{"rendered":"<p>Poradce prezidenta V\u00e1clava Klause Ladislav Jakl by se mohl za\u0159adit mezi uchaze\u010de o prezidentsk\u00e9 k\u0159eslo. O jeho kandidatu\u0159e bude jednat Strana svobodn\u00fdch ob\u010dan\u016f. Pokud se jej\u00ed \u010dlenov\u00e9 pro Jakla vyj\u00e1d\u0159\u00ed ve stranick\u00fdch prim\u00e1rk\u00e1ch, za\u010dnou Svobodn\u00ed sb\u00edrat podpisy nutn\u00e9 pro ofici\u00e1ln\u00ed kandidaturu.<\/p>\n","protected":false},"author":1,"featured_media":0,"comment_status":"open","ping_status":"open","sticky":false,"template":"","format":"standard","meta":{"ngg_post_thumbnail":0,"footnotes":""},"categories":[11],"tags":[],"class_list":["post-1875","post","type-post","status-publish","format-standard","hentry","category-ozvena"],"_links":{"self":[{"href":"https:\/\/www.ladislavjakl.cz\/index.php?rest_route=\/wp\/v2\/posts\/1875","targetHints":{"allow":["GET"]}}],"collection":[{"href":"https:\/\/www.ladislavjakl.cz\/index.php?rest_route=\/wp\/v2\/posts"}],"about":[{"href":"https:\/\/www.ladislavjakl.cz\/index.php?rest_route=\/wp\/v2\/types\/post"}],"author":[{"embeddable":true,"href":"https:\/\/www.ladislavjakl.cz\/index.php?rest_route=\/wp\/v2\/users\/1"}],"replies":[{"embeddable":true,"href":"https:\/\/www.ladislavjakl.cz\/index.php?rest_route=%2Fwp%2Fv2%2Fcomments&post=1875"}],"version-history":[{"count":1,"href":"https:\/\/www.ladislavjakl.cz\/index.php?rest_route=\/wp\/v2\/posts\/1875\/revisions"}],"predecessor-version":[{"id":1876,"href":"https:\/\/www.ladislavjakl.cz\/index.php?rest_route=\/wp\/v2\/posts\/1875\/revisions\/1876"}],"wp:attachment":[{"href":"https:\/\/www.ladislavjakl.cz\/index.php?rest_route=%2Fwp%2Fv2%2Fmedia&parent=1875"}],"wp:term":[{"taxonomy":"category","embeddable":true,"href":"https:\/\/www.ladislavjakl.cz\/index.php?rest_route=%2Fwp%2Fv2%2Fcategories&post=1875"},{"taxonomy":"post_tag","embeddable":true,"href":"https:\/\/www.ladislavjakl.cz\/index.php?rest_route=%2Fwp%2Fv2%2Ftags&post=1875"}],"curies":[{"name":"wp","href":"https:\/\/api.w.org\/{rel}","templated":true}]}}