{"id":1877,"date":"2012-05-29T10:33:50","date_gmt":"2012-05-29T08:33:50","guid":{"rendered":"http:\/\/www.ladislavjakl.cz\/?p=1877"},"modified":"2012-05-29T10:33:50","modified_gmt":"2012-05-29T08:33:50","slug":"klausuv-poradce-jakl-zvazuje-svou-kandidaturu-na-prezidenta","status":"publish","type":"post","link":"https:\/\/www.ladislavjakl.cz\/?p=1877","title":{"rendered":"Klaus\u016fv poradce Jakl zva\u017euje svou kandidaturu na prezidenta"},"content":{"rendered":"<p>Praha \u2013 V p\u0159\u00ed\u0161t\u00edch prezidentsk\u00fdch volb\u00e1ch by mohl kandidovat tak\u00e9  Ladislav Jakl, poradce sou\u010dasn\u00e9ho prezidenta V\u00e1clava Klause. Nominovat  jej chce Strana svobodn\u00fdch ob\u010dan\u016f.<\/p>\n<p><!--more--><\/p>\n<p><span>Jakl svou kandidaturu nevylou\u010dil, informuje server iDnes.cz.<\/p>\n<p>Svobodn\u00ed budou o Jaklovi hlasovat v prim\u00e1rk\u00e1ch. Uz\u00e1v\u011brka nominac\u00ed do  nich je 6. \u010dervna, o kandid\u00e1tech budou Svobodn\u00ed hlasovat na sv\u00e9m sn\u011bmu  17. \u010dervna. Bude-li navr\u017een pouze Jakl, bude sn\u011bm hlasovat jen o n\u011bm.  \u201eNepochybuji o tom, \u017ee bychom pro n\u011bj pot\u0159ebn\u00fdch 50.000 hlas\u016f, aby <a id=\"anchorbbtBubble52\">mohl<\/a> kandidovat, sehnali,&#8220; \u0159ekl serveru p\u0159edseda strany Petr Mach, b\u00fdval\u00fd Klaus\u016fv <a id=\"anchorbbtBubble63\">poradce<\/a>.<\/p>\n<p>Jakl potvrdil, \u017ee nab\u00eddku od Svobodn\u00fdch dostal. \u201eA proto\u017ee jsem  p\u0159\u00edznivcem t\u00e9to strany, je to pro mne ur\u010dit\u011b zaj\u00edmav\u00fd podn\u011bt k \u00favaze,&#8220;  \u0159ekl iDnes.cz.<\/p>\n<p>Dvaapades\u00e1tilet\u00fd Jakl je \u0159editelem politick\u00e9ho odboru prezidentsk\u00e9 kancel\u00e1\u0159e. Klausov\u00fdm poradcem je od roku 1997.<\/p>\n<p><\/span><\/p>\n<p><a href=\"http:\/\/www.denik.cz\/z_domova\/klausuv-poradce-jakl-zvazuje-svou-kandidaturu-na-prezidenta-20120528.html\" target=\"_blank\">Zdroj<\/a><\/p>\n","protected":false},"excerpt":{"rendered":"<p>Praha \u2013 V p\u0159\u00ed\u0161t\u00edch prezidentsk\u00fdch volb\u00e1ch by mohl kandidovat tak\u00e9 Ladislav Jakl, poradce sou\u010dasn\u00e9ho prezidenta V\u00e1clava Klause. Nominovat jej chce Strana svobodn\u00fdch ob\u010dan\u016f.<\/p>\n","protected":false},"author":1,"featured_media":0,"comment_status":"open","ping_status":"open","sticky":false,"template":"","format":"standard","meta":{"ngg_post_thumbnail":0,"footnotes":""},"categories":[11],"tags":[],"class_list":["post-1877","post","type-post","status-publish","format-standard","hentry","category-ozvena"],"_links":{"self":[{"href":"https:\/\/www.ladislavjakl.cz\/index.php?rest_route=\/wp\/v2\/posts\/1877","targetHints":{"allow":["GET"]}}],"collection":[{"href":"https:\/\/www.ladislavjakl.cz\/index.php?rest_route=\/wp\/v2\/posts"}],"about":[{"href":"https:\/\/www.ladislavjakl.cz\/index.php?rest_route=\/wp\/v2\/types\/post"}],"author":[{"embeddable":true,"href":"https:\/\/www.ladislavjakl.cz\/index.php?rest_route=\/wp\/v2\/users\/1"}],"replies":[{"embeddable":true,"href":"https:\/\/www.ladislavjakl.cz\/index.php?rest_route=%2Fwp%2Fv2%2Fcomments&post=1877"}],"version-history":[{"count":1,"href":"https:\/\/www.ladislavjakl.cz\/index.php?rest_route=\/wp\/v2\/posts\/1877\/revisions"}],"predecessor-version":[{"id":1878,"href":"https:\/\/www.ladislavjakl.cz\/index.php?rest_route=\/wp\/v2\/posts\/1877\/revisions\/1878"}],"wp:attachment":[{"href":"https:\/\/www.ladislavjakl.cz\/index.php?rest_route=%2Fwp%2Fv2%2Fmedia&parent=1877"}],"wp:term":[{"taxonomy":"category","embeddable":true,"href":"https:\/\/www.ladislavjakl.cz\/index.php?rest_route=%2Fwp%2Fv2%2Fcategories&post=1877"},{"taxonomy":"post_tag","embeddable":true,"href":"https:\/\/www.ladislavjakl.cz\/index.php?rest_route=%2Fwp%2Fv2%2Ftags&post=1877"}],"curies":[{"name":"wp","href":"https:\/\/api.w.org\/{rel}","templated":true}]}}