{"id":1879,"date":"2012-05-29T10:35:14","date_gmt":"2012-05-29T08:35:14","guid":{"rendered":"http:\/\/www.ladislavjakl.cz\/?p=1879"},"modified":"2012-05-29T10:35:14","modified_gmt":"2012-05-29T08:35:14","slug":"klausuv-tajemnik-prezidentem-svobodni-obcane-oslovili-jakla","status":"publish","type":"post","link":"https:\/\/www.ladislavjakl.cz\/?p=1879","title":{"rendered":"Klaus\u016fv tajemn\u00edk prezidentem? Svobodn\u00ed ob\u010dan\u00e9 oslovili Jakla"},"content":{"rendered":"<p>Praha &#8211; Prezidentsk\u00fdch prim\u00e1rek Strany svobodn\u00fdch ob\u010dan\u016f se s velkou  pravd\u011bpodobnost\u00ed z\u00fa\u010dastn\u00ed dosavadn\u00ed tajemn\u00edk prezidenta republiky  Ladislav Jakl. Jeho p\u0159edb\u011b\u017en\u00fd souhlas s nominac\u00ed potvrdil v pond\u011bl\u00ed  p\u0159edseda strany Petr Mach.<\/p>\n<p><!--more--><\/p>\n<p>&#8222;<a id=\"anchorbbtBubble59\">M\u00e1m<\/a> jeho p\u0159edb\u011b\u017en\u00fd souhlas. Zda bude kandid\u00e1tem strany, se v\u0161ak rozhodne a\u017e v prim\u00e1rk\u00e1ch. N\u00e1sledn\u011b bychom <a id=\"anchorbbtBubble75\">za\u010dali<\/a> sb\u00edrat on\u011bch pades\u00e1t tis\u00edc podpis\u016f pot\u0159ebn\u00fdch k nominaci,&#8220; \u0159ekl agentu\u0159e Mediafax p\u0159edseda Strany svobodn\u00fdch ob\u010dan\u016f Petr Mach.<\/p>\n<p>Kandid\u00e1ti se do prezidentsk\u00fdch prim\u00e1rek Strany svobodn\u00fdch ob\u010dan\u016f  mohou p\u0159ihl\u00e1sit do 6. \u010dervna. \u017d\u00e1dn\u00e9 jin\u00e9 jm\u00e9no krom\u011b Jakla se v\u0161ak dosud  neobjevilo. &#8222;Na\u0161i \u010dlenov\u00e9 by si jen t\u011b\u017eko <a id=\"anchorbbtBubble121\">vybrali<\/a> n\u011bkoho ze sou\u010dasn\u00fdch kandid\u00e1t\u016f,&#8220; \u0159ekl Mach s t\u00edm, \u017ee konkr\u00e9tn\u00ed d\u016fvody  pro podporu Ladislava Jakla strana vyslov\u00ed a\u017e v p\u0159\u00edpad\u011b, \u017ee se stane  jejich ofici\u00e1ln\u00edm kandid\u00e1tem.<\/p>\n<p><a href=\"http:\/\/domaci.eurozpravy.cz\/politika\/50209-klausuv-tajemnik-prezidentem-svobodni-obcane-oslovili-jakla\/\" target=\"_blank\">Zdroj<\/a><\/p>\n","protected":false},"excerpt":{"rendered":"<p>Praha &#8211; Prezidentsk\u00fdch prim\u00e1rek Strany svobodn\u00fdch ob\u010dan\u016f se s velkou pravd\u011bpodobnost\u00ed z\u00fa\u010dastn\u00ed dosavadn\u00ed tajemn\u00edk prezidenta republiky Ladislav Jakl. Jeho p\u0159edb\u011b\u017en\u00fd souhlas s nominac\u00ed potvrdil v pond\u011bl\u00ed p\u0159edseda strany Petr Mach.<\/p>\n","protected":false},"author":1,"featured_media":0,"comment_status":"open","ping_status":"open","sticky":false,"template":"","format":"standard","meta":{"ngg_post_thumbnail":0,"footnotes":""},"categories":[11],"tags":[],"class_list":["post-1879","post","type-post","status-publish","format-standard","hentry","category-ozvena"],"_links":{"self":[{"href":"https:\/\/www.ladislavjakl.cz\/index.php?rest_route=\/wp\/v2\/posts\/1879","targetHints":{"allow":["GET"]}}],"collection":[{"href":"https:\/\/www.ladislavjakl.cz\/index.php?rest_route=\/wp\/v2\/posts"}],"about":[{"href":"https:\/\/www.ladislavjakl.cz\/index.php?rest_route=\/wp\/v2\/types\/post"}],"author":[{"embeddable":true,"href":"https:\/\/www.ladislavjakl.cz\/index.php?rest_route=\/wp\/v2\/users\/1"}],"replies":[{"embeddable":true,"href":"https:\/\/www.ladislavjakl.cz\/index.php?rest_route=%2Fwp%2Fv2%2Fcomments&post=1879"}],"version-history":[{"count":1,"href":"https:\/\/www.ladislavjakl.cz\/index.php?rest_route=\/wp\/v2\/posts\/1879\/revisions"}],"predecessor-version":[{"id":1880,"href":"https:\/\/www.ladislavjakl.cz\/index.php?rest_route=\/wp\/v2\/posts\/1879\/revisions\/1880"}],"wp:attachment":[{"href":"https:\/\/www.ladislavjakl.cz\/index.php?rest_route=%2Fwp%2Fv2%2Fmedia&parent=1879"}],"wp:term":[{"taxonomy":"category","embeddable":true,"href":"https:\/\/www.ladislavjakl.cz\/index.php?rest_route=%2Fwp%2Fv2%2Fcategories&post=1879"},{"taxonomy":"post_tag","embeddable":true,"href":"https:\/\/www.ladislavjakl.cz\/index.php?rest_route=%2Fwp%2Fv2%2Ftags&post=1879"}],"curies":[{"name":"wp","href":"https:\/\/api.w.org\/{rel}","templated":true}]}}