{"id":1881,"date":"2012-05-29T10:36:21","date_gmt":"2012-05-29T08:36:21","guid":{"rendered":"http:\/\/www.ladislavjakl.cz\/?p=1881"},"modified":"2012-05-29T10:36:21","modified_gmt":"2012-05-29T08:36:21","slug":"zabojuji-o-hrad-naznacil-znovu-klausuv-poradce","status":"publish","type":"post","link":"https:\/\/www.ladislavjakl.cz\/?p=1881","title":{"rendered":"Zabojuji o Hrad, nazna\u010dil znovu Klaus\u016fv poradce"},"content":{"rendered":"<p>Sou\u010dasn\u00fd tajemn\u00edk prezidenta Klause Ladislav Jakl by se mohl st\u00e1t  p\u0159\u00ed\u0161t\u00edm prezidentem. Server Parlamentn\u00edListy.cz p\u0159ed \u010dasem informoval,  \u017ee Klaus\u016fv bl\u00edzk\u00fd spolupracovn\u00edk by kandidaturu velmi zva\u017eoval, kdyby ho  k n\u00ed n\u011bkdo vyzval. A je to tady. Ke zvednut\u00ed pov\u011bstn\u00e9 soubojov\u00e9  rukavice Jakla vyzvali Svobodn\u00ed.<\/p>\n<p><!--more--><\/p>\n<p>Strana svobodn\u00fdch ob\u010dan\u016f, kterou vede dnes ji\u017e b\u00fdval\u00fd Klaus\u016fv poradce  Petr Mach, vyzvala sou\u010dasn\u00e9ho Klausova tajemn\u00edka Ladislava Jakla, aby se  \u00fa\u010dastnil kl\u00e1n\u00ed o post nejvy\u0161\u0161\u00edho mu\u017ee v\u00a0st\u00e1t\u011b. Informuje o tom server  idnes.cz.<\/p>\n<h4>Hlasy se\u017eeneme<\/h4>\n<p align=\"left\">&#8222;Nepochybuji, \u017ee bychom pro n\u011bj pot\u0159ebn\u00fdch 50 tis\u00edc hlas\u016f, aby mohl  kandidovat, sehnali,&#8220; uvedl Mach. Po\u010d\u00edt\u00e1 s t\u00edm, \u017ee petici na podporu  Jaklovy kandidatury by vystavil na internetu. A Jakl na nominaci k\u00fdvl.  Definitivn\u011b jasno v\u0161ak bude a\u017e sedmn\u00e1ct\u00e9ho \u010dervna, kdy se kon\u00e1 sn\u011bm  Svobodn\u00fdch, kte\u0159\u00ed s\u00a0definitivn\u00ed platnost\u00ed rozhodnou, koho podpo\u0159\u00ed v\u00a0boji  o Hrad.<\/p>\n<p align=\"left\">Jakl, jen\u017e v\u00a0roli Klausova poradce p\u016fsob\u00ed od roku 1997, d\u00e1v\u00e1 najevo, \u017ee  jde o zaj\u00edmavou nab\u00eddku. Na jedn\u00e9 stran\u011b je t\u0159eba vz\u00edt v\u00a0\u00favahu, \u017ee  p\u0159\u00edpadn\u00e1 nov\u00e1 funkce \u010dlov\u011bku prakticky odebere \u010das na sebe sama, na  druh\u00e9 stran\u011b Jakl tvrd\u00ed, \u017ee nen\u00ed o nic hor\u0161\u00ed, ne\u017e dal\u0161\u00ed lid\u00e9, kte\u0159\u00ed u\u017e  kandidaturu ozn\u00e1mili, tak\u017ee se j\u00ed apriorn\u011b nebr\u00e1n\u00ed. \u00a0Se sou\u010dasn\u00fdm  prezidentem se Jakl shoduje nap\u0159. v\u00a0kritick\u00e9m pohledu na EU.<\/p>\n<p align=\"left\"><a href=\"http:\/\/www.parlamentnilisty.cz\/zpravy\/Zabojuji-o-Hrad-naznacil-znovu-Klausuv-poradce-234007\" target=\"_blank\">Zdroj<\/a><\/p>\n","protected":false},"excerpt":{"rendered":"<p>Sou\u010dasn\u00fd tajemn\u00edk prezidenta Klause Ladislav Jakl by se mohl st\u00e1t p\u0159\u00ed\u0161t\u00edm prezidentem. Server Parlamentn\u00edListy.cz p\u0159ed \u010dasem informoval, \u017ee Klaus\u016fv bl\u00edzk\u00fd spolupracovn\u00edk by kandidaturu velmi zva\u017eoval, kdyby ho k n\u00ed n\u011bkdo vyzval. A je to tady. Ke zvednut\u00ed pov\u011bstn\u00e9 soubojov\u00e9 rukavice Jakla vyzvali Svobodn\u00ed.<\/p>\n","protected":false},"author":1,"featured_media":0,"comment_status":"open","ping_status":"open","sticky":false,"template":"","format":"standard","meta":{"ngg_post_thumbnail":0,"footnotes":""},"categories":[11],"tags":[],"class_list":["post-1881","post","type-post","status-publish","format-standard","hentry","category-ozvena"],"_links":{"self":[{"href":"https:\/\/www.ladislavjakl.cz\/index.php?rest_route=\/wp\/v2\/posts\/1881","targetHints":{"allow":["GET"]}}],"collection":[{"href":"https:\/\/www.ladislavjakl.cz\/index.php?rest_route=\/wp\/v2\/posts"}],"about":[{"href":"https:\/\/www.ladislavjakl.cz\/index.php?rest_route=\/wp\/v2\/types\/post"}],"author":[{"embeddable":true,"href":"https:\/\/www.ladislavjakl.cz\/index.php?rest_route=\/wp\/v2\/users\/1"}],"replies":[{"embeddable":true,"href":"https:\/\/www.ladislavjakl.cz\/index.php?rest_route=%2Fwp%2Fv2%2Fcomments&post=1881"}],"version-history":[{"count":1,"href":"https:\/\/www.ladislavjakl.cz\/index.php?rest_route=\/wp\/v2\/posts\/1881\/revisions"}],"predecessor-version":[{"id":1882,"href":"https:\/\/www.ladislavjakl.cz\/index.php?rest_route=\/wp\/v2\/posts\/1881\/revisions\/1882"}],"wp:attachment":[{"href":"https:\/\/www.ladislavjakl.cz\/index.php?rest_route=%2Fwp%2Fv2%2Fmedia&parent=1881"}],"wp:term":[{"taxonomy":"category","embeddable":true,"href":"https:\/\/www.ladislavjakl.cz\/index.php?rest_route=%2Fwp%2Fv2%2Fcategories&post=1881"},{"taxonomy":"post_tag","embeddable":true,"href":"https:\/\/www.ladislavjakl.cz\/index.php?rest_route=%2Fwp%2Fv2%2Ftags&post=1881"}],"curies":[{"name":"wp","href":"https:\/\/api.w.org\/{rel}","templated":true}]}}