{"id":1883,"date":"2012-05-29T10:37:53","date_gmt":"2012-05-29T08:37:53","guid":{"rendered":"http:\/\/www.ladislavjakl.cz\/?p=1883"},"modified":"2012-05-29T10:37:53","modified_gmt":"2012-05-29T08:37:53","slug":"nominace-sso-na-prezidenta-ladislav-jakl","status":"publish","type":"post","link":"https:\/\/www.ladislavjakl.cz\/?p=1883","title":{"rendered":"Nominace SSO na prezidenta: Ladislav Jakl"},"content":{"rendered":"<div>Prezidentsk\u00fdch  prim\u00e1rek Strany svobodn\u00fdch ob\u010dan\u016f (SSO) se velmi  pravd\u011bpodobn\u011b  z\u00fa\u010dastn\u00ed dosavadn\u00ed tajemn\u00edk prezidenta Klause Ladislav Jakl.<\/div>\n<div><!--more--><\/div>\n<div style=\"margin-top: 15px;\"><strong><span style=\"font-size: x-small;\">28.kv\u011bten 2012<\/span><\/strong> &#8211; <strong><span style=\"font-size: x-small;\">14:23<\/span><\/strong><\/div>\n<p>Jeho p\u0159edb\u011b\u017en\u00fd souhlas s nominac\u00ed potvrdil v pond\u011bl\u00ed p\u0159edseda strany Petr Mach.<\/p>\n<p>&#8222;M\u00e1m  jeho p\u0159edb\u011b\u017en\u00fd souhlas. Zda bude kandid\u00e1tem strany, se v\u0161ak rozhodne a\u017e  v prim\u00e1rk\u00e1ch. N\u00e1sledn\u011b bychom za\u010dali sb\u00edrat on\u011bch pades\u00e1t tis\u00edc podpis\u016f  pot\u0159ebn\u00fdch k nominaci,&#8220; \u0159ekl p\u0159edseda Strany svobodn\u00fdch ob\u010dan\u016f Petr  Mach.<\/p>\n<p>Informaci potvrdil tak\u00e9 s\u00e1m Jakl. &#8222;Ano, mohu potvrdit, \u017ee  se v minul\u00fdch t\u00fddnech na m\u011b veden\u00ed Strany svobodn\u00fdch ob\u010dan\u016f obr\u00e1tilo s  touto nab\u00eddkou. A proto\u017ee jsem p\u0159\u00edznivcem t\u00e9to strany, je to pro mne  zaj\u00edmav\u00fd podn\u011bt k \u00favaze,&#8220; uvedl Jakl s t\u00edm, \u017ee stejnou nab\u00eddku dostal i  od Akce D.O.S.T.<\/p>\n<p>Kandid\u00e1ti se do prezidentsk\u00fdch prim\u00e1rek Strany  svobodn\u00fdch ob\u010dan\u016f mohou p\u0159ihl\u00e1sit do 6.\u010dervna. \u017d\u00e1dn\u00e9 jin\u00e9 jm\u00e9no krom\u011b  Jakla se v\u0161ak dosud neobjevilo. &#8222;Na\u0161i \u010dlenov\u00e9 by si jen t\u011b\u017eko vybrali  n\u011bkoho ze sou\u010dasn\u00fdch kandid\u00e1t\u016f,&#8220; \u0159ekl Mach s t\u00edm, \u017ee konkr\u00e9tn\u00ed d\u016fvody  pro podporu Ladislava Jakla strana vyslov\u00ed a\u017e v p\u0159\u00edpad\u011b, \u017ee se stane  jejich ofici\u00e1ln\u00edm kandid\u00e1tem.<\/p>\n<p><a href=\"http:\/\/www.prvnizpravy.cz\/zpravy\/z-domova\/nominace-sso-na-prezidenta-ladislav-jakl\/\" target=\"_blank\">Zdroj<\/a><\/p>\n","protected":false},"excerpt":{"rendered":"<p>Prezidentsk\u00fdch prim\u00e1rek Strany svobodn\u00fdch ob\u010dan\u016f (SSO) se velmi pravd\u011bpodobn\u011b z\u00fa\u010dastn\u00ed dosavadn\u00ed tajemn\u00edk prezidenta Klause Ladislav Jakl.<\/p>\n","protected":false},"author":1,"featured_media":0,"comment_status":"open","ping_status":"open","sticky":false,"template":"","format":"standard","meta":{"ngg_post_thumbnail":0,"footnotes":""},"categories":[11],"tags":[],"class_list":["post-1883","post","type-post","status-publish","format-standard","hentry","category-ozvena"],"_links":{"self":[{"href":"https:\/\/www.ladislavjakl.cz\/index.php?rest_route=\/wp\/v2\/posts\/1883","targetHints":{"allow":["GET"]}}],"collection":[{"href":"https:\/\/www.ladislavjakl.cz\/index.php?rest_route=\/wp\/v2\/posts"}],"about":[{"href":"https:\/\/www.ladislavjakl.cz\/index.php?rest_route=\/wp\/v2\/types\/post"}],"author":[{"embeddable":true,"href":"https:\/\/www.ladislavjakl.cz\/index.php?rest_route=\/wp\/v2\/users\/1"}],"replies":[{"embeddable":true,"href":"https:\/\/www.ladislavjakl.cz\/index.php?rest_route=%2Fwp%2Fv2%2Fcomments&post=1883"}],"version-history":[{"count":1,"href":"https:\/\/www.ladislavjakl.cz\/index.php?rest_route=\/wp\/v2\/posts\/1883\/revisions"}],"predecessor-version":[{"id":1884,"href":"https:\/\/www.ladislavjakl.cz\/index.php?rest_route=\/wp\/v2\/posts\/1883\/revisions\/1884"}],"wp:attachment":[{"href":"https:\/\/www.ladislavjakl.cz\/index.php?rest_route=%2Fwp%2Fv2%2Fmedia&parent=1883"}],"wp:term":[{"taxonomy":"category","embeddable":true,"href":"https:\/\/www.ladislavjakl.cz\/index.php?rest_route=%2Fwp%2Fv2%2Fcategories&post=1883"},{"taxonomy":"post_tag","embeddable":true,"href":"https:\/\/www.ladislavjakl.cz\/index.php?rest_route=%2Fwp%2Fv2%2Ftags&post=1883"}],"curies":[{"name":"wp","href":"https:\/\/api.w.org\/{rel}","templated":true}]}}