{"id":1885,"date":"2012-05-29T10:39:12","date_gmt":"2012-05-29T08:39:12","guid":{"rendered":"http:\/\/www.ladislavjakl.cz\/?p=1885"},"modified":"2012-05-29T10:39:12","modified_gmt":"2012-05-29T08:39:12","slug":"novy-prezidentsky-kandidat-primarek-strany-svobodnych-obcanu-se-zucastni-ladislav-jakl","status":"publish","type":"post","link":"https:\/\/www.ladislavjakl.cz\/?p=1885","title":{"rendered":"Nov\u00fd prezidentsk\u00fd kandid\u00e1t: Prim\u00e1rek Strany svobodn\u00fdch ob\u010dan\u016f se z\u00fa\u010dastn\u00ed Ladislav Jakl"},"content":{"rendered":"<p>Prezidentsk\u00fdch prim\u00e1rek Strany svobodn\u00fdch ob\u010dan\u016f se s velkou  pravd\u011bpodobnost\u00ed z\u00fa\u010dastn\u00ed dosavadn\u00ed tajemn\u00edk prezidenta republiky  Ladislav Jakl. Jeho p\u0159edb\u011b\u017en\u00fd souhlas s nominac\u00ed potvrdil v pond\u011bl\u00ed  p\u0159edseda strany Petr Mach.<\/p>\n<p><!--more-->&#8222;M\u00e1m jeho p\u0159edb\u011b\u017en\u00fd souhlas. Zda bude kandid\u00e1tem strany, se  v\u0161ak rozhodne a\u017e v prim\u00e1rk\u00e1ch. N\u00e1sledn\u011b bychom za\u010dali sb\u00edrat on\u011bch  pades\u00e1t tis\u00edc podpis\u016f pot\u0159ebn\u00fdch k nominaci,&#8220; \u0159ekl agentu\u0159e Mediafax  p\u0159edseda Strany svobodn\u00fdch ob\u010dan\u016f Petr Mach.<\/p>\n<p>Kandid\u00e1ti se do prezidentsk\u00fdch prim\u00e1rek Strany svobodn\u00fdch ob\u010dan\u016f  mohou p\u0159ihl\u00e1sit do 6. \u010dervna. \u017d\u00e1dn\u00e9 jin\u00e9 jm\u00e9no krom\u011b Jakla se v\u0161ak dosud  neobjevilo. &#8222;Na\u0161i \u010dlenov\u00e9 by si jen t\u011b\u017eko vybrali n\u011bkoho ze sou\u010dasn\u00fdch  kandid\u00e1t\u016f,&#8220; \u0159ekl Mach s t\u00edm, \u017ee konkr\u00e9tn\u00ed d\u016fvody pro podporu Ladislava  Jakla strana vyslov\u00ed a\u017e v p\u0159\u00edpad\u011b, \u017ee se stane jejich ofici\u00e1ln\u00edm  kandid\u00e1tem.<\/p>\n<p><a href=\"http:\/\/www.mediafax.cz\/politika\/4061008-Novy-prezidentsky-kandidat-Primarek-Strany-svobodnych-obcanu-se-zucastni-Ladislav-Jakl\" target=\"_blank\">Zdroj<\/a><\/p>\n","protected":false},"excerpt":{"rendered":"<p>Prezidentsk\u00fdch prim\u00e1rek Strany svobodn\u00fdch ob\u010dan\u016f se s velkou pravd\u011bpodobnost\u00ed z\u00fa\u010dastn\u00ed dosavadn\u00ed tajemn\u00edk prezidenta republiky Ladislav Jakl. Jeho p\u0159edb\u011b\u017en\u00fd souhlas s nominac\u00ed potvrdil v pond\u011bl\u00ed p\u0159edseda strany Petr Mach.<\/p>\n","protected":false},"author":1,"featured_media":0,"comment_status":"open","ping_status":"open","sticky":false,"template":"","format":"standard","meta":{"ngg_post_thumbnail":0,"footnotes":""},"categories":[1],"tags":[],"class_list":["post-1885","post","type-post","status-publish","format-standard","hentry","category-publikovane-clanky"],"_links":{"self":[{"href":"https:\/\/www.ladislavjakl.cz\/index.php?rest_route=\/wp\/v2\/posts\/1885","targetHints":{"allow":["GET"]}}],"collection":[{"href":"https:\/\/www.ladislavjakl.cz\/index.php?rest_route=\/wp\/v2\/posts"}],"about":[{"href":"https:\/\/www.ladislavjakl.cz\/index.php?rest_route=\/wp\/v2\/types\/post"}],"author":[{"embeddable":true,"href":"https:\/\/www.ladislavjakl.cz\/index.php?rest_route=\/wp\/v2\/users\/1"}],"replies":[{"embeddable":true,"href":"https:\/\/www.ladislavjakl.cz\/index.php?rest_route=%2Fwp%2Fv2%2Fcomments&post=1885"}],"version-history":[{"count":2,"href":"https:\/\/www.ladislavjakl.cz\/index.php?rest_route=\/wp\/v2\/posts\/1885\/revisions"}],"predecessor-version":[{"id":1887,"href":"https:\/\/www.ladislavjakl.cz\/index.php?rest_route=\/wp\/v2\/posts\/1885\/revisions\/1887"}],"wp:attachment":[{"href":"https:\/\/www.ladislavjakl.cz\/index.php?rest_route=%2Fwp%2Fv2%2Fmedia&parent=1885"}],"wp:term":[{"taxonomy":"category","embeddable":true,"href":"https:\/\/www.ladislavjakl.cz\/index.php?rest_route=%2Fwp%2Fv2%2Fcategories&post=1885"},{"taxonomy":"post_tag","embeddable":true,"href":"https:\/\/www.ladislavjakl.cz\/index.php?rest_route=%2Fwp%2Fv2%2Ftags&post=1885"}],"curies":[{"name":"wp","href":"https:\/\/api.w.org\/{rel}","templated":true}]}}