{"id":189,"date":"2010-01-07T15:23:50","date_gmt":"2010-01-07T14:23:50","guid":{"rendered":"http:\/\/www.ladislavjakl.cz\/?p=189"},"modified":"2010-01-07T15:55:35","modified_gmt":"2010-01-07T14:55:35","slug":"milost-pro-radku-kadlecovou","status":"publish","type":"post","link":"https:\/\/www.ladislavjakl.cz\/?p=189","title":{"rendered":"Milost pro Radku Kadlecovou"},"content":{"rendered":"<p><img loading=\"lazy\" decoding=\"async\" class=\"ngg-singlepic ngg-left alignleft\" src=\"https:\/\/www.ladislavjakl.cz\/wp-content\/gallery\/perexy\/email.png\" alt=\"email\" width=\"400\" height=\"100\" \/><\/p>\n<p>Dobr\u00fd den.<\/p>\n<p>Cituji z Va\u0161eho dne\u0161n\u00edho \u010dl\u00e1nku: \u201e,V Chy\u0161i se v\u0161ak v\u0161ichni br\u00e1n\u00ed, \u017ee by se za Kadlecovou zaru\u010dili. ,Po\u017e\u00e1dala m\u011b na\u0161e ob\u010danka a j\u00e1 jsem pouze popsal, jak tady \u017eije\u2018 \u0159\u00edk\u00e1 starosta Miroslav Dor\u0148\u00e1k.\u201c<\/p>\n<p>Pan starosta pou\u017eil k \u201epouh\u00e9mu popisu, jak tady \u017eije\u201c\u00a0 tato slova &#8211; cituji z jeho dopisu panu prezidentovi:<\/p>\n<p><!--more--><br \/>\n\u201e\u2026dovoluji si V\u00e1m t\u00edmto podat n\u00e1sleduj\u00edc\u00ed sd\u011blen\u00ed, kter\u00e9 p\u0159edkl\u00e1d\u00e1m na \u017e\u00e1dost sle\u010dny Radky Kadlecov\u00e9, kter\u00e1 si u Va\u0161\u00ed Prezidentsk\u00e9 kancel\u00e1\u0159e podala \u017e\u00e1dost o milost\u2026\u201c<br \/>\n\u201eSle\u010dna Radka Kadlecov\u00e1 \u017eije v na\u0161em m\u011bst\u011b od narozen\u00ed. Po celou dobu sv\u00e9ho dosavadn\u00edho \u017eivota se chov\u00e1 \u0159\u00e1dn\u011b, slu\u0161n\u011b a hlavn\u011b bezkonfliktn\u011b. Povinnosti v\u016f\u010di m\u011bstu si pln\u00ed bezezbytku. Dovoluji si podotknout, \u017ee vzhledem k jej\u00edmu slo\u017eit\u00e9mu d\u011btstv\u00ed a zvl\u00e1\u0161t\u011b po tragick\u00e9m \u00famrt\u00ed jej\u00ed maminky do\u0161lo u jmenovan\u00e9 k uzav\u0159en\u00ed se do sebe a z\u00e1rove\u0148 ztratila schopnost komunikace se sv\u00fdm okol\u00edm. Po finan\u010dn\u00edm osamostatn\u011bn\u00ed se zam\u011b\u0159ila na podporu sv\u00e9 sestry a zbytku rodiny, co\u017e ji pravd\u011bpodobn\u011b velmi zat\u011b\u017eovalo a to tak\u00e9 mohl b\u00fdt jeden z d\u016fvod\u016f, pro\u010d nakonec ztratila sebez\u00e1chovn\u00fd pud. V\u00e1\u017een\u00fd pane prezidente, nep\u0159\u00edslu\u0161\u00ed mi a ani se nem\u00edn\u00edm pasovat do role soudce, p\u0159esto m\u00e1m ur\u010dit\u00e9 pochybnosti o kone\u010dn\u00e9m verdiktu v\u00fd\u0161e uveden\u00e9ho pravomocn\u00e9ho rozsudku. V\u011b\u0159\u00edm ve Va\u0161i p\u0159irozenou autoritu, kterou jste si ve sv\u00e9m \u00fa\u0159adu vybudoval, a tak\u00e9 v\u011b\u0159\u00edm ve Va\u0161i schopnost tento citliv\u00fd p\u0159\u00edpad roz\u0159e\u0161it\u2026.\u201c<br \/>\n\u201eSle\u010dna Radka Kadlecov\u00e1 si je v\u011bdoma sv\u00e9ho selh\u00e1n\u00ed, ale je tak\u00e9 mladou \u017eenou, kter\u00e1 m\u00e1 sv\u016fj \u017eivot je\u0161t\u011b p\u0159ed sebou a jist\u011b bude pro na\u0161i spole\u010dnost i v budoucnu platnou ob\u010dankou. T\u00edm chci \u0159\u00edci, \u017ee by si snad je\u0161t\u011b jednu \u0161anci zaslou\u017eila. V\u00e1\u017een\u00fd pane prezidente, s pokoru se p\u0159ipojuji k \u017e\u00e1dosti o citliv\u00e9 posouzen\u00ed tohoto p\u0159\u00edpadu a snad i o trochu t\u00e9 shov\u00edvavosti pro na\u0161i spoluob\u010danku sle\u010dnu Radku Kadlecovou.\u201c<\/p>\n<p>Ch\u00e1pu, \u017ee pan starosta bere zp\u00e1te\u010dku, kdy\u017e se tato milost stala p\u0159edm\u011btem medi\u00e1ln\u00ed kritiky, a \u017ee se nezn\u00e1 k tomu, jak moc se za ni p\u0159imlouval. M\u00e9n\u011b ale ch\u00e1pu, \u017ee jste si ten dopis od n\u011bj nenechala uk\u00e1zat a spol\u00e9hala se jen na jeho v\u00fdklad, kter\u00fdm se dnes sna\u017e\u00ed zleh\u010dit svou anga\u017eovanost ve v\u011bci. Vzhledem k prvn\u00ed v\u011bt\u011b Va\u0161eho \u010dl\u00e1nku \u201ePodivn\u00e1 milost prezidenta V\u00e1clava Klause\u201c ale vlastn\u011b ch\u00e1pu i to.<\/p>\n<p>Dod\u00e1v\u00e1m, \u017ee dopis pana starosty p\u0159i\u0161el s raz\u00edtkem obce a nese datum 12. srpna. Radka Kadlecov\u00e1 po\u017e\u00e1dala o milost v listopadu.<\/p>\n<p>Zdrav\u00ed V\u00e1s<br \/>\nL. Jakl<\/p>\n","protected":false},"excerpt":{"rendered":"<p>Dobr\u00fd den. Cituji z Va\u0161eho dne\u0161n\u00edho \u010dl\u00e1nku: \u201e,V Chy\u0161i se v\u0161ak v\u0161ichni br\u00e1n\u00ed, \u017ee by se za Kadlecovou zaru\u010dili. ,Po\u017e\u00e1dala m\u011b na\u0161e ob\u010danka a j\u00e1 jsem pouze popsal, jak tady \u017eije\u2018 \u0159\u00edk\u00e1 starosta Miroslav Dor\u0148\u00e1k.\u201c Pan starosta pou\u017eil k \u201epouh\u00e9mu popisu, jak tady \u017eije\u201c\u00a0 tato slova &#8211; cituji z jeho dopisu panu prezidentovi:<\/p>\n","protected":false},"author":1,"featured_media":0,"comment_status":"open","ping_status":"open","sticky":false,"template":"","format":"standard","meta":{"ngg_post_thumbnail":0,"footnotes":""},"categories":[6],"tags":[],"class_list":["post-189","post","type-post","status-publish","format-standard","hentry","category-co-jsem-nerekl"],"_links":{"self":[{"href":"https:\/\/www.ladislavjakl.cz\/index.php?rest_route=\/wp\/v2\/posts\/189","targetHints":{"allow":["GET"]}}],"collection":[{"href":"https:\/\/www.ladislavjakl.cz\/index.php?rest_route=\/wp\/v2\/posts"}],"about":[{"href":"https:\/\/www.ladislavjakl.cz\/index.php?rest_route=\/wp\/v2\/types\/post"}],"author":[{"embeddable":true,"href":"https:\/\/www.ladislavjakl.cz\/index.php?rest_route=\/wp\/v2\/users\/1"}],"replies":[{"embeddable":true,"href":"https:\/\/www.ladislavjakl.cz\/index.php?rest_route=%2Fwp%2Fv2%2Fcomments&post=189"}],"version-history":[{"count":4,"href":"https:\/\/www.ladislavjakl.cz\/index.php?rest_route=\/wp\/v2\/posts\/189\/revisions"}],"predecessor-version":[{"id":191,"href":"https:\/\/www.ladislavjakl.cz\/index.php?rest_route=\/wp\/v2\/posts\/189\/revisions\/191"}],"wp:attachment":[{"href":"https:\/\/www.ladislavjakl.cz\/index.php?rest_route=%2Fwp%2Fv2%2Fmedia&parent=189"}],"wp:term":[{"taxonomy":"category","embeddable":true,"href":"https:\/\/www.ladislavjakl.cz\/index.php?rest_route=%2Fwp%2Fv2%2Fcategories&post=189"},{"taxonomy":"post_tag","embeddable":true,"href":"https:\/\/www.ladislavjakl.cz\/index.php?rest_route=%2Fwp%2Fv2%2Ftags&post=189"}],"curies":[{"name":"wp","href":"https:\/\/api.w.org\/{rel}","templated":true}]}}