{"id":1896,"date":"2012-06-01T14:52:09","date_gmt":"2012-06-01T12:52:09","guid":{"rendered":"http:\/\/www.ladislavjakl.cz\/?p=1896"},"modified":"2012-06-01T14:52:09","modified_gmt":"2012-06-01T12:52:09","slug":"stane-se-ladislav-jakl-kandidatem-svobodnych-na-prezidenta","status":"publish","type":"post","link":"https:\/\/www.ladislavjakl.cz\/?p=1896","title":{"rendered":"Stane se Ladislav Jakl kandid\u00e1tem Svobodn\u00fdch na prezidenta?"},"content":{"rendered":"<p>Tajemn\u00edk prezidenta V\u00e1clava Klause a rocker v jedn\u00e9 osob\u011b by byl  spole\u010dnosti u\u017eite\u010dn\u011bj\u0161\u00ed jako sl\u00e1dek sv\u00e9ho r\u016f\u017eov\u00e9ho piva BuQi\u010d\u00e1k.<\/p>\n<p><!--more--><\/p>\n<p>Kdo by byl podle Ladislava Jakla dobr\u00fdm p\u0159\u00ed\u0161t\u00edm prezidentem? \u010casopisu  T\u00fdden p\u0159ed ned\u00e1vnem tajemn\u00edk prezidenta V\u00e1clava Klause a rocker v jedn\u00e9  osob\u011b \u0159ekl, \u017ee on s\u00e1m: \u201eJ\u00e1 m\u00e1m o sob\u011b docela dobr\u00e9 m\u00edn\u011bn\u00ed. \u0158ekn\u011bte  deset d\u016fvod\u016f, pro\u010d ne. Jsem blb\u011bj\u0161\u00ed ne\u017e jm\u00e9na, o kter\u00fdch se mluv\u00ed?\u201c<\/p>\n<p>Pro n\u011bkoho to mo\u017en\u00e1 zn\u00ed jako \u017eert, ale v centr\u00e1le Strany svobodn\u00fdch  ob\u010dan\u016f to m\u00edn\u00ed v\u00e1\u017en\u011b. Jak uvedl server idnes.cz, do boje o Hrad by za  Svobodn\u00e9 mohl zas\u00e1hnout kontroverzn\u00ed Jakl, o n\u011bm\u017e stran\u00edci budou  hlasovat v\u00a0prim\u00e1rk\u00e1ch. \u201ePodle m\u011b by byl Ladislav Jakl dobr\u00fdm  prezidentem, nepodepisoval by euro-smlouvy, a vracel by poslanc\u016fm z\u00e1kony  omezuj\u00edc\u00ed svobodu \u010dlov\u011bka,\u201c vyv\u011bsil si na Facebooku \u0161\u00e9f Svobodn\u00fdch Petr  Mach.<\/p>\n<p>Mach\u016fv z\u00e1m\u011br nena\u0161el p\u0159\u00edli\u0161 pochopen\u00ed u velkopodnikatele Andreje  Babi\u0161e (ANO 2011). Ten o p\u0159\u00edpadn\u00e9 Jaklov\u011b kandidatu\u0159e prohl\u00e1sil: \u201eMach  ze Svobodn\u00fdch je bu\u010f fanatik, nebo si d\u011bl\u00e1 z\u00a0ob\u010dan\u016f srandu.\u201c<\/p>\n<p>Zaj\u00edmav\u00e9 je, \u017ee prezident Klaus ji\u017e podpo\u0159il pro prezidentsk\u00e9 volby sv\u00e9ho n\u011bkdej\u0161\u00edho <a href=\"http:\/\/www.ceskapozice.cz\/domov\/politika\/klausuv-pozdrav-milosi-budu-te-volit\">hlavn\u00edho rivala Milo\u0161e Zemana<\/a>.  Pro\u010d v\u0161ak nepodpo\u0159il sv\u00e9ho tajemn\u00edka? \u017de by o Jaklov\u00fdch pl\u00e1nech \u010di  z\u00e1m\u011bru Svobodn\u00fdch nev\u011bd\u011bl? T\u011b\u017eko \u0159\u00edct. Je ale mo\u017en\u00e9, \u017ee Jaklova  kandidatura m\u00e1 b\u00fdt sp\u00ed\u0161 reces\u00ed a provokac\u00ed. Jakl by v\u0161ak mohl v\u00fdrazn\u011b  r\u00e9toricky konkurovat Milo\u0161i Zemanovi, na kter\u00e9ho v tomto ohledu \u017e\u00e1dn\u00fd  z\u00a0dosavadn\u00edch kandid\u00e1t\u016f nesta\u010d\u00ed.<\/p>\n<p>Petr Mach \u010cESK\u00c9 POZICI napsal, \u017ee prezident se k\u00a0Zemanovi vyj\u00e1d\u0159il  d\u0159\u00edve, ne\u017e vy\u0161ly zpr\u00e1vy o Jaklovi. \u201eNev\u00edm, koho bude VK volit, ale n\u00e1\u0161  kandid\u00e1t je m\u00edn\u011bn v\u00e1\u017en\u011b.\u201c Pokud si n\u011bkdo p\u0159eje, aby p\u0159\u00ed\u0161t\u00ed prezident (na  rozd\u00edl od sou\u010dasn\u00e9ho) spole\u010dnost sp\u00ed\u0161e stmeloval, u Jakla se n\u011b\u010deho  podobn\u00e9ho ur\u010dit\u011b nedo\u010dk\u00e1. Lep\u0161\u00ed by proto bylo, kdyby informace o Jaklov\u011b  kandidatu\u0159e z\u016fstaly \u017eertem. Klaus\u016fv tajemn\u00edk by byl spole\u010dnosti  u\u017eite\u010dn\u011bj\u0161\u00ed jako sl\u00e1dek sv\u00e9ho <a href=\"https:\/\/www.ladislavjakl.cz\/?p=1840\" target=\"_blank\">r\u016f\u017eov\u00e9ho piva BuQi\u010d\u00e1k<\/a>.<span id=\"story-end\"> <\/span><\/p>\n<p><span><a href=\"http:\/\/www.ceskapozice.cz\/domov\/politika\/stane-se-ladislav-jakl-kandidatem-svobodnych-na-prezidenta\" target=\"_blank\">Zdroj<\/a><br \/>\n<\/span><\/p>\n","protected":false},"excerpt":{"rendered":"<p>Tajemn\u00edk prezidenta V\u00e1clava Klause a rocker v jedn\u00e9 osob\u011b by byl spole\u010dnosti u\u017eite\u010dn\u011bj\u0161\u00ed jako sl\u00e1dek sv\u00e9ho r\u016f\u017eov\u00e9ho piva BuQi\u010d\u00e1k.<\/p>\n","protected":false},"author":1,"featured_media":0,"comment_status":"open","ping_status":"open","sticky":false,"template":"","format":"standard","meta":{"ngg_post_thumbnail":0,"footnotes":""},"categories":[11],"tags":[],"class_list":["post-1896","post","type-post","status-publish","format-standard","hentry","category-ozvena"],"_links":{"self":[{"href":"https:\/\/www.ladislavjakl.cz\/index.php?rest_route=\/wp\/v2\/posts\/1896","targetHints":{"allow":["GET"]}}],"collection":[{"href":"https:\/\/www.ladislavjakl.cz\/index.php?rest_route=\/wp\/v2\/posts"}],"about":[{"href":"https:\/\/www.ladislavjakl.cz\/index.php?rest_route=\/wp\/v2\/types\/post"}],"author":[{"embeddable":true,"href":"https:\/\/www.ladislavjakl.cz\/index.php?rest_route=\/wp\/v2\/users\/1"}],"replies":[{"embeddable":true,"href":"https:\/\/www.ladislavjakl.cz\/index.php?rest_route=%2Fwp%2Fv2%2Fcomments&post=1896"}],"version-history":[{"count":1,"href":"https:\/\/www.ladislavjakl.cz\/index.php?rest_route=\/wp\/v2\/posts\/1896\/revisions"}],"predecessor-version":[{"id":1897,"href":"https:\/\/www.ladislavjakl.cz\/index.php?rest_route=\/wp\/v2\/posts\/1896\/revisions\/1897"}],"wp:attachment":[{"href":"https:\/\/www.ladislavjakl.cz\/index.php?rest_route=%2Fwp%2Fv2%2Fmedia&parent=1896"}],"wp:term":[{"taxonomy":"category","embeddable":true,"href":"https:\/\/www.ladislavjakl.cz\/index.php?rest_route=%2Fwp%2Fv2%2Fcategories&post=1896"},{"taxonomy":"post_tag","embeddable":true,"href":"https:\/\/www.ladislavjakl.cz\/index.php?rest_route=%2Fwp%2Fv2%2Ftags&post=1896"}],"curies":[{"name":"wp","href":"https:\/\/api.w.org\/{rel}","templated":true}]}}