{"id":1898,"date":"2012-06-01T14:54:31","date_gmt":"2012-06-01T12:54:31","guid":{"rendered":"http:\/\/www.ladislavjakl.cz\/?p=1898"},"modified":"2012-06-01T14:54:31","modified_gmt":"2012-06-01T12:54:31","slug":"jakl-4-president","status":"publish","type":"post","link":"https:\/\/www.ladislavjakl.cz\/?p=1898","title":{"rendered":"Jakl 4 President!"},"content":{"rendered":"<p>iDnes v\u010dera vypustil zpr\u00e1vu, \u017ee Ladislav Jakl se z\u00fa\u010dastn\u00ed prim\u00e1rek v  r\u00e1mci Strany svobodn\u00fdch ob\u010dan\u016f a \u017ee pokud usp\u011bje, bude se uch\u00e1zet o post  prezidenta republiky. Ne \u017ee by na tom bylo n\u011bco tajn\u00e9ho, kdy\u017e u\u017e to  v\u011bd\u011bli v\u0161ichni \u010dlenov\u00e9 a p\u0159\u00edznivci, ale stejn\u011b by m\u011b zaj\u00edmalo, jakou  cestou to putovalo do redakce iDnesu.<\/p>\n<p><!--more--><\/p>\n<p>No a pak za\u010dal trollfest\u2026<\/p>\n<p>Mo\u017en\u00e1 o mn\u011b v\u00edte, \u017ee jsem admin stranick\u00e9ho \u00fa\u010dtu na <a href=\"http:\/\/facebook.com\/svobodni\">Facebooku<\/a> i na <a href=\"http:\/\/twitter.com\/svobodni\">Twitteru<\/a>. V\u010dera jsem si p\u0159ipadal jak u Verdunu. Nebo jako admini \u00fa\u010dt\u016f Vodafonu poka\u017ed\u00fd, kdy\u017e Vodafone vymysl\u00ed n\u011bjakou laskavost.<\/p>\n<p>Dozv\u011bd\u011bl jsem se, \u017ee Jakl je nep\u0159ijateln\u00fd zejm\u00e9na z t\u011bchto d\u016fvod\u016f:<\/p>\n<ul>\n<li>Klaus<\/li>\n<li>H\u00e1jek<\/li>\n<li>Rusko<\/li>\n<li>11. z\u00e1\u0159\u00ed (H\u00e1jek)<\/li>\n<li>opice (H\u00e1jek)<\/li>\n<li>pivo<\/li>\n<li>vlasy<\/li>\n<li>fousy<\/li>\n<li>ob\u010dansk\u00e1 spole\u010dnost<\/li>\n<li>n\u00e1ckov\u00e9<\/li>\n<\/ul>\n<p>Jedin\u00e9, co se aspo\u0148 vzd\u00e1len\u011b dot\u00fdk\u00e1  Jaklov\u00fdch n\u00e1zor\u016f, jsou posledn\u00ed dv\u011b polo\u017eky. Pokud ale v\u011bnujeme t\u011bmto  probl\u00e9m\u016fm n\u011bjak\u00fd kr\u00e1tk\u00fd \u010das (dle m\u00e9ho sta\u010d\u00ed bohat\u011b dv\u011b minuty),  zjist\u00edme, \u017ee to jsou medi\u00e1ln\u00ed m\u00fdty.<\/p>\n<p>V\u011bcn\u00fdch argument\u016f proti Jaklov\u011b kandidatu\u0159e jsem se zat\u00edm nedo\u010dkal. Dob\u0159e to shrnul Hans v \u010dl\u00e1nku <a href=\"http:\/\/www.hansuv.net\/povyk-kolem-jakla\">Povyk kolem Jakla<\/a>.<\/p>\n<p>Dovolil bych si v p\u0159ehledn\u00e9 grafice nast\u00ednit n\u011bkolik d\u016fvod\u016f, pro\u010d by  naopak Ladislav Jakl byl mnohem lep\u0161\u00edm prezidentem ne\u017e v\u0161ichni dosavadn\u00ed  kandid\u00e1ti (pro zv\u011bt\u0161en\u00ed klikni):<\/p>\n<p><a href=\"https:\/\/www.ladislavjakl.cz\/wp-content\/uploads\/2012\/06\/kandidati.jpg\"><img loading=\"lazy\" decoding=\"async\" class=\"aligncenter size-full wp-image-1899\" title=\"kandidati\" src=\"https:\/\/www.ladislavjakl.cz\/wp-content\/uploads\/2012\/06\/kandidati.jpg\" alt=\"kandidati\" width=\"393\" height=\"204\" srcset=\"https:\/\/www.ladislavjakl.cz\/wp-content\/uploads\/2012\/06\/kandidati.jpg 1234w, https:\/\/www.ladislavjakl.cz\/wp-content\/uploads\/2012\/06\/kandidati-264x137.jpg 264w, https:\/\/www.ladislavjakl.cz\/wp-content\/uploads\/2012\/06\/kandidati-1024x532.jpg 1024w\" sizes=\"auto, (max-width: 393px) 100vw, 393px\" \/><\/a><\/p>\n<p><a href=\"https:\/\/www.ladislavjakl.cz\/wp-content\/uploads\/2012\/06\/kandidati.jpg\"><\/a>Pro Ladislava Jakla samoz\u0159ejm\u011b budu hlasovat v prim\u00e1rk\u00e1ch i v pozd\u011bj\u0161\u00ed prezidentsk\u00e9 volb\u011b.<\/p>\n<p><a href=\"http:\/\/mmister.com\/jakl-4-president\/\" target=\"_blank\">Zdroj<\/a><\/p>\n","protected":false},"excerpt":{"rendered":"<p>iDnes v\u010dera vypustil zpr\u00e1vu, \u017ee Ladislav Jakl se z\u00fa\u010dastn\u00ed prim\u00e1rek v r\u00e1mci Strany svobodn\u00fdch ob\u010dan\u016f a \u017ee pokud usp\u011bje, bude se uch\u00e1zet o post prezidenta republiky. Ne \u017ee by na tom bylo n\u011bco tajn\u00e9ho, kdy\u017e u\u017e to v\u011bd\u011bli v\u0161ichni \u010dlenov\u00e9 a p\u0159\u00edznivci, ale stejn\u011b by m\u011b zaj\u00edmalo, jakou cestou to putovalo do redakce iDnesu.<\/p>\n","protected":false},"author":1,"featured_media":0,"comment_status":"open","ping_status":"open","sticky":false,"template":"","format":"standard","meta":{"ngg_post_thumbnail":0,"footnotes":""},"categories":[11],"tags":[],"class_list":["post-1898","post","type-post","status-publish","format-standard","hentry","category-ozvena"],"_links":{"self":[{"href":"https:\/\/www.ladislavjakl.cz\/index.php?rest_route=\/wp\/v2\/posts\/1898","targetHints":{"allow":["GET"]}}],"collection":[{"href":"https:\/\/www.ladislavjakl.cz\/index.php?rest_route=\/wp\/v2\/posts"}],"about":[{"href":"https:\/\/www.ladislavjakl.cz\/index.php?rest_route=\/wp\/v2\/types\/post"}],"author":[{"embeddable":true,"href":"https:\/\/www.ladislavjakl.cz\/index.php?rest_route=\/wp\/v2\/users\/1"}],"replies":[{"embeddable":true,"href":"https:\/\/www.ladislavjakl.cz\/index.php?rest_route=%2Fwp%2Fv2%2Fcomments&post=1898"}],"version-history":[{"count":2,"href":"https:\/\/www.ladislavjakl.cz\/index.php?rest_route=\/wp\/v2\/posts\/1898\/revisions"}],"predecessor-version":[{"id":1901,"href":"https:\/\/www.ladislavjakl.cz\/index.php?rest_route=\/wp\/v2\/posts\/1898\/revisions\/1901"}],"wp:attachment":[{"href":"https:\/\/www.ladislavjakl.cz\/index.php?rest_route=%2Fwp%2Fv2%2Fmedia&parent=1898"}],"wp:term":[{"taxonomy":"category","embeddable":true,"href":"https:\/\/www.ladislavjakl.cz\/index.php?rest_route=%2Fwp%2Fv2%2Fcategories&post=1898"},{"taxonomy":"post_tag","embeddable":true,"href":"https:\/\/www.ladislavjakl.cz\/index.php?rest_route=%2Fwp%2Fv2%2Ftags&post=1898"}],"curies":[{"name":"wp","href":"https:\/\/api.w.org\/{rel}","templated":true}]}}