{"id":1902,"date":"2012-06-01T14:56:47","date_gmt":"2012-06-01T12:56:47","guid":{"rendered":"http:\/\/www.ladislavjakl.cz\/?p=1902"},"modified":"2012-06-01T14:56:47","modified_gmt":"2012-06-01T12:56:47","slug":"povyk-kolem-jakla","status":"publish","type":"post","link":"https:\/\/www.ladislavjakl.cz\/?p=1902","title":{"rendered":"Povyk kolem Jakla"},"content":{"rendered":"<p>V\u010dera prob\u011bhla m\u00e9dii zpr\u00e1va, \u017ee by (mo\u017en\u00e1) mohl kandidovat na prezidenta Ladislav Jakl (coby kandid\u00e1t Svobodn\u00fdch).<\/p>\n<p><!--more-->To zas bylo povyku. A to jsem \u010detl jen reakce na Twitteru, kam p\u00ed\u0161\u00ed  celkem rozumn\u00ed lid\u00e9 (diskusn\u00ed \u017eumpy jsem vynechal). Dokonce jsem zat\u00edm  ani nevid\u011bl nic od Pehe nebo Hal\u00edka, ti asi teprve sepisuj\u00ed n\u011bjakou  v\u00fdzvu.<\/p>\n<p>Ud\u011blal jsem si v\u017edycky \u010d\u00e1rku, kdy\u017e zazn\u011bl n\u011bjak\u00fd v\u011bcn\u00fd argument proti Jaklovi. A ani jednou, p\u0159\u00e1tel\u00e9!<\/p>\n<p>P\u0159itom bych docela r\u00e1d n\u011bjak\u00fd sly\u0161el. Emotivn\u00ed v\u00fdk\u0159iky dok\u00e1\u017ee  generovat kdekdo a kdeco. \u010casto jsem tam taky sly\u0161el takov\u00e9 to \u201efuj  Klaus\u201c, co\u017e nev\u00edm, jak s\u00a0Jaklem souvis\u00ed. To sam\u00e9 argumentace jak\u00fdmsi  H\u00e1jkem\u2026 Jist\u011b, v\u0161echno to jsou dobr\u00e9 osobn\u00ed d\u016fvody, pro\u010d Jakla nevolit,  ale vztekat se u\u017e kv\u016fli samotn\u00e9 (mo\u017en\u00e9) kandidatu\u0159e?<\/p>\n<p>Co m\u011b pobavilo, byla snaha roz\u0161\u00ed\u0159it svou nen\u00e1vist ke Klausovi p\u0159es  Jakla na cel\u00e9 Svobodn\u00e9 a br\u00e1t to tedy jako d\u016fvod, pro\u010d je nelze volit  ani v\u00a0jin\u00fdch volb\u00e1ch. To mi potvrdilo, jak \u010dasto jsou u\u00a0n\u00e1s politick\u00e9  strany vn\u00edm\u00e1ny jako n\u011bjak\u00fd fotbalov\u00fd klub, kter\u00e9mu fand\u00edme (\u00fapln\u011b nejv\u00edc  tehdy, kdy\u017e to nand\u00e1 klubu, kter\u00fd naopak nesn\u00e1\u0161\u00edme) a fandit  p\u0159estaneme, kdy\u017e najmou hr\u00e1\u010de, kter\u00e9ho nem\u00e1me r\u00e1di (a ani vlastn\u011b  nev\u00edme, pro\u010d). N\u011bjak\u00fd program, kdo se s\u00a0t\u00edm m\u00e1 \u010d\u00edst\u2026<\/p>\n<p>Je smutn\u00e9, \u017ee \u201eJakl je n\u011bjakej divnej\u201c byl vlastn\u011b asi nejrozumn\u011bj\u0161\u00ed argument, kter\u00fd jsem k\u00a0tomu zahl\u00e9dl.<\/p>\n<p>\u010cetl jsem od Jakla spoustu \u010dl\u00e1nk\u016f a n\u011bkolik rozhovor\u016f s\u00a0n\u00edm.  Nevzpom\u00edn\u00e1m si, \u017ee bych s\u00a0n\u00edm n\u011bkdy v\u00a0n\u011b\u010dem v\u00fdrazn\u011b nesouhlasil. Ch\u00e1pu  ale, \u017ee v\u011bty typu <em>\u201eNemysl\u00edm, \u017ee \u010dlov\u011bk nejl\u00e9pe vyj\u00e1d\u0159\u00ed sv\u016fj vztah k\u00a0mate\u0159stv\u00ed t\u00edm, \u017ee sebere pen\u00edze ostatn\u00edm lidem a str\u010d\u00ed je matk\u00e1m.\u201c<\/em> spoustu lid\u00ed popuzuj\u00ed. Nen\u00ed to ale Jakl\u016fv probl\u00e9m.<\/p>\n<p>Na Jaklovi se mi l\u00edb\u00ed jeho schopnost vyjad\u0159ovat se kr\u00e1tce (a velmi  trefn\u011b) k\u00a0\u0159ad\u011b probl\u00e9m\u016f. T\u00edm nechci \u0159\u00edci, \u017ee by za to m\u011bl b\u00fdt  prezidentem, ov\u0161em v\u011bt\u0161inu t\u011bch, kter\u00fdmi je n\u00e1m jako kandid\u00e1ty  vyhro\u017eov\u00e1no, v\u00a0tomto v\u00fdrazn\u011b p\u0159evy\u0161uje.<\/p>\n<p>Vn\u00edm\u00e1me-li ov\u0161em jako klad, \u017ee n\u011bkdo dok\u00e1\u017ee velmi dlouho neur\u010dit\u011b a  obecn\u011b mluvit, aby proboha n\u00e1hodou n\u011bkoho neurazil, ale vlastn\u011b ani nic  ne\u0159ekl, nebo uzn\u00e1v\u00e1me-li, \u017ee o\u00a0n\u011b\u010dem se prost\u011b ani nemluv\u00ed a nep\u0159em\u00fd\u0161l\u00ed,  pak je Jakl jist\u011b velmi \u0161patn\u00fd kandid\u00e1t.<\/p>\n<p><a href=\"http:\/\/www.hansuv.net\/povyk-kolem-jakla\" target=\"_blank\">Zdroj<\/a><\/p>\n","protected":false},"excerpt":{"rendered":"<p>V\u010dera prob\u011bhla m\u00e9dii zpr\u00e1va, \u017ee by (mo\u017en\u00e1) mohl kandidovat na prezidenta Ladislav Jakl (coby kandid\u00e1t Svobodn\u00fdch).<\/p>\n","protected":false},"author":1,"featured_media":0,"comment_status":"open","ping_status":"open","sticky":false,"template":"","format":"standard","meta":{"ngg_post_thumbnail":0,"footnotes":""},"categories":[11],"tags":[],"class_list":["post-1902","post","type-post","status-publish","format-standard","hentry","category-ozvena"],"_links":{"self":[{"href":"https:\/\/www.ladislavjakl.cz\/index.php?rest_route=\/wp\/v2\/posts\/1902","targetHints":{"allow":["GET"]}}],"collection":[{"href":"https:\/\/www.ladislavjakl.cz\/index.php?rest_route=\/wp\/v2\/posts"}],"about":[{"href":"https:\/\/www.ladislavjakl.cz\/index.php?rest_route=\/wp\/v2\/types\/post"}],"author":[{"embeddable":true,"href":"https:\/\/www.ladislavjakl.cz\/index.php?rest_route=\/wp\/v2\/users\/1"}],"replies":[{"embeddable":true,"href":"https:\/\/www.ladislavjakl.cz\/index.php?rest_route=%2Fwp%2Fv2%2Fcomments&post=1902"}],"version-history":[{"count":1,"href":"https:\/\/www.ladislavjakl.cz\/index.php?rest_route=\/wp\/v2\/posts\/1902\/revisions"}],"predecessor-version":[{"id":1903,"href":"https:\/\/www.ladislavjakl.cz\/index.php?rest_route=\/wp\/v2\/posts\/1902\/revisions\/1903"}],"wp:attachment":[{"href":"https:\/\/www.ladislavjakl.cz\/index.php?rest_route=%2Fwp%2Fv2%2Fmedia&parent=1902"}],"wp:term":[{"taxonomy":"category","embeddable":true,"href":"https:\/\/www.ladislavjakl.cz\/index.php?rest_route=%2Fwp%2Fv2%2Fcategories&post=1902"},{"taxonomy":"post_tag","embeddable":true,"href":"https:\/\/www.ladislavjakl.cz\/index.php?rest_route=%2Fwp%2Fv2%2Ftags&post=1902"}],"curies":[{"name":"wp","href":"https:\/\/api.w.org\/{rel}","templated":true}]}}