{"id":1912,"date":"2012-06-01T15:02:18","date_gmt":"2012-06-01T13:02:18","guid":{"rendered":"http:\/\/www.ladislavjakl.cz\/?p=1912"},"modified":"2012-06-01T15:02:18","modified_gmt":"2012-06-01T13:02:18","slug":"jakl-prezidentem-a-mate-snad-lepsiho-kandidata","status":"publish","type":"post","link":"https:\/\/www.ladislavjakl.cz\/?p=1912","title":{"rendered":"Jakl prezidentem? A m\u00e1te snad lep\u0161\u00edho kandid\u00e1ta?"},"content":{"rendered":"<p>Siln\u00e9 reakce se daly \u010dekat. Ladislav Jakl je  kontroverzn\u00ed osobnost. Je \u010dlov\u011bkem, kter\u00fd se neboj\u00ed \u0159\u00edkat politicky  nekorektn\u00ed n\u00e1zory ve\u0159ejn\u011b a p\u0159\u00edmo\u010da\u0159e, co\u017e mnoh\u00e9 rozpaluje dob\u011bla. Jeho  ozn\u00e1men\u00e1 kandidatura v\u00a0prezidentsk\u00fdch volb\u00e1ch tak rozhodn\u011b vyvolala  velk\u00fd poprask.<\/p>\n<p><a name=\"t2\"><\/a><!--more-->Do t\u00e9to doby jsem absolutn\u011b nev\u011bd\u011bl, komu d\u00e1t v\u00a0nast\u00e1vaj\u00edc\u00edch volb\u00e1ch  hlas. Portfolio dosavadn\u00edch kandid\u00e1t\u016f lze toti\u017e charakterizovat bu\u010f  destruktivn\u00edm levi\u010d\u00e1ctv\u00edm, p\u0159\u00edpadn\u011b bezn\u00e1zorovost\u00ed, euro-bezp\u00e1te\u0159nost\u00ed,  \u010di p\u0159\u00edpadn\u011b vyhran\u011bn\u00fdm populismem.<\/p>\n<div>\n<p>Dok\u00e1\u017eu pochopit, \u017ee Ladislav Jakl je mnoh\u00fdm nesympatick\u00fd. \u010casto toti\u017e  \u00fasp\u011b\u0161n\u011b a za hranou argumentuje i v\u00a0p\u0159\u00edpad\u011b, kdy by v\u00a0diskusi ostatn\u00ed  d\u00e1vno kapitulovali. Je to inteligentn\u00ed, vzd\u011blan\u00fd a sebejist\u00fd \u010dlov\u011bk  nekonven\u010dn\u00edho vzhledu, o jeho\u017e osobn\u00edm \u017eivot\u011b se toho moc nev\u00ed. Nen\u00ed se  ani \u010demu divit, on s\u00e1m ho nevystavuje pl\u00e1novit\u011b na odiv.<\/p>\n<p>Mnoz\u00ed ignoranti, kritizuj\u00edc\u00ed ho za jeho \u00fadajnou podporu rasismu a  extremismu, by mo\u017en\u00e1 velmi rychle uznali sv\u016fj trapn\u00fd a hlubok\u00fd omyl,  pokud by byli schopni \u010di v\u016fbec ochotni (bez povrchn\u00edch medi\u00e1ln\u00edch  generalizac\u00ed) k\u00a0bli\u017e\u0161\u00edmu pozn\u00e1n\u00ed jeho n\u00e1zor\u016f a p\u0159edev\u0161\u00edm z\u00e1zem\u00ed, ze  kter\u00e9ho vych\u00e1z\u00ed. Tot\u00e9\u017e bohu\u017eel plat\u00ed i pro dal\u0161\u00ed s\u00a0n\u00edm spojen\u00e1  kontroverzn\u00ed t\u00e9mata, jak\u00fdmi jsou odpor proti medi\u00e1ln\u00edmu lyn\u010dov\u00e1n\u00ed (by\u0165  sporn\u00fdch osobnost\u00ed), proti ji\u017e pr\u016fkazn\u011b vadn\u00e9 eko-alarmistick\u00e9 teorii,  \u010di proti v\u0161udyp\u0159\u00edtomn\u00e9 brut\u00e1ln\u00ed manipulaci ob\u010dana ze strany st\u00e1tu a jeho  \u00fa\u0159edn\u00edk\u016f (za v\u0161echny uv\u00e1d\u00edm jako p\u0159\u00edklad geni\u00e1ln\u00ed text \u201e<a href=\"http:\/\/jakl.blog.idnes.cz\/c\/253572\/Centra-ceskych-mest-ozivenim-az-k-uplnemu-umrtveni.html\">Centra \u010desk\u00fdch m\u011bst: o\u017eiven\u00edm a\u017e k \u00fapln\u00e9mu umrtven\u00ed<\/a>\u201c).<\/p>\n<p>Ladislav Jakl je \u010dlov\u011bk se\u00a0zdrav\u00fdm selsk\u00fdm rozumem. Pragmatik  s\u00a0politicky velmi pevn\u00fdmi a \u010dasto tvrd\u00fdmi n\u00e1zory, mo\u017en\u00e1 siln\u011b  kontrastuj\u00edc\u00edmi s\u00a0jeho \u201eb\u011b\u017enou lidskou norm\u00e1lnost\u00ed\u201c a p\u0159\u00edv\u011btivost\u00ed. Tu  v\u0161ak mnoz\u00ed nedok\u00e1\u017eou vn\u00edmat a nerozd\u00fdchaj\u00ed tak jeho politickou  p\u0159\u00edmo\u010darost. Do jist\u00e9 m\u00edry je i dok\u00e1\u017eu i pochopit, a\u010d s\u00a0nimi obvykle  nesouhlas\u00edm. Pokud tohoto protivn\u00edka nedok\u00e1\u017eou n\u00e1zorov\u00ed oponenti f\u00e9rov\u011b  zdolat, sna\u017e\u00ed se mu alespo\u0148 zezadu d\u016fsledn\u011b okopat kotn\u00edky. A to je  p\u0159esn\u011b to, co se moment\u00e1ln\u011b d\u011bje kolem jeho prezidentsk\u00e9 kandidatury ze  strany b\u011b\u017en\u00fdch ob\u010dan\u016f i prominentn\u00edch osobnost\u00ed. Nejen d\u00edky t\u011bmto v\u0161em  zm\u00edn\u011bn\u00fdm skute\u010dnostem u\u017e ale jednozna\u010dn\u011b v\u00edm, \u010d\u00ed jm\u00e9no ponese na po\u010d\u00e1tku  p\u0159\u00ed\u0161t\u00edho roku m\u016fj volebn\u00ed l\u00edstek\u2026<\/p>\n<p><em>P. S.: Je mi zcela jasn\u00e9, jak\u00e1 odezva na tento  text od mnoh\u00fdch p\u0159ijde, kolik nad\u00e1vek a neopodstatn\u011bn\u00fdch na\u0159\u010den\u00ed  z\u00a0\u201epsan\u00ed oslavn\u00fdch text\u016f na zak\u00e1zku\u201c padne. I to je d\u016fkazem politick\u00e9  naivity a st\u00e1dn\u00edho chov\u00e1n\u00ed majoritn\u00ed spole\u010dnosti &#8211; d\u016fkazem toho, co v\u00fd\u0161e  v\u00a0n\u00e1znac\u00edch popisuji. Tento text je jemn\u00fdm pokusem, jak alespo\u0148  nepatrn\u011b vybalancovat nepat\u0159i\u010dn\u00fd negativn\u00ed povyk, kter\u00fd se po ozn\u00e1men\u00ed  kandidatury rozpoutal. \u010cl\u00e1nek vyjad\u0159uje beze zbytku m\u00e9 osobn\u00ed n\u00e1zory a  nen\u00ed ani v\u00a0nejmen\u0161\u00edm ovlivn\u011bn jakoukoliv n\u00e1tlakovou skupinou \u010di  organizac\u00ed (mj. jsem neobdr\u017eel, jako v\u017edy, \u017e\u00e1dn\u00fd materi\u00e1ln\u00ed \u010di  nemateri\u00e1ln\u00ed prosp\u011bch za\u00a0jeho publikov\u00e1n\u00ed).<\/em><\/p>\n<p><a href=\"http:\/\/janpolanecky.blog.idnes.cz\/c\/270243\/Jakl-prezidentem-A-mate-snad-lepsiho-kandidata.html\" target=\"_blank\">Zdroj<\/a><em><br \/>\n<\/em><\/div>\n","protected":false},"excerpt":{"rendered":"<p>Siln\u00e9 reakce se daly \u010dekat. Ladislav Jakl je kontroverzn\u00ed osobnost. Je \u010dlov\u011bkem, kter\u00fd se neboj\u00ed \u0159\u00edkat politicky nekorektn\u00ed n\u00e1zory ve\u0159ejn\u011b a p\u0159\u00edmo\u010da\u0159e, co\u017e mnoh\u00e9 rozpaluje dob\u011bla. Jeho ozn\u00e1men\u00e1 kandidatura v\u00a0prezidentsk\u00fdch volb\u00e1ch tak rozhodn\u011b vyvolala velk\u00fd poprask.<\/p>\n","protected":false},"author":1,"featured_media":0,"comment_status":"open","ping_status":"open","sticky":false,"template":"","format":"standard","meta":{"ngg_post_thumbnail":0,"footnotes":""},"categories":[11],"tags":[],"class_list":["post-1912","post","type-post","status-publish","format-standard","hentry","category-ozvena"],"_links":{"self":[{"href":"https:\/\/www.ladislavjakl.cz\/index.php?rest_route=\/wp\/v2\/posts\/1912","targetHints":{"allow":["GET"]}}],"collection":[{"href":"https:\/\/www.ladislavjakl.cz\/index.php?rest_route=\/wp\/v2\/posts"}],"about":[{"href":"https:\/\/www.ladislavjakl.cz\/index.php?rest_route=\/wp\/v2\/types\/post"}],"author":[{"embeddable":true,"href":"https:\/\/www.ladislavjakl.cz\/index.php?rest_route=\/wp\/v2\/users\/1"}],"replies":[{"embeddable":true,"href":"https:\/\/www.ladislavjakl.cz\/index.php?rest_route=%2Fwp%2Fv2%2Fcomments&post=1912"}],"version-history":[{"count":1,"href":"https:\/\/www.ladislavjakl.cz\/index.php?rest_route=\/wp\/v2\/posts\/1912\/revisions"}],"predecessor-version":[{"id":1913,"href":"https:\/\/www.ladislavjakl.cz\/index.php?rest_route=\/wp\/v2\/posts\/1912\/revisions\/1913"}],"wp:attachment":[{"href":"https:\/\/www.ladislavjakl.cz\/index.php?rest_route=%2Fwp%2Fv2%2Fmedia&parent=1912"}],"wp:term":[{"taxonomy":"category","embeddable":true,"href":"https:\/\/www.ladislavjakl.cz\/index.php?rest_route=%2Fwp%2Fv2%2Fcategories&post=1912"},{"taxonomy":"post_tag","embeddable":true,"href":"https:\/\/www.ladislavjakl.cz\/index.php?rest_route=%2Fwp%2Fv2%2Ftags&post=1912"}],"curies":[{"name":"wp","href":"https:\/\/api.w.org\/{rel}","templated":true}]}}