{"id":1916,"date":"2012-06-01T15:05:52","date_gmt":"2012-06-01T13:05:52","guid":{"rendered":"http:\/\/www.ladislavjakl.cz\/?p=1916"},"modified":"2012-06-01T15:05:52","modified_gmt":"2012-06-01T13:05:52","slug":"jakl-mozna-zabojuje-o-prezidenta","status":"publish","type":"post","link":"https:\/\/www.ladislavjakl.cz\/?p=1916","title":{"rendered":"Jakl mo\u017en\u00e1 zabojuje o prezidenta"},"content":{"rendered":"<p>Pr\u00e1vo 29. 5. 2012 str. 2 Ladislav Jakl, tajemn\u00edk prezidenta V\u00e1clava Klause, by se mohl za\u0159adit mezi prezidentsk\u00e9 kandid\u00e1ty v p\u0159\u00edm\u00e9 volb\u011b. A to v dresu Strany svobodn\u00fdch ob\u010dan\u016f.<\/p>\n<p><!--more--><\/p>\n<p>Pokud by se skute\u010dn\u011b do kl\u00e1n\u00ed o Hrad zapojil a usp\u011bl, nahradil by Jakl v prezidentsk\u00e9m k\u0159esle sv\u00e9ho \u0161\u00e9fa. Klaus podle sv\u00e9ho tajemn\u00edka zv\u011bsti o kandidatu\u0159e zaregistroval a komentoval je u v\u010derej\u0161\u00edho ob\u011bda.<br \/>\n&#8222;S prezidentem jsem svou kandidaturu neprob\u00edral. Ale pochopiteln\u011b tyto zv\u011bsti zaregistroval. A komentoval je na ob\u011bd\u011b slovy, \u017ee mluv\u00edm najednou roz\u0161afn\u011bji ne\u017e jindy,&#8220; \u0159ekl Jakl Pr\u00e1vu.<br \/>\nSvobodn\u00ed po\u0159\u00e1daj\u00ed prezidentsk\u00e9 prim\u00e1rky, jejich v\u00fdsledek bude zn\u00e1m\u00fd 17. \u010dervna, kdy se kon\u00e1 stranick\u00fd sn\u011bm. &#8222;Pokud se nep\u0159ihl\u00e1s\u00ed jin\u00fd kandid\u00e1t ne\u017e Jakl, kter\u00fd je do prim\u00e1rek p\u0159ihl\u00e1\u0161en, pak budou \u010dlenov\u00e9 strany hlasovat pro a proti jeho kandidatu\u0159e,&#8220; \u0159ekl \u0161\u00e9f Svobodn\u00fdch Petr Mach.<br \/>\nPokud bude Jakl vybr\u00e1n, strana za\u010dne sb\u00edrat podpisy pod petici za jeho kandidaturu.<br \/>\nSvobodn\u00ed podle Macha sledovali Jakla del\u0161\u00ed dobu. Imponuje jim zejm\u00e9na to, \u017ee by obhajoval n\u00e1zory jejich strany. Podle n\u011bj by Jakl nap\u0159\u00edklad nikdy nepodepsal fisk\u00e1ln\u00ed pakt nebo Lisabonskou smlouvu.<\/p>\n","protected":false},"excerpt":{"rendered":"<p>Pr\u00e1vo 29. 5. 2012 str. 2 Ladislav Jakl, tajemn\u00edk prezidenta V\u00e1clava Klause, by se mohl za\u0159adit mezi prezidentsk\u00e9 kandid\u00e1ty v p\u0159\u00edm\u00e9 volb\u011b. A to v dresu Strany svobodn\u00fdch ob\u010dan\u016f.<\/p>\n","protected":false},"author":1,"featured_media":0,"comment_status":"open","ping_status":"open","sticky":false,"template":"","format":"standard","meta":{"ngg_post_thumbnail":0,"footnotes":""},"categories":[11],"tags":[],"class_list":["post-1916","post","type-post","status-publish","format-standard","hentry","category-ozvena"],"_links":{"self":[{"href":"https:\/\/www.ladislavjakl.cz\/index.php?rest_route=\/wp\/v2\/posts\/1916","targetHints":{"allow":["GET"]}}],"collection":[{"href":"https:\/\/www.ladislavjakl.cz\/index.php?rest_route=\/wp\/v2\/posts"}],"about":[{"href":"https:\/\/www.ladislavjakl.cz\/index.php?rest_route=\/wp\/v2\/types\/post"}],"author":[{"embeddable":true,"href":"https:\/\/www.ladislavjakl.cz\/index.php?rest_route=\/wp\/v2\/users\/1"}],"replies":[{"embeddable":true,"href":"https:\/\/www.ladislavjakl.cz\/index.php?rest_route=%2Fwp%2Fv2%2Fcomments&post=1916"}],"version-history":[{"count":2,"href":"https:\/\/www.ladislavjakl.cz\/index.php?rest_route=\/wp\/v2\/posts\/1916\/revisions"}],"predecessor-version":[{"id":1918,"href":"https:\/\/www.ladislavjakl.cz\/index.php?rest_route=\/wp\/v2\/posts\/1916\/revisions\/1918"}],"wp:attachment":[{"href":"https:\/\/www.ladislavjakl.cz\/index.php?rest_route=%2Fwp%2Fv2%2Fmedia&parent=1916"}],"wp:term":[{"taxonomy":"category","embeddable":true,"href":"https:\/\/www.ladislavjakl.cz\/index.php?rest_route=%2Fwp%2Fv2%2Fcategories&post=1916"},{"taxonomy":"post_tag","embeddable":true,"href":"https:\/\/www.ladislavjakl.cz\/index.php?rest_route=%2Fwp%2Fv2%2Ftags&post=1916"}],"curies":[{"name":"wp","href":"https:\/\/api.w.org\/{rel}","templated":true}]}}