{"id":1924,"date":"2012-06-01T15:13:34","date_gmt":"2012-06-01T13:13:34","guid":{"rendered":"http:\/\/www.ladislavjakl.cz\/?p=1924"},"modified":"2012-06-01T15:13:34","modified_gmt":"2012-06-01T13:13:34","slug":"jakl-prezidentem-nepripustne","status":"publish","type":"post","link":"https:\/\/www.ladislavjakl.cz\/?p=1924","title":{"rendered":"Jakl prezidentem &#8211; nep\u0159\u00edpustn\u00e9"},"content":{"rendered":"<p>P\u0159ed n\u011bkolika dny se v nej\u010dten\u011bj\u0161\u00edch internetov\u00fdch  novin\u00e1ch objevila zpr\u00e1va o kandidatu\u0159e Ladislava Jakla na post  prezidenta republika. Ur\u010ditou \u010d\u00e1st ve\u0159ejnosti jeho kandidatura za\u010dla  re\u00e1ln\u011b zaj\u00edmat ve chv\u00edli, kdy v jednom rozhovoru &#8211; snad z\u010d\u00e1sti z legrace  &#8211; na ot\u00e1zku, kdo by byl dobr\u00fdm prezidentem, odpov\u011bd\u011bl: &#8222;J\u00e1.&#8220; Netrvalo  dlouho a pravd\u011bpodobn\u011b bude kandid\u00e1tem Svobodn\u00fdch. Pro\u010d by ne, Jakl  Svobodn\u00e9 volil a ideov\u011b je stran\u011b bl\u00edzk\u00fd.<\/p>\n<p><!--more--><\/p>\n<div>\n<p>M\u00e9dii nao\u010dkovan\u00ed \u010dten\u00e1\u0159i maj\u00ed spr\u00e1vn\u00fd n\u00e1zor, \u017ee n\u00e1\u0161 prezident <strong>Klaus je ostuda sv\u011bta<\/strong>,  vystupuje proti EU jen aby se zviditelnil (co\u017e pr\u00fd ho bav\u00ed, jeliko\u017e je  to exhibicionista), p\u0159i\u010dem\u017e vrcholem bylo, kdy\u017e podpo\u0159il sv\u00e9ho  v\u00edcekancl\u00e9\u0159e v n\u00e1zoru, \u017ee konzervativn\u00ed prim\u00e1tor by nem\u011bl ofici\u00e1ln\u011b  jm\u00e9nem m\u011bsta vyjad\u0159ovat podporu (nikoli toleranci, ale podporu)  homosexu\u00e1ln\u00ed par\u00e1d\u011b Prague Pride. To je nep\u0159\u00edpustn\u00e9. M\u00e9dia i \u010dten\u00e1\u0159e a  poslucha\u010de nejv\u00edc bol\u00ed snad to, \u017ee pr\u00e1v\u011b proti dogmatu <strong>jedin\u00e9ho spr\u00e1vn\u00e9ho n\u00e1zoru <\/strong>Ladislav Jakl vystupuje.<\/p>\n<p style=\"text-align: center;\"><em><strong>&#8222;To, jak o ur\u010dit\u00fdch [na\u0161ich]  n\u00e1zorech tohoto typu referuje medi\u00e1ln\u00ed fronta, to toti\u017e nen\u00ed v\u016fbec  kritika, to nen\u00ed polemika, to je snaha vylou\u010dit ur\u010ditou skupinu my\u0161len\u00ed z  ve\u0159ejn\u00e9 diskuze. Naprosto ji vylou\u010dit, diskvalifikovat ji\u017e dop\u0159edu &#8211; ne  jako mylnou, ne jako chybnou, ne jako popletenou, hloupou, ale jako  nep\u0159ijatelnou, nepat\u0159\u00edc\u00ed do b\u011b\u017en\u00e9 debaty mezi slu\u0161n\u00fdmi lidmi.&#8220;<\/strong><\/em><br \/>\n&#8211; Ladislav Jakl<\/p>\n<p style=\"text-align: center;\"><em><strong>&#8222;Tehdy i dnes jsou vysm\u00edv\u00e1ni,  ok\u0159ikov\u00e1ni a ur\u00e1\u017eeni v\u0161ichni ti, kdo si dovol\u00ed nej\u00edt s pokrokov\u00fdm  mainstreamem. Tehdy i dnes nen\u00ed \u00fa\u010delem koment\u00e1\u0159\u016f argumentovat \u010di  polemizovat, ale diskreditovat a vylou\u010dit z diskuse ty, kte\u0159\u00ed se  neza\u0159adili.&#8220;<\/strong><\/em><br \/>\n&#8211; Ladislav Jakl<\/p>\n<p>Svou pr\u00e1ci m\u00e9dia takt\u00e9\u017e p\u0159edvedla, kdy\u017e se kdysi hovo\u0159ilo o Muchov\u011b  epopeji. K tomu se vyj\u00e1d\u0159il i Jakl, sv\u016fj p\u0159\u00edsp\u011bvek za\u010dal v\u011btou:\u00a0<em><strong>&#8222;V\u00fdtvarn\u00e9mu um\u011bn\u00ed houby rozum\u00edm.&#8220;<\/strong><\/em> Co z toho ud\u011blala m\u00e9dia? <em><strong>&#8222;Jak je odborn\u00edkem na um\u011bn\u00ed.&#8220;<\/strong><\/em> O tehdy vd\u011b\u010dn\u00fdch (a u kritik\u016f st\u00e1le opakovan\u00fdch) t\u00e9matech jsem psal p\u0159ed necel\u00fdmi dv\u011bma lety \u010dl\u00e1nek <a href=\"http:\/\/jirirybar.blog.idnes.cz\/c\/151036\/Dalsi-epizoda-medialniho-fakace-smerem-na-Hrad.html\">Dal\u0161\u00ed epizoda medi\u00e1ln\u00edho fak\u00e1\u010de sm\u011brem na Hrad<\/a>.<\/p>\n<p>Poslu\u0161n\u00fd \u010dten\u00e1\u0159 a div\u00e1k <a href=\"http:\/\/tydlitatova.blog.idnes.cz\/c\/151026\/Jiri-Paroubek-na-Hrad.html\">dnes ji\u017e velmi dob\u0159e v\u00ed<\/a>, \u017ee Jakl odpov\u00edd\u00e1 popisu: <em><strong>&#8222;Ta  sb\u00edrka Cimrman\u016f, kte\u0159\u00ed si hraj\u00ed na um\u011bleck\u00e9 kritiky, klimatology,  disidenty proti EU, pop\u00edraj\u00ed evoluci, broj\u00ed proti sexu\u00e1ln\u00ed v\u00fdchov\u011b d\u011bt\u00ed a  p\u00ed\u0161\u00ed o nama\u0161t\u011bn\u00e9m pt\u00e1kovi, zat\u00edmco ostatn\u00ed lid\u00e9 \u0159e\u0161\u00ed \u00fapln\u011b jin\u00e9 a  mnohem bolestn\u011bj\u0161\u00ed probl\u00e9my.&#8220;<\/strong><\/em> <a href=\"http:\/\/zpravy.idnes.cz\/domaci.aspx?c=A100814_090135_domaci_vem\">V\u00ed prost\u011b v\u0161echno.<\/a> Nav\u00edc nechce zakazovat ani kou\u0159en\u00ed, ani \u017e\u00e1rovky. A to nen\u00ed modern\u00ed a pokrokov\u00e9.<\/p>\n<p>K tomu v\u0161emu uzn\u00e1v\u00e1 <strong>princip svodoby<\/strong> a pr\u00e1va <strong>nad principem demokracie<\/strong>. To znamen\u00e1, \u017ee <em>&#8222;lid\u00e9 ve svobodn\u00e9 spole\u010dnosti maj\u00ed pr\u00e1vo&#8220;<\/em> je d\u016fle\u017eit\u011bj\u0161\u00ed ne\u017e <em>&#8222;lid\u00e9 cht\u011bj\u00ed&#8220;<\/em>.<\/p>\n<p>Op\u011bt jsou to hlavn\u011b m\u00e9dia, kter\u00e1 vyvol\u00e1vaj\u00ed pocit, \u017ee lid\u00e9 po\u0159\u00e1d n\u011bco  cht\u011bj\u00ed, hodilo by se skoro \u0159\u00edct &#8222;n\u00e1rod n\u011bco chce&#8220;, ale \u017ee politici jsou  ti zl\u00ed, kte\u0159\u00ed jim to necht\u011bj\u00ed povolit (paradoxn\u011b jde hlavn\u011b o vol\u00e1n\u00ed po  z\u00e1kazech). \u017de m\u00e1me v tuto chv\u00edli ve sn\u011bmovn\u011b tak ot\u0159esnou sestavu, to  je na jinou debatu. Jakl si stoj\u00ed na sv\u00fdch principech a nepodl\u00e9h\u00e1  medi\u00e1ln\u00edm tane\u010dk\u016fm.\u00a0Kdo se ov\u0161em v dne\u0161n\u00ed dob\u011b pere za principy a ideje,  je <a href=\"http:\/\/www.vojtechvondra.cz\/postrehy\/politika\/s-jaklem-do-snemovny\">ozna\u010den<\/a> za fundamentalistu. On trv\u00e1 na tom, aby byl trh svobodn\u00fd a lid\u00e9 se sami  rozhodli, nap\u0159\u00edklad \u010d\u00edm budou sv\u00edtit, ale to je p\u0159ece d\u00e1vno <strong>p\u0159ekonan\u00e9<\/strong>, proto\u017ee v\u0161ichni v\u00edme, \u017ee se z\u00e1\u0159ivkama u\u0161et\u0159\u00edme, a komu to nedo\u0161lo, tomu to p\u0159ik\u00e1\u017eem z\u00e1konem. Pro jeho dobro!<\/p>\n<p>Nen\u00ed tedy divu, \u017ee je a bude k Ladislavu Jaklovi\u00a0tolik kritick\u00fdch  (skoro a\u017e nen\u00e1vistn\u00fdch) koment\u00e1\u0159\u016f. A jeliko\u017e nadvl\u00e1da m\u00e9di\u00ed &#8211; kter\u00e1 maj\u00ed  hlavn\u00ed z\u00e1sluhu na tom, \u017ee vlastn\u011b p\u0159\u00edmou volbu prezidenta m\u00e1me,  p\u0159esto\u017ee ned\u00e1v\u00e1 v na\u0161em \u00fastavn\u00edm po\u0159\u00e1dku \u017e\u00e1dn\u00fd smysl &#8211; jen tak  nep\u0159estane, vyberou n\u00e1m nejsp\u00ed\u0161 i jm\u00e9no nov\u00e9ho prezidenta. V\u011bt\u0161ina lid\u00ed  p\u016fjde volit pro sv\u016fj pocit, p\u0159itom ale budou jen plnit dom\u00e1c\u00ed \u00fakol  zadan\u00fd v televizi. Ani minutu nepochybuji o tom, \u017ee <strong>V\u00e1clav Moravec<\/strong> a jeho t\u00fdm ud\u011blaj\u00ed z p\u0159edvolebn\u00edch debat show jako p\u0159ed parlamentn\u00edmi volbami, kde lid\u00e9 budou m\u00edt <strong>dresy t\u011bch, kter\u00e9 podporuj\u00ed<\/strong>, jako by \u0161lo o n\u011bjak\u00e9 fotbalov\u00e9 utk\u00e1n\u00ed nebo <strong>sout\u011b\u017e na \u00farovni SuperStar<\/strong>.<\/p>\n<p>P\u0159ed zamy\u0161len\u00edm si je\u0161t\u011b p\u0159e\u010dt\u011bte kr\u00e1tk\u00fd text <a href=\"http:\/\/mmister.com\/jakl-4-president\/\">Jakl 4 President<\/a> od Martina P\u00e1nka, v\u010d. obr\u00e1zku na konci.\u00a0Ze sou\u010dasn\u00fdch kandid\u00e1t\u016f je to jedin\u00fd zast\u00e1nce osobn\u00ed svobody a voln\u00e9ho trhu.<\/p>\n<p>P.S.: Pokud se pt\u00e1te na m\u016fj n\u00e1zor, pro m\u011b je ide\u00e1ln\u00edm prezidentsk\u00fdm kandid\u00e1tem pan Ji\u0159\u00ed Payne.<\/p>\n<p><a href=\"http:\/\/jirirybar.blog.idnes.cz\/c\/270571\/Jakl-prezidentem-nepripustne.html\" target=\"_blank\">Zdroj<\/a><\/div>\n","protected":false},"excerpt":{"rendered":"<p>P\u0159ed n\u011bkolika dny se v nej\u010dten\u011bj\u0161\u00edch internetov\u00fdch novin\u00e1ch objevila zpr\u00e1va o kandidatu\u0159e Ladislava Jakla na post prezidenta republika. Ur\u010ditou \u010d\u00e1st ve\u0159ejnosti jeho kandidatura za\u010dla re\u00e1ln\u011b zaj\u00edmat ve chv\u00edli, kdy v jednom rozhovoru &#8211; snad z\u010d\u00e1sti z legrace &#8211; na ot\u00e1zku, kdo by byl dobr\u00fdm prezidentem, odpov\u011bd\u011bl: &#8222;J\u00e1.&#8220; Netrvalo dlouho a pravd\u011bpodobn\u011b bude kandid\u00e1tem Svobodn\u00fdch. Pro\u010d [&hellip;]<\/p>\n","protected":false},"author":1,"featured_media":0,"comment_status":"open","ping_status":"open","sticky":false,"template":"","format":"standard","meta":{"ngg_post_thumbnail":0,"footnotes":""},"categories":[11],"tags":[],"class_list":["post-1924","post","type-post","status-publish","format-standard","hentry","category-ozvena"],"_links":{"self":[{"href":"https:\/\/www.ladislavjakl.cz\/index.php?rest_route=\/wp\/v2\/posts\/1924","targetHints":{"allow":["GET"]}}],"collection":[{"href":"https:\/\/www.ladislavjakl.cz\/index.php?rest_route=\/wp\/v2\/posts"}],"about":[{"href":"https:\/\/www.ladislavjakl.cz\/index.php?rest_route=\/wp\/v2\/types\/post"}],"author":[{"embeddable":true,"href":"https:\/\/www.ladislavjakl.cz\/index.php?rest_route=\/wp\/v2\/users\/1"}],"replies":[{"embeddable":true,"href":"https:\/\/www.ladislavjakl.cz\/index.php?rest_route=%2Fwp%2Fv2%2Fcomments&post=1924"}],"version-history":[{"count":1,"href":"https:\/\/www.ladislavjakl.cz\/index.php?rest_route=\/wp\/v2\/posts\/1924\/revisions"}],"predecessor-version":[{"id":1925,"href":"https:\/\/www.ladislavjakl.cz\/index.php?rest_route=\/wp\/v2\/posts\/1924\/revisions\/1925"}],"wp:attachment":[{"href":"https:\/\/www.ladislavjakl.cz\/index.php?rest_route=%2Fwp%2Fv2%2Fmedia&parent=1924"}],"wp:term":[{"taxonomy":"category","embeddable":true,"href":"https:\/\/www.ladislavjakl.cz\/index.php?rest_route=%2Fwp%2Fv2%2Fcategories&post=1924"},{"taxonomy":"post_tag","embeddable":true,"href":"https:\/\/www.ladislavjakl.cz\/index.php?rest_route=%2Fwp%2Fv2%2Ftags&post=1924"}],"curies":[{"name":"wp","href":"https:\/\/api.w.org\/{rel}","templated":true}]}}