{"id":1926,"date":"2012-06-01T15:14:51","date_gmt":"2012-06-01T13:14:51","guid":{"rendered":"http:\/\/www.ladislavjakl.cz\/?p=1926"},"modified":"2012-06-01T15:14:51","modified_gmt":"2012-06-01T13:14:51","slug":"klausuv-jakl-se-stal-predsedou-prvni-pivni-extraligy","status":"publish","type":"post","link":"https:\/\/www.ladislavjakl.cz\/?p=1926","title":{"rendered":"Klaus\u016fv Jakl se stal p\u0159edsedou Prvn\u00ed pivn\u00ed extraligy"},"content":{"rendered":"<p>Valnou hromadou bylo ve st\u0159edu v Praze ustaveno ob\u010dansk\u00e9 sdru\u017een\u00ed Prvn\u00ed  pivn\u00ed extraliga. P\u0159edsedou byl zvolen tajemn\u00edk prezidenta republiky  Ladislav Jakl.<\/p>\n<p><!--more--><\/p>\n<p>M\u00edstop\u0159edsedy se stali Petr Buri\u00e1nek a Jan Suran. \u201eSdru\u017een\u00ed se bude  zab\u00fdvat odborn\u00fdmi degustacemi a propagovat kvalitu a rozmanitost na  \u010desk\u00e9m pivn\u00edm trhu,\u201c informoval Parlamentn\u00edListy.cz Ladislav Jakl.<\/p>\n<p>Jakl je zn\u00e1m\u00fdm milovn\u00edkem piva. Ned\u00e1vno se nap\u0159\u00edklad s prezidentem  V\u00e1clavem Klausem z\u00fa\u010dastnil slavnostn\u00edho otev\u0159en\u00ed mikropivovaru a  restaurace u T\u0159\u00ed r\u016f\u017e\u00ed v Husov\u011b ulici na Star\u00e9m M\u011bst\u011b.<\/p>\n<p>&#8222;M\u00e1m doma rozs\u00e1hlou pivot\u00e9ku, ur\u010dit\u011b 100, mo\u017en\u00e1 150, n\u011bkdy 200 r\u016fzn\u00fdch  druh\u016f piv a tak ty dv\u011b za ten ve\u010der ochutn\u00e1m a dost \u010dasto jsou to  takov\u00e9, kter\u00e9 jsem nepil nikdy v\u00a0\u017eivot\u011b nebo po dlouh\u00e9 dob\u011b. Jsou to  piva z\u00a0cel\u00e9 republiky, z\u00a0cel\u00e9ho sv\u011bta. M\u00e1m hodn\u011b p\u0159\u00e1tel, kte\u0159\u00ed mi voz\u00ed  r\u016fzn\u00e9 vzorky nebo si je voz\u00edm s\u00e1m. Skoro ka\u017ed\u00fd den piju n\u011bco jin\u00e9ho a  zhruba tak ty dv\u011b piva. V\u00edc doma ne. Pokud v\u00edc, tak na akc\u00edch zvl\u00e1\u0161\u0165  k\u00a0tomu ur\u010den\u00fdch. Nejsem takov\u00fdm t\u00edm doma pop\u00edjej\u00edc\u00edm \u010dlov\u011bkem. Tak  hluboko jsem je\u0161t\u011b neklesl,&#8220; \u0159ekl p\u0159ed \u010dasem Parlamentn\u00edmList\u016fm.cz Jakl.<\/p>\n<p><a href=\"http:\/\/www.parlamentnilisty.cz\/zpravy\/Klausuv-Jakl-se-stal-predsedou-Prvni-pivni-extraligy-234452\" target=\"_blank\">Zdroj<\/a><\/p>\n","protected":false},"excerpt":{"rendered":"<p>Valnou hromadou bylo ve st\u0159edu v Praze ustaveno ob\u010dansk\u00e9 sdru\u017een\u00ed Prvn\u00ed pivn\u00ed extraliga. P\u0159edsedou byl zvolen tajemn\u00edk prezidenta republiky Ladislav Jakl.<\/p>\n","protected":false},"author":1,"featured_media":0,"comment_status":"open","ping_status":"open","sticky":false,"template":"","format":"standard","meta":{"ngg_post_thumbnail":0,"footnotes":""},"categories":[11],"tags":[],"class_list":["post-1926","post","type-post","status-publish","format-standard","hentry","category-ozvena"],"_links":{"self":[{"href":"https:\/\/www.ladislavjakl.cz\/index.php?rest_route=\/wp\/v2\/posts\/1926","targetHints":{"allow":["GET"]}}],"collection":[{"href":"https:\/\/www.ladislavjakl.cz\/index.php?rest_route=\/wp\/v2\/posts"}],"about":[{"href":"https:\/\/www.ladislavjakl.cz\/index.php?rest_route=\/wp\/v2\/types\/post"}],"author":[{"embeddable":true,"href":"https:\/\/www.ladislavjakl.cz\/index.php?rest_route=\/wp\/v2\/users\/1"}],"replies":[{"embeddable":true,"href":"https:\/\/www.ladislavjakl.cz\/index.php?rest_route=%2Fwp%2Fv2%2Fcomments&post=1926"}],"version-history":[{"count":1,"href":"https:\/\/www.ladislavjakl.cz\/index.php?rest_route=\/wp\/v2\/posts\/1926\/revisions"}],"predecessor-version":[{"id":1927,"href":"https:\/\/www.ladislavjakl.cz\/index.php?rest_route=\/wp\/v2\/posts\/1926\/revisions\/1927"}],"wp:attachment":[{"href":"https:\/\/www.ladislavjakl.cz\/index.php?rest_route=%2Fwp%2Fv2%2Fmedia&parent=1926"}],"wp:term":[{"taxonomy":"category","embeddable":true,"href":"https:\/\/www.ladislavjakl.cz\/index.php?rest_route=%2Fwp%2Fv2%2Fcategories&post=1926"},{"taxonomy":"post_tag","embeddable":true,"href":"https:\/\/www.ladislavjakl.cz\/index.php?rest_route=%2Fwp%2Fv2%2Ftags&post=1926"}],"curies":[{"name":"wp","href":"https:\/\/api.w.org\/{rel}","templated":true}]}}