{"id":1935,"date":"2012-06-05T10:43:47","date_gmt":"2012-06-05T08:43:47","guid":{"rendered":"http:\/\/www.ladislavjakl.cz\/?p=1935"},"modified":"2012-06-05T10:45:24","modified_gmt":"2012-06-05T08:45:24","slug":"petr-mach-o-kandidature-ladislava-jakla-na-prezidenta-za-svobodne","status":"publish","type":"post","link":"https:\/\/www.ladislavjakl.cz\/?p=1935","title":{"rendered":"Petr Mach o kandidatu\u0159e Ladislava Jakla na prezidenta za Svobodn\u00e9"},"content":{"rendered":"<p>Video uvnit\u0159 \u010dl\u00e1nku.<br \/>\n<!--more--><br \/>\n<iframe loading=\"lazy\" width=\"418\" height=\"235\" src=\"http:\/\/www.youtube.com\/embed\/-g5l3bbwiws\" frameborder=\"0\" allowfullscreen><\/iframe><\/p>\n<p><a href=\"http:\/\/sowa.quicksnake.cz\/Ladislav-Jakl\/Petr-Mach-o-kandidature-Ladislava-Jakla-na-prezidenta-za-Svobodne\" target=\"_blank\">Zdroj<\/a><\/p>\n","protected":false},"excerpt":{"rendered":"<p>Video uvnit\u0159 \u010dl\u00e1nku.<\/p>\n","protected":false},"author":1,"featured_media":0,"comment_status":"open","ping_status":"open","sticky":false,"template":"","format":"standard","meta":{"ngg_post_thumbnail":0,"footnotes":""},"categories":[11],"tags":[],"class_list":["post-1935","post","type-post","status-publish","format-standard","hentry","category-ozvena"],"_links":{"self":[{"href":"https:\/\/www.ladislavjakl.cz\/index.php?rest_route=\/wp\/v2\/posts\/1935","targetHints":{"allow":["GET"]}}],"collection":[{"href":"https:\/\/www.ladislavjakl.cz\/index.php?rest_route=\/wp\/v2\/posts"}],"about":[{"href":"https:\/\/www.ladislavjakl.cz\/index.php?rest_route=\/wp\/v2\/types\/post"}],"author":[{"embeddable":true,"href":"https:\/\/www.ladislavjakl.cz\/index.php?rest_route=\/wp\/v2\/users\/1"}],"replies":[{"embeddable":true,"href":"https:\/\/www.ladislavjakl.cz\/index.php?rest_route=%2Fwp%2Fv2%2Fcomments&post=1935"}],"version-history":[{"count":2,"href":"https:\/\/www.ladislavjakl.cz\/index.php?rest_route=\/wp\/v2\/posts\/1935\/revisions"}],"predecessor-version":[{"id":1937,"href":"https:\/\/www.ladislavjakl.cz\/index.php?rest_route=\/wp\/v2\/posts\/1935\/revisions\/1937"}],"wp:attachment":[{"href":"https:\/\/www.ladislavjakl.cz\/index.php?rest_route=%2Fwp%2Fv2%2Fmedia&parent=1935"}],"wp:term":[{"taxonomy":"category","embeddable":true,"href":"https:\/\/www.ladislavjakl.cz\/index.php?rest_route=%2Fwp%2Fv2%2Fcategories&post=1935"},{"taxonomy":"post_tag","embeddable":true,"href":"https:\/\/www.ladislavjakl.cz\/index.php?rest_route=%2Fwp%2Fv2%2Ftags&post=1935"}],"curies":[{"name":"wp","href":"https:\/\/api.w.org\/{rel}","templated":true}]}}