{"id":1938,"date":"2012-06-05T10:48:48","date_gmt":"2012-06-05T08:48:48","guid":{"rendered":"http:\/\/www.ladislavjakl.cz\/?p=1938"},"modified":"2012-06-05T10:48:48","modified_gmt":"2012-06-05T08:48:48","slug":"svejnar-prevezl-jakla-nebo-neprevezl","status":"publish","type":"post","link":"https:\/\/www.ladislavjakl.cz\/?p=1938","title":{"rendered":"\u0160vejnar p\u0159evezl Jakla. Nebo nep\u0159evezl?"},"content":{"rendered":"<p><strong><strong>M\u011bl to b\u00fdt institut, ze kter\u00e9ho si \u010cesk\u00e1 republika  sedne na zadek. Think-tank, na kter\u00fd jsme tady netrp\u011bliv\u011b \u010dekali.  Nakonec to nen\u00ed tak hork\u00e9. Nejsp\u00ed\u0161e jste o n\u011bm ani nesly\u0161eli. Jako j\u00e1.<\/strong><\/strong><\/p>\n<p><strong><strong><!--more--><br \/>\n<\/strong><\/strong><\/p>\n<p>Bylo to v dob\u011b, kdy t\u00e9m\u011b\u0159 nezn\u00e1m\u00fd \u010cechoameri\u010dan Jan \u0160vejnar p\u0159ijel ze  z\u00e1mo\u0159\u00ed ozn\u00e1mit, \u017ee bude kandidovat na prezidenta. A jak to tak b\u00fdv\u00e1 u  lid\u00ed, kte\u0159\u00ed dlouho \u017eij\u00ed v cizin\u011b a ztrat\u00ed p\u0159ehled o tom, co se u n\u00e1s  d\u011bje \u010di ned\u011bje, pojal \u00famysl vybudovat zde velk\u00fd nez\u00e1visl\u00fd think-tank,  proto\u017ee to je v Americe b\u011b\u017en\u00e9 (rozum\u011bj, tady jsme zaostal\u00ed).<\/p>\n<p>&#8222;Co n\u00e1m sch\u00e1z\u00ed, je n\u011bco, \u010demu se v anglosask\u00e9m americk\u00e9m sv\u011bt\u011b \u0159\u00edk\u00e1  think-tank neboli instituce, kter\u00e1 je nez\u00e1visl\u00e1, neziskov\u00e1,  nadstranick\u00e1,&#8220; pou\u010doval n\u00e1s tehdy \u0160vejnar. N\u011bco takov\u00e9ho chce pr\u00fd v  Praze zalo\u017eit, sliboval p\u0159ed \u010dty\u0159mi lety.<\/p>\n<p>Pen\u00edze by m\u011bl z\u00edsk\u00e1vat od bohat\u00fdch sponzor\u016f. &#8222;Jsem ochoten promluvit s  co nejv\u011bt\u0161\u00ed skupinou lid\u00ed, kte\u0159\u00ed jsou jednak majetn\u00ed a jednak maj\u00ed  rozhled&#8230; takov\u00ed jako\u017ee \u010de\u0161t\u00ed Rockefelle\u0159i,&#8220; vysv\u011btlil Rockefeller\u016fv  poskok, kde by na sv\u016fj projekt vzal pen\u00edze.<\/p>\n<p>Jeho t\u00fdm mu naopak nevysv\u011btlil, \u017ee v \u010cesku m\u00e1me think-tank\u016f u\u017e asi  t\u0159icet (jak je tak po\u010d\u00edt\u00e1m). Nebo vysv\u011btlil, ale \u017e\u00e1dn\u00fd z nich se Janu  \u0160vejnarovi nezd\u00e1l a cht\u011bl m\u00edt n\u011bjak\u00fd sv\u016fj. Vlastn\u00ed. Co\u017e je ale zvl\u00e1\u0161tn\u00ed,  proto\u017ee na p\u00e1r pravicov\u00fdch v\u00fdjimek (CEP, CDK apod.) jsou to vesm\u011bs  think-tanky pravdol\u00e1ska\u0159sk\u00e9 provenience. Skoro bych \u0159ekl, \u017ee je zde  p\u0159ethinktankov\u00e1no&#8230;<\/p>\n<p>Posu\u010fte sami. CEVRO, Centrum pro ekonomiku a politiku (CEP), Institut  pro studium ekonomiky a politiky (ISEP), Liber\u00e1ln\u00ed institut (LI),  Ob\u010dansk\u00fd institut (OI), Centrum pro demokracii a kulturu (CDK), Evropsk\u00e9  hodnoty, Masarykova demokratick\u00e1 akademie (MDA), eStat, CERGE, L\u00edpa,  CEELI Institut, Program of Atlantic Security Studies (PASS), Newyorsk\u00e1  univerzita v Praze, Asociace pro mezin\u00e1rodn\u00ed ot\u00e1zky (AMO), Centrum  bezpe\u010dnostn\u00edch studi\u00ed, \u00dastav mezin\u00e1rodn\u00edch vztah\u016f (IIR), Czech-Israeli  Forum, Institut pro soci\u00e1ln\u00ed a ekonomick\u00e9 anal\u00fdzy (ISEA), Prague  Security Studies Institute (PSSI), Institut pro ekonomickou a  ekologickou politiku (IEEP), Centrum pro soci\u00e1ln\u011b-tr\u017en\u00ed ekonomiku a  otev\u0159enou demokracii (CESTA), Rada pro mezin\u00e1rodn\u00ed vztahy (\u010desk\u00e1 pobo\u010dka  CFR), \u010cesk\u00e1 pobo\u010dka \u0158\u00edmsk\u00e9ho klubu, \u010desk\u00e1 pobo\u010dka Aspen Institutu,  Prague Twenty,\u00a0 ELAI Prague, Ano pro Evropu, Institut pro evropskou  politiku EUROPEUM, Sdru\u017een\u00ed pro podporu otev\u0159en\u00e9 spole\u010dnosti &#8211; PASOS,  Demas &#8211; Asociace pro podporu demokracie a lidsk\u00fdch pr\u00e1v. A tak v\u0161elijak  podobn\u011b.<\/p>\n<p>\u0160vejnar nakonec v prezidentsk\u00e9m kl\u00e1n\u00ed prohr\u00e1l a vr\u00e1til se, odkud  p\u0159i\u0161el. Kdy\u017e ho pozd\u011bji \u010cSSD l\u00e1kala alespo\u0148 do sen\u00e1tn\u00edch voleb, vymluvil  se, \u017ee se chce v\u011bnovat p\u0159edev\u0161\u00edm zalo\u017een\u00ed sl\u00edben\u00e9ho think-tanku a na  dal\u0161\u00ed politick\u00e9 anga\u017em\u00e1 nem\u00e1 pr\u00fd pomy\u0161len\u00ed a vlastn\u011b ani \u010das.<\/p>\n<p>Od t\u00e9 doby nebylo o Janu \u0160vejnarovi sly\u0161et, maxim\u00e1ln\u011b vystoupil na  n\u011bjak\u00e9 ideov\u00e9 konferenci nebo stranick\u00e9m sjezdu se sv\u00fdmi globalistick\u00fdmi  pl\u00e1ny, jak pozvednout \u010ceskou republiku, aby byla kone\u010dn\u011b sv\u011btov\u00e1.<\/p>\n<p>Vzpom\u00edn\u00e1m si je\u0161t\u011b, jak jsem p\u0159ed n\u011bkolika lety zji\u0161\u0165oval, zda se jeho  \u00famysl poda\u0159il &#8211; tehdy je\u0161t\u011b fungovala pouze jak\u00e1si provizorn\u00ed \u0160vejnarova  kancel\u00e1\u0159, kde telefony zvedal Daniel Hermann. Na v\u00edc nebyly pr\u00fd pen\u00edze,  think-tank v nedohlednu. To se psal za\u010d\u00e1tek roku 2009. Herman dnes  sekunduje Pavlu \u017d\u00e1\u010dkovi, kter\u00fd je\u0161t\u011b st\u00e1le neofici\u00e1ln\u011b \u0159\u00edd\u00ed \u00dastav pro  studium totalitn\u00edch re\u017eim\u016f, tak\u017ee to vypad\u00e1, \u017ee u\u017e ani ty telefony pro  \u0160vejnara nem\u00e1 kdo zvedat.<\/p>\n<p>Rok se n\u011bkolikr\u00e1t s rokem se\u0161el a Jan \u0160vejnar op\u011bt pom\u00fd\u0161l\u00ed dob\u00fdt s\u00eddlo  \u010desk\u00fdch kr\u00e1l\u016f. P\u0159i t\u00e9 p\u0159\u00edle\u017eitosti nen\u00ed od v\u011bci pod\u00edvat se, zda kone\u010dn\u011b  splnil sv\u016fj slib a dal zemi ten dlouho netrp\u011bliv\u011b vyhl\u00ed\u017een\u00fd think-tank.<\/p>\n<p>Nejen autor tohoto textu m\u011bl pocit, \u017ee takov\u00fd think-tank neexistuje,  proto\u017ee o n\u011bm nikdy nesly\u0161el. A nebyl s\u00e1m. Ani Ladislav Jakl, tajemn\u00edk  prezidenta republiky, netu\u0161\u00ed, zda \u0160vejnar sv\u00e1 slova dodr\u017eel. Sp\u00ed\u0161e to  vypad\u00e1, \u017ee si mysl\u00ed, \u017ee nedodr\u017eel.<\/p>\n<p>Pro Prvnizpravy.cz toti\u017e exkluzivn\u011b poznamenal: &#8222;P\u0159ed \u010dty\u0159mi lety  vytruboval Jan \u0160vejnar na v\u0161echny strany, \u017ee zakl\u00e1d\u00e1 n\u011bjak\u00fd institut.  Nev\u00edte, kdy tam bude p\u0159\u00ed\u0161t\u00ed semin\u00e1\u0159? T\u0159eba o v\u00fdvoji cen letenek do USA.  Za\u0161el bych tam,&#8220; \u0159\u00edk\u00e1 provokat\u00e9r Jakl, mimochodem mo\u017en\u00e1 \u0160vejnar\u016fv  protikandid\u00e1t, ironicky.<\/p>\n<p>To je dobr\u00e1 \u0159e\u010dnick\u00e1 ot\u00e1zka. Pana Jakla ale asi nepot\u011b\u0161\u00edm. Vid\u00edm v jeho  prohl\u00e1\u0161en\u00ed r\u00fdpnut\u00ed a mo\u017en\u00e1 i \u0161kodolibou radost z toho, \u017ee \u0160vejnar je  jen mluvka a sliby nedr\u017e\u00ed, ale na prezidenta by \u0161el. Ale ouha. J\u00e1 to  zji\u0161\u0165oval a v\u00fdsledek je tento:<\/p>\n<p>Jan \u0160vejnar think-tank zalo\u017eil!<\/p>\n<p>Nev\u011b\u0159\u00edte? Ale ano. A hned v roce 2009, tedy rok po prezidentsk\u00e9 volb\u011b.  Jin\u00fdmi slovy, jeho think-tank funguje v \u010cesku u\u017e \u010dtvrt\u00fdm rokem.<\/p>\n<p>A m\u00e1te to, pane Jakle. Co na to \u0159eknete? He.<\/p>\n<p>Sice je to trochu divn\u00e9, kdy\u017e jsem byl &#8211; jak jsem zmi\u0148oval v\u00fd\u0161e &#8211; v t\u00e9  dob\u011b panem Hermannem informov\u00e1n, \u017ee na nic takov\u00e9ho nejsou pen\u00edze a \u017ee  think-tank zat\u00edm nebude. Ale budi\u017e. V\u011b\u0159me tomu. Asi se zkr\u00e1tka nakonec  n\u011bjak\u00e9 pen\u00edze na\u0161ly. Jan \u0160vejnar prost\u011b slib splnil, think-tank zalo\u017eil.  Je to kabr\u0148\u00e1k.<\/p>\n<p>M\u00e1 to jen jeden mal\u00fd h\u00e1\u010dek. Nikdo o think-tanku z\u0159ejm\u011b nev\u00ed. Autor se  p\u0159itom dlouhodob\u011b zam\u011b\u0159uje na aktivity tzv. pravdol\u00e1ska\u0159\u016f, ale tento  po\u010din mu unikl. Upozornit na n\u011bj mne musel a\u017e \u0160vejnar\u016fv nejbli\u017e\u0161\u00ed  spolupracovn\u00edk z doby jeho prezidentsk\u00e9 kampan\u011b Karel Matou\u0161ek.<\/p>\n<p>Karel Matou\u0161ek mne vlastn\u011b zachr\u00e1nil. Neb\u00fdt jeho, asi po \u0160vejnarov\u011b  think-tanku p\u00e1tr\u00e1m dodnes. Kdy\u017e \u0160vejnar kandidoval, zalo\u017eil si sv\u00e9  webov\u00e9 str\u00e1nky, aby nevypadal jako n\u011bjak\u00fd p\u0159ivandrovalec. Napsal jsem  proto na jejich ofici\u00e1ln\u00ed kontaktn\u00ed adresu, jak to s t\u00edm think-tankem  tedy je. Dosud mi nikdo neodpov\u011bd\u011bl.<\/p>\n<p>A\u017e pak mne napadla ta sp\u00e1sn\u00e1 my\u0161lenka s Karlem Matou\u0161kem. Tyk\u00e1me si. Ne  proto, \u017ee bychom byli kamar\u00e1di (ve skute\u010dnosti o mn\u011b Karel na internetu  dokonce p\u00ed\u0161e, \u017ee mi rozbije hubu, a\u017e mne potk\u00e1), ale proto\u017ee je Karel  drz\u00fd a za\u010dal mi tykat s\u00e1m od sebe a j\u00e1 si to nenechal l\u00edbit. A proto\u017ee  mi tedy \u010dasto p\u00ed\u0161e zlostn\u00e9 maily nebo rozl\u00edcen\u00e9 vzkazy na facebooku,  vzpomn\u011bl jsem si na n\u011bj &#8211; jako nejbli\u017e\u0161\u00ed kolega Jana \u0160vejnara to snad  bude v\u011bd\u011bt. Napsal jsem mu. Zalo\u017eil vlastn\u011b \u0160vejnar n\u011bco, jak sliboval,  nebo nezalo\u017eil?<\/p>\n<p>&#8222;Kdybys \u010detl n\u011bco jin\u00e9ho krom\u011b Fragment\u016f (internetov\u00fd zpravodaj bl\u00edzk\u00fd  Hradu, pozn. red.), tak bys to v\u011bd\u011bl. Jmenuje se IDEA a po\u0159\u00e1d\u00e1  pravideln\u00e9 akce. Si to nagoogluj, blbe\u010dku,&#8220; napsal mi sv\u00fdm  nezam\u011bniteln\u00fdm stylem spolupracovn\u00edk kandid\u00e1ta, co cht\u011bl srdce voli\u010d\u016f (a  bude nejsp\u00ed\u0161e cht\u00edt zase) z\u00edskat slovy o slu\u0161nosti a neagresivit\u011b v  politice.<\/p>\n<p>Pod\u011bkoval jsem Karlu Matou\u0161kovi, \u017ee jeho ostr\u00e9 v\u00fdroky se budou v \u010dl\u00e1nku  dob\u0159e vyj\u00edmat. &#8222;Jestli m\u00e1\u0161 na mysli &#8218;blbe\u010dku&#8216;, tak to je eufemismus.  Dopl\u0148 si &#8218;paranoidn\u00ed psychopate&#8216;, chce\u0161-li,&#8220; odepsal ten drsn\u00fd mu\u017e v  tmav\u00fdch br\u00fdl\u00edch.<\/p>\n<p>Na Matou\u0161kovy ur\u00e1\u017eky u\u017e jsem zvykl\u00fd, ale kl\u00ed\u010dov\u00e1 informace byla na  sv\u011bt\u011b. Think-tank se jmenuje IDEA (Institut pro demokracii a ekonomickou  anal\u00fdzu). No vida. Ani to nebyla takov\u00e1 detektivn\u00ed pr\u00e1ce, kdy\u017e \u010dlov\u011bk  v\u00ed, kde se zeptat. Jen netu\u0161\u00edm, pro\u010d to ti \u0161vejnarovci tak \u00fazkostliv\u011b  taj\u00ed a \u010dlov\u011bk to z nich mus\u00ed doslova p\u00e1\u010dit&#8230;<\/p>\n<p>Trochu jsem si tedy z Karla ud\u011blal legraci, \u017ee pot\u00e9, co jsem web  institutu IDEA proklikal, m\u00e1m pocit, \u017ee to je think-tank, kv\u016fli kter\u00e9mu  mus\u00ed Rockefeller sk\u0159\u00edpat zuby z\u00e1vist\u00ed. A \u017ee je proti tomu Tavistock  Institute hadr.<\/p>\n<p>Karel ale mus\u00ed m\u00edt v\u017edy posledn\u00ed slovo, a tak mi to vr\u00e1til: &#8222;Ad\u00e1mku  Breiviku B. (tak mne toti\u017e \u010dasto oslovuje), IDEA m\u00e1 rozpo\u010det n\u011bkolika  miliard dolar\u016f ro\u010dn\u011b. Nejv\u011bt\u0161\u00edmi sponzory jsou Bilderberg, Trilateral  Commission, zedn\u00e1\u0159sk\u00e1 lobby, Krausmagaz\u00edn a hlavn\u011b st\u00e1t Izrael. Jan  \u0160vejnar je pouze b\u00edl\u00fdm kon\u011bm. Ve skute\u010dnosti ji vede \u017eidobol\u0161evik,  zedn\u00e1\u0159 a sionista Michael &#8218;Shalom&#8216; Kraus z britsk\u00e9ho Middleburghu.  Douf\u00e1m, \u017ee jsem ti pomohl s Tv\u00fdm researchem.&#8220;<\/p>\n<p>Karel evidentn\u011b za\u010d\u00edn\u00e1 mluvit z cesty, u\u017e na n\u011bj nemohu spol\u00e9hat a pravdy se mus\u00edm dop\u00e1trat s\u00e1m.<\/p>\n<p>Vygoogluji si tedy str\u00e1nky institutu a sna\u017e\u00edm se zjistit, jak  think-tank funguje, co za \u010dty\u0159i roky vykonal a \u010d\u00edm se m\u016f\u017ee pochlubit.  Moc toho ale nen\u00ed. Skoro to vypad\u00e1, \u017ee se se\u0161el jen \u010dty\u0159ikr\u00e1t a  vpodstat\u011b nejde o nic nov\u00e9ho, jen o nov\u00fd v\u00fdhonek u\u017e l\u00e9ta funguj\u00edc\u00ed  star\u0161\u00ed \u0160vejnarovy instituce CERGE z 90. let.<\/p>\n<p>Mo\u017en\u00e1 jsem ale zaujat\u00fd, proto se ofici\u00e1ln\u011b dotazuji na uveden\u00e9m  kontaktu &#8211; jednak si chci ujasnit, zda je tento think-tank skute\u010dn\u011b to,  co Jan \u0160vejnar sliboval, jednak chci vid\u011bt v\u00fdro\u010dn\u00ed zpr\u00e1vy a zpr\u00e1vy o  hospoda\u0159en\u00ed v\u010detn\u011b sponzorsk\u00fdch dar\u016f.<\/p>\n<p>Odpov\u011b\u010f p\u0159i\u0161la u\u017e druh\u00fd den, ale radost jsem z n\u00ed nem\u011bl. V\u0161e pr\u00fd najdu  na jejich webov\u00fdch str\u00e1nk\u00e1ch, odpov\u00edd\u00e1 jak\u00fdsi Jan Straka, a to p\u0159esto,  \u017ee jsem mu psal, \u017ee po\u017eadovan\u00e9 informace nemohu na webov\u00fdch str\u00e1nk\u00e1ch  naj\u00edt a zda by mi tedy pomohl. To je mi tedy rada.<\/p>\n<p>&#8222;IDEA je projektem N\u00e1rodohospod\u00e1\u0159sk\u00e9ho \u00fastavu Akademie v\u011bd \u010cR,&#8220; dozv\u011bd\u011bl jsem se pouze.<\/p>\n<p>Moc tomu nerozum\u00edm. Tak je to ten zbrusu nov\u00fd think-tank, na jak\u00fd \u010cesk\u00e1  republika \u010dekala, nebo se jen p\u00e1r pracovn\u00edk\u016f z CERGE vyd\u011blilo pro nov\u00fd  projekt, aby to vypadalo, \u017ee \u0160vejnar dr\u017e\u00ed slovo&#8230;? Na tento mail u\u017e  odpov\u011b\u010f nep\u0159i\u0161la, stejn\u011b jako na moji n\u00e1mitku, \u017ee seznam sponzor\u016f nen\u00ed  tot\u00e9\u017e co zpr\u00e1va o hospoda\u0159en\u00ed.<\/p>\n<p>Po\u017eadoval jsem toti\u017e po pracovn\u00edc\u00edch think-tanku, aby mi poslali zpr\u00e1vu  o hospoda\u0159en\u00ed v\u010detn\u011b sponzorsk\u00fdch p\u0159\u00edsp\u011bvk\u016f. Odpov\u011bd\u00ed mi byl pouze  odkaz na loga sponzor\u016f. Mezi nimi sice najdeme Nadaci Zde\u0148ka Bakaly,  Deloitte, Ernst &amp; Young \u010di IBM \u010cesk\u00e1 republika, kdo ale kolik na  provoz institutu v\u011bnoval, se nedozv\u00edme.<\/p>\n<p>Proto\u017ee u\u017e je to n\u011bkolik dn\u00ed, co jsem sv\u016fj dotaz up\u0159esnil a st\u00e1le \u010dek\u00e1m  na odpov\u011b\u010f, d\u00e1 se usuzovat, \u017ee think-tank z\u0159ejm\u011b \u017e\u00e1dn\u00e9 v\u00fdro\u010dn\u00ed zpr\u00e1vy  nezhotovuje. Hospoda\u0159en\u00ed pak asi tak\u00e9 nebude pr\u016fhledn\u00e9, kdy\u017e ani nen\u00ed  snaha odpov\u011bd\u011bt na jednoduch\u00fd dotaz.<\/p>\n<p>\u017de se projekt z\u0159ejm\u011b moc nepovedl, pozn\u00e1me ale hlavn\u011b z toho, kdy\u017e  realitu srovn\u00e1me s t\u00edm, jak o think-tanku mluvil s\u00e1m \u0160vejnar v  minulosti.<\/p>\n<p>Nap\u0159\u00edklad v b\u0159eznu 2009 tvrdil, \u017ee kdyby zde existoval funguj\u00edc\u00ed  think-tank, kter\u00fd by analyzoval ekonomick\u00e9 trendy (t\u00edm myslel ten sv\u016fj  vysn\u011bn\u00fd), asi by p\u0159edpov\u011bd\u011bl i sou\u010dasnou hospod\u00e1\u0159skou krizi.<\/p>\n<p>&#8222;Chci, abychom zde m\u011bli instituci, kter\u00e1 by propojovala na\u0161e mlad\u00e9  specialisty s jejich etablovan\u00fdmi prot\u011bj\u0161ky u n\u00e1s i ve sv\u011bt\u011b. Abychom  t\u011b\u017eili z toho nejlep\u0161\u00edho, co je k dispozici, a byli to schopni p\u0159edat  b\u011b\u017en\u011b vzd\u011blan\u00e9mu \u010dlov\u011bku. V\u00fdstupy by se daly pou\u017e\u00edt jak v ob\u010dansk\u00e9m  \u017eivot\u011b, tak v politice,&#8220; \u0159\u00edkal tak\u00e9 tehdy \u0160vejnar v rozhovoru.<\/p>\n<p>Na dotaz, zda by mohl jmenovat dv\u011b t\u0159i osobnosti, kter\u00e9 by r\u00e1d ve sv\u00e9m  think-tanku vid\u011bl, odpov\u011bd\u011bl: &#8222;J\u00e1 si mysl\u00edm, \u017ee t\u011bch jmen m\u016f\u017ee b\u00fdt v\u00edc.  O\u010dek\u00e1v\u00e1m, \u017ee v\u0161ichni experti-senio\u0159i ji\u017e n\u011bkde maj\u00ed st\u00e1l\u00e9 z\u00e1vazky. My  bychom je proto z\u00edsk\u00e1vali na \u010d\u00e1ste\u010dn\u00fd \u00favazek. Mezi zahrani\u010dn\u00edmi jm\u00e9ny,  kter\u00e1 by lid\u00e9 znali, uvedu z oblasti ekonomie Josepha Stiglitze nebo  Garyho Beckera.&#8220;<\/p>\n<p>To se evidentn\u011b \u0160vejnarovi zat\u00edm nepoda\u0159ilo, mezi pracovn\u00edky  think-tanku najdeme jen \u010desk\u00e1 jm\u00e9na typu Libor Du\u0161ek, Petr Jansk\u00fd, Kl\u00e1ra  Kal\u00ed\u0161kov\u00e1, Ond\u0159ej Schneider. Na fotografii se \u0160vejnarem vypadaj\u00ed sp\u00ed\u0161e  jako \u017e\u00e1\u010dci kolem sv\u00e9ho profesora. Pov\u011bdom\u00fd mi je jen Petr J\u00e1nsk\u00fd. \u010c\u00edm?  Hled\u00e1m na internetu. Ano, tady: autor tzv. indexu zad\u00e1v\u00e1n\u00ed ve\u0159ejn\u00fdch  zak\u00e1zek, na jeho\u017e z\u00e1klad\u011b ozna\u010dil britsk\u00fd \u010dasopis \u00b4The Economist\u00b4 \u010ceskou  republiku za &#8222;ukraden\u00fd st\u00e1t&#8220; a &#8222;hnij\u00edc\u00ed partitokracii&#8220; &#8211; \u010dl\u00e1nek, nad  kter\u00fdm pravdol\u00e1ska\u0159i slastn\u011b pomlask\u00e1vaj\u00ed. Jestli tohle maj\u00ed b\u00fdt v\u00fdstupy  &#8222;nez\u00e1visl\u00e9ho&#8220; think-tanku, pak se tedy skute\u010dn\u011b p\u0159edvedl.<\/p>\n<p>A co maj\u00ed na kont\u011b d\u00e1l? Za rok 2012 je na webov\u00e9 str\u00e1nce institutu jen  p\u011bt zpr\u00e1v. Za rok p\u0159edchoz\u00ed 9 zpr\u00e1v. Za roky 2010 a 2009 (kdy to cel\u00e9  vzniklo) zpr\u00e1va \u017e\u00e1dn\u00e1. Jak tomu rozum\u011bt? \u0160vejnar ho v roce 2009 zalo\u017eil,  ale dal\u0161\u00ed dva roky se nic ned\u011blo? Tak\u017ee to asi tak \u00fapln\u011b nezalo\u017eil&#8230;<\/p>\n<p>Institut uspo\u0159\u00e1dal za celou dobu (2009-2012) jen p\u011bt diskuz\u00ed, debat \u010di  panel\u016f. Vydal i n\u011bkolik publikac\u00ed (kone\u010dn\u011b, to za\u010d\u00edn\u00e1 zav\u00e1n\u011bt aktivitou,  \u0159\u00edk\u00e1m si, kdy\u017e se proklik\u00e1m na jejich seznam), ale p\u0159i bli\u017e\u0161\u00edm zkoum\u00e1n\u00ed  zjist\u00edme, \u017ee jde pov\u011bt\u0161inou o novinov\u00e9 \u010dl\u00e1nky \u010di kr\u00e1tk\u00e9 studie v d\u00e9lce  maxim\u00e1ln\u011b p\u011bti stran.<\/p>\n<p>Zkr\u00e1tka &#8211; mozkovna jak bl\u00e1zen. P\u0159esv\u011bd\u010dte se sami. Jejich str\u00e1nky m\u00e1te prosl\u00edd\u011bn\u00e9 za p\u011bt minut.<\/p>\n<p>Tak \u017ee by nakonec m\u011bl ten Jakl pravdu? \u0160vejnar sice n\u011bco zalo\u017eil, ale  nikdo o tom nev\u00ed. T\u00edmto \u010dl\u00e1nkem se o think-tanku IDEA mo\u017en\u00e1 n\u011bkdo  kone\u010dn\u011b dozv\u00ed. Ale na p\u0159edn\u00e1\u0161ku, kde by se n\u011bco zaj\u00edmav\u00e9ho sly\u0161el, si  Jakl m\u016f\u017ee nechat zaj\u00edt chu\u0165&#8230;<\/p>\n<p>\u0160vejnar\u016fv think-tank je toti\u017e tak trochu pap\u00edrov\u00fdm think-tankem. Takhle  to zkr\u00e1tka dopad\u00e1, kdy\u017e si n\u011bkdo ze z\u00e1mo\u0159\u00ed mysl\u00ed, \u017ee n\u00e1m p\u0159edvede, jak  se to m\u00e1 spr\u00e1vn\u011b d\u011blat&#8230;<\/p>\n<p><a href=\"http:\/\/freeglobe.parlamentnilisty.cz\/Articles\/1846-svejnar-prevezl-jakla-nebo-neprevezl-.aspx\" target=\"_blank\">Zdroj<\/a><\/p>\n","protected":false},"excerpt":{"rendered":"<p>M\u011bl to b\u00fdt institut, ze kter\u00e9ho si \u010cesk\u00e1 republika sedne na zadek. Think-tank, na kter\u00fd jsme tady netrp\u011bliv\u011b \u010dekali. Nakonec to nen\u00ed tak hork\u00e9. Nejsp\u00ed\u0161e jste o n\u011bm ani nesly\u0161eli. Jako j\u00e1.<\/p>\n","protected":false},"author":1,"featured_media":0,"comment_status":"open","ping_status":"open","sticky":false,"template":"","format":"standard","meta":{"ngg_post_thumbnail":0,"footnotes":""},"categories":[11],"tags":[],"class_list":["post-1938","post","type-post","status-publish","format-standard","hentry","category-ozvena"],"_links":{"self":[{"href":"https:\/\/www.ladislavjakl.cz\/index.php?rest_route=\/wp\/v2\/posts\/1938","targetHints":{"allow":["GET"]}}],"collection":[{"href":"https:\/\/www.ladislavjakl.cz\/index.php?rest_route=\/wp\/v2\/posts"}],"about":[{"href":"https:\/\/www.ladislavjakl.cz\/index.php?rest_route=\/wp\/v2\/types\/post"}],"author":[{"embeddable":true,"href":"https:\/\/www.ladislavjakl.cz\/index.php?rest_route=\/wp\/v2\/users\/1"}],"replies":[{"embeddable":true,"href":"https:\/\/www.ladislavjakl.cz\/index.php?rest_route=%2Fwp%2Fv2%2Fcomments&post=1938"}],"version-history":[{"count":1,"href":"https:\/\/www.ladislavjakl.cz\/index.php?rest_route=\/wp\/v2\/posts\/1938\/revisions"}],"predecessor-version":[{"id":1939,"href":"https:\/\/www.ladislavjakl.cz\/index.php?rest_route=\/wp\/v2\/posts\/1938\/revisions\/1939"}],"wp:attachment":[{"href":"https:\/\/www.ladislavjakl.cz\/index.php?rest_route=%2Fwp%2Fv2%2Fmedia&parent=1938"}],"wp:term":[{"taxonomy":"category","embeddable":true,"href":"https:\/\/www.ladislavjakl.cz\/index.php?rest_route=%2Fwp%2Fv2%2Fcategories&post=1938"},{"taxonomy":"post_tag","embeddable":true,"href":"https:\/\/www.ladislavjakl.cz\/index.php?rest_route=%2Fwp%2Fv2%2Ftags&post=1938"}],"curies":[{"name":"wp","href":"https:\/\/api.w.org\/{rel}","templated":true}]}}