{"id":1957,"date":"2012-06-08T16:12:21","date_gmt":"2012-06-08T14:12:21","guid":{"rendered":"http:\/\/www.ladislavjakl.cz\/?p=1957"},"modified":"2012-06-08T16:27:26","modified_gmt":"2012-06-08T14:27:26","slug":"tento-senat-prezidentu-klausovi-odmitne-jakeohokoli-kandidata-rika-ladislav-jakl","status":"publish","type":"post","link":"https:\/\/www.ladislavjakl.cz\/?p=1957","title":{"rendered":"Tento Sen\u00e1t prezidentu Klausovi odm\u00edtne jak\u00e9hokoli kandid\u00e1ta, \u0159\u00edk\u00e1 Ladislav Jakl"},"content":{"rendered":"<p>RADIO\u017dURN\u00c1L, 6. 6. 2012, 21.05\u00a0 Moder\u00e1tor: Jan RICHTER<br \/>\n<!--more--><\/p>\n<p><strong>Jan RICHTER, moder\u00e1tor:<br \/>\nDnes vypr\u0161el desetilet\u00fd mand\u00e1t \u00fastavn\u00edmu soudci Petru Ducho\u0148ovi. \u00dastavn\u00ed soud tak bude m\u00edt m\u00edsto 15 jen 13 soudc\u016f, proto\u017ee letos u\u017e vypr\u0161el mand\u00e1t i soudkyni Eli\u0161ce Wagnerov\u00e9. Kandid\u00e1ty na \u00fastavn\u00ed soudce navrhuje prezident. Sen\u00e1t ale V\u00e1clavu Klausovi zam\u00edtl u\u017e osm kandid\u00e1t\u016f. Prezident\u016fv tajemn\u00edk Ladislav Jakl odm\u00edtav\u00fd postoj sen\u00e1tu p\u0159edpokl\u00e1d\u00e1 i v budoucnosti.<\/strong><\/p>\n<p>Ladislav JAKL, tajemn\u00edk prezidenta:<br \/>\nJ\u00e1 jsme p\u0159esv\u011bd\u010den, \u017ee Sen\u00e1t v tomto slo\u017een\u00ed, kde m\u00e1 v\u011bt\u0161inu soci\u00e1ln\u00ed demokracie, je rozhodnut tomuto prezidentovi, prezidentu V\u00e1clavu Klausovi, neschv\u00e1lit u\u017e \u017e\u00e1dn\u00fd n\u00e1vrh. Prost\u011b m\u00e1 pocit, \u017ee si m\u016f\u017ee po\u010dkat na prezidenta p\u0159\u00ed\u0161t\u00edho, z\u0159ejm\u011b asi v\u00ed, kdo to bude, a potom vyu\u017e\u00edt spolupr\u00e1ce s n\u011bjak\u00fdm p\u0159\u00edpadn\u00fdm p\u0159\u00ed\u0161t\u00edm prezidentem sob\u011b naklon\u011bn\u00fdm k tomu, aby obsadil \u00dastavn\u00ed soud sv\u00fdmi favority. Podobn\u00e9 hlasy byly sly\u0161et v kulo\u00e1rech ze Sen\u00e1tu, \u017ee je vlastn\u011b \u00fapln\u011b jedno, koho prezident Klaus navrhuje, proto\u017ee mu tento Sen\u00e1t u\u017e \u017e\u00e1dn\u00e9ho schv\u00e1lit nechce.<\/p>\n<p><strong>Jan RICHTER, moder\u00e1tor:<br \/>\nJe to skute\u010dn\u011b jedno? Nemysl\u00edte, \u017ee by m\u011bl pan prezident Klaus nap\u0159\u00edklad konzultovat ten sv\u016fj v\u00fdb\u011br s n\u011bjak\u00fdm \u0161ir\u0161\u00edm okruhem pr\u00e1vn\u00edk\u016f tak, aby jaksi sen\u00e1t nakonec schv\u00e1lil ty kandid\u00e1ty?<\/strong><\/p>\n<p>Ladislav JAKL, tajemn\u00edk prezidenta:<br \/>\nNikdy jsem nesly\u0161el, \u017ee by nap\u0159\u00edklad akademick\u00e9 sen\u00e1ty \u010desk\u00fdch vysok\u00fdch \u0161kol konzultovaly s panem prezidentem, koho sm\u011bj\u00ed zvolit za kandid\u00e1ta na rektora, ani jsem nesly\u0161el, \u017ee by nap\u0159\u00edklad resort spravedlnosti p\u0159edem konzultoval s prezidentem republiky, koho sm\u00ed prezidentu republiky navrhnout jako soudce. Pokud by toti\u017e n\u011bco takov\u00e9ho prob\u00edhalo, tak by to bylo poru\u0161en\u00ed d\u011blby moci tak, jak je zakotvena v \u00fastav\u011b. Ta o generov\u00e1n\u00ed soudc\u016f \u00dastavn\u00edho soudu \u0159\u00edk\u00e1 jasn\u00e9 v\u011bci: prezident republiky navrhuje, Sen\u00e1t vyslovuje souhlas, prezident republiky n\u00e1sledn\u011b jmenuje. Po\u017eadavky na p\u0159ednostn\u00ed konzultace jsou vlastn\u011b pr\u016flomem do \u010d\u00e1sti kompetence, kter\u00e1 n\u00e1le\u017e\u00ed prezidentovi a projevem snahy ten proces ovl\u00e1dnout cel\u00fd.<\/p>\n<p><strong>Jan RICHTER, moder\u00e1tor:<br \/>\nSm\u00ed\u0159\u00ed se pan prezident s t\u00edm, \u017ee jak \u0159\u00edk\u00e1te, \u017ee je mo\u017en\u00e9, \u017ee mu sen\u00e1t u\u017e \u017e\u00e1dn\u00e9ho kandid\u00e1ta neschv\u00e1l\u00ed? M\u00e1 n\u011bjak\u00e9 dal\u0161\u00ed kandid\u00e1ty v z\u00e1loze, kter\u00e9 t\u0159eba navrhne v pr\u016fb\u011bhu tohoto roku?<\/strong><\/p>\n<p>Ladislav JAKL, tajemn\u00edk prezidenta:<br \/>\nPan prezident se tou v\u011bc\u00ed v\u00e1\u017en\u011b zab\u00fdv\u00e1. Koneckonc\u016f, nen\u00ed to poprv\u00e9, nejt\u011b\u017e\u0161\u00ed situace byla t\u011bsn\u011b po n\u00e1stupu prezidenta V\u00e1clava Klause do prvn\u00edho funk\u010dn\u00edho obdob\u00ed, kdy skon\u010dil mand\u00e1t t\u00e9m\u011b\u0159 nar\u00e1z osmi n\u011bkdej\u0161\u00edm \u00fastavn\u00edm soudc\u016fm. Mo\u017en\u00e1 to bylo i jistou nedomy\u0161lenost\u00ed tv\u016frc\u016f \u00fastavy, mo\u017en\u00e1, \u017ee m\u011bli vymyslet n\u011bco jako postupn\u00fd mand\u00e1t, jako vymysleli u sen\u00e1tor\u016f, aby nekon\u010dil v\u0161em najednou. Tehdy se t\u00edm pan prezident Klaus zab\u00fdval velmi v\u00e1\u017en\u011b, zab\u00fdv\u00e1 se i t\u00edm te\u010f. Rozhodn\u011b si p\u0159eje \u00dastavn\u00ed soud jak napln\u011bn\u00fd kvalitn\u00edmi soudci, tak funk\u010dn\u011b v pln\u00e9m slo\u017een\u00ed. Tak\u017ee se t\u00edm zab\u00fdv\u00e1, ale ono to nen\u00ed jednoduch\u00e9 splnit v\u0161echna krit\u00e9ria, kter\u00e1 by ten \u010dlov\u011bk m\u011bl jako kandid\u00e1t spl\u0148ovat na funkci \u00fastavn\u00edho soudu a z\u00e1rove\u0148, aby von\u011bl na tal\u00ed\u0159i sen\u00e1tor\u016fm, hlavn\u011b t\u011bm ze soci\u00e1ln\u00ed demokracie.<\/p>\n<p><strong>Jan RICHTER, moder\u00e1tor:<br \/>\n\u010cili, m\u016f\u017eeme o\u010dek\u00e1vat, \u017ee pan prezident je\u0161t\u011b letos p\u0159ijde s n\u011bjak\u00fdmi kandid\u00e1ty?<\/strong><\/p>\n<p>Ladislav JAKL, tajemn\u00edk prezidenta:<br \/>\nJ\u00e1 v\u016fbec nechci mluvit za pana prezidenta a za to, co se stane v p\u0159\u00ed\u0161t\u00edch m\u011bs\u00edc\u00edch, ale v ka\u017ed\u00e9m p\u0159\u00edpad\u011b lze o\u010dek\u00e1vat, \u017ee pan prezident se t\u00e9to role nijak nevzd\u00e1v\u00e1, \u017ee se o to bude nad\u00e1le sna\u017eit. Jak\u00fd bude v\u00fdsledek, to j\u00e1 te\u010f opravdu neum\u00edm \u0159\u00edci.<\/p>\n<p>Rozhovor ze z\u00e1znamu <a href=\"http:\/\/prehravac.rozhlas.cz\/audio\/2649107\" target=\"_blank\">ZDE<\/a><\/p>\n","protected":false},"excerpt":{"rendered":"<p>RADIO\u017dURN\u00c1L, 6. 6. 2012, 21.05\u00a0 Moder\u00e1tor: Jan RICHTER<\/p>\n","protected":false},"author":1,"featured_media":0,"comment_status":"open","ping_status":"open","sticky":false,"template":"","format":"standard","meta":{"ngg_post_thumbnail":0,"footnotes":""},"categories":[13],"tags":[],"class_list":["post-1957","post","type-post","status-publish","format-standard","hentry","category-rozhovory"],"_links":{"self":[{"href":"https:\/\/www.ladislavjakl.cz\/index.php?rest_route=\/wp\/v2\/posts\/1957","targetHints":{"allow":["GET"]}}],"collection":[{"href":"https:\/\/www.ladislavjakl.cz\/index.php?rest_route=\/wp\/v2\/posts"}],"about":[{"href":"https:\/\/www.ladislavjakl.cz\/index.php?rest_route=\/wp\/v2\/types\/post"}],"author":[{"embeddable":true,"href":"https:\/\/www.ladislavjakl.cz\/index.php?rest_route=\/wp\/v2\/users\/1"}],"replies":[{"embeddable":true,"href":"https:\/\/www.ladislavjakl.cz\/index.php?rest_route=%2Fwp%2Fv2%2Fcomments&post=1957"}],"version-history":[{"count":4,"href":"https:\/\/www.ladislavjakl.cz\/index.php?rest_route=\/wp\/v2\/posts\/1957\/revisions"}],"predecessor-version":[{"id":1959,"href":"https:\/\/www.ladislavjakl.cz\/index.php?rest_route=\/wp\/v2\/posts\/1957\/revisions\/1959"}],"wp:attachment":[{"href":"https:\/\/www.ladislavjakl.cz\/index.php?rest_route=%2Fwp%2Fv2%2Fmedia&parent=1957"}],"wp:term":[{"taxonomy":"category","embeddable":true,"href":"https:\/\/www.ladislavjakl.cz\/index.php?rest_route=%2Fwp%2Fv2%2Fcategories&post=1957"},{"taxonomy":"post_tag","embeddable":true,"href":"https:\/\/www.ladislavjakl.cz\/index.php?rest_route=%2Fwp%2Fv2%2Ftags&post=1957"}],"curies":[{"name":"wp","href":"https:\/\/api.w.org\/{rel}","templated":true}]}}